{"id":51065,"date":"2025-08-16T09:12:07","date_gmt":"2025-08-16T09:12:07","guid":{"rendered":"https:\/\/www.europesays.com\/es\/51065\/"},"modified":"2025-08-16T09:12:07","modified_gmt":"2025-08-16T09:12:07","slug":"reeditan-el-libro-que-cambio-la-educacion-artistica-en-mexico-en-el-siglo-xx","status":"publish","type":"post","link":"https:\/\/www.europesays.com\/es\/51065\/","title":{"rendered":"Reeditan el libro que cambi\u00f3 la educaci\u00f3n art\u00edstica en M\u00e9xico en el siglo XX"},"content":{"rendered":"<p itemprop=\"description\" class=\"sc__font-paragraph\">Entre 1921 y 1924, el pintor, cineasta, te\u00f3rico del arte y promotor cultural <a itemprop=\"url\" href=\"https:\/\/www.eluniversal.com.mx\/cultura\/la-evolucion-de-gilberto-aceves-navarro-en-el-munae\/\" target=\"_blank\" rel=\"noreferrer nofollow noopener\" title=\"https:\/\/www.eluniversal.com.mx\/cultura\/la-evolucion-de-gilberto-aceves-navarro-en-el-munae\/\"><b>Adolfo Best Maugard<\/b><\/a> cre\u00f3 el<b> M\u00e9todo de dibujo. Tradici\u00f3n, resurgimiento y evoluci\u00f3n del arte mexicano<\/b>. La iniciativa era novedosa, no s\u00f3lo porque propon\u00eda un m\u00e9todo para dibujar con base en siete elementos gr\u00e1ficos esenciales: <b>espiral, c\u00edrculo, semic\u00edrculo o figura \u201cm\u201d, figura \u201cs\u201d, l\u00ednea zigzag, l\u00ednea ondulada y l\u00ednea recta<\/b>, sino porque, sobre todo, consist\u00eda en l\u00edneas y formas derivadas de <b>tradiciones prehisp\u00e1nicas o populares<\/b> con los que <b>Best Maugard<\/b> busc\u00f3 renovar la <a itemprop=\"url\" href=\"https:\/\/www.eluniversal.com.mx\/cultura\/insuficiente-programa-de-educacion-artistica-del-estado-mexicano\/\" target=\"_blank\" rel=\"noreferrer nofollow noopener\" title=\"https:\/\/www.eluniversal.com.mx\/cultura\/insuficiente-programa-de-educacion-artistica-del-estado-mexicano\/\"><b>educaci\u00f3n art\u00edstica mexicana<\/b><\/a> desde una ra\u00edz cultural propia, distanciado de los c\u00e1nones acad\u00e9micos europeos.<\/p>\n<p itemprop=\"description\" class=\"sc__font-paragraph\">Ese libro que fue editado por <b>Miguel Covarrubias<\/b> y que incluy\u00f3 tambi\u00e9n una selecci\u00f3n de 13 ilustraciones a color realizadas por alumnos de escuelas p\u00fablicas que adoptaron el \u201csistema Best\u201d en la materia denominada Dibujo mexicano, fue publicado originalmente en 1923 por el Departamento editorial de la <b>Secretar\u00eda de Educaci\u00f3n<\/b> y se inscribi\u00f3 en un movimiento de <b>arte social mexicano<\/b> nacionalista que pretend\u00eda \u201calfabetizar\u201d al pueblo de <b>M\u00e9xico<\/b> desde el arte.<\/p>\n<p itemprop=\"description\" class=\"sc__font-paragraph\">El M\u00e9todo de dibujo que apenas circul\u00f3 unos a\u00f1os debido una serie de cr\u00edticas a nivel pedag\u00f3gico y art\u00edstico, ha sido publicado, en una edici\u00f3n facsimilar, por <b>Alias editorial<\/b>, con un nuevo dise\u00f1o de forros y un ep\u00edlogo contempor\u00e1neo del doctor en Arte, <b>Sergio Ra\u00fal Arroyo<\/b>, en el que el tambi\u00e9n etn\u00f3logo y antrop\u00f3logo pone en su justa dimensi\u00f3n esta obra que marc\u00f3 a una generaci\u00f3n de artistas e incluso para algunos, sent\u00f3 las bases del nacionalismo pl\u00e1stico en M\u00e9xico.<\/p>\n<p itemprop=\"description\" class=\"sc__font-paragraph\"><b>Lee tambi\u00e9n <\/b><a itemprop=\"url\" href=\"https:\/\/www.eluniversal.com.mx\/cultura\/fbi-recupera-una-segunda-carta-de-hernan-cortes-el-documento-fue-robada-del-agn\/\" target=\"_blank\" rel=\"noreferrer nofollow noopener\" title=\"https:\/\/www.eluniversal.com.mx\/cultura\/fbi-recupera-una-segunda-carta-de-hernan-cortes-el-documento-fue-robada-del-agn\/\"><b>FBI recupera una segunda carta de Hern\u00e1n Cort\u00e9s; el documento fue robado del AGN<\/b><\/a><\/p>\n<p itemprop=\"description\" class=\"sc__font-paragraph\">\u201cLas cosas no nacen solas. El M\u00e9todo es parte de todo un proceso que no solamente es de los a\u00f1os posteriores a la Revoluci\u00f3n. Viene desde el siglo XIX, en realidad, hay una especie de reivindicaci\u00f3n de la mexicanidad a trav\u00e9s del mundo prehisp\u00e1nico. Se ejerce, al principio, digamos, que yo casi pienso que a partir de 1825 con el Museo Mexicano que funda el primer presidente de M\u00e9xico, Guadalupe Victoria, pero que, en los a\u00f1os, sobre todo ya del Porfirismo, cobr\u00f3 una fuerza muy grande\u201d, afirma Sergio Ra\u00fal Arroyo, autor del ep\u00edlogo \u201cEl dandy y los arcanos. Seis apuntes sobre el \u2018M\u00e9todo de dibujo\u2019 de Adolfo Best Maugard\u201d, que incluye la edici\u00f3n facsimilar.<\/p>\n<p itemprop=\"description\" class=\"sc__font-paragraph\">El escritor y curador de exposiciones en museos como el Ermitage, Guggenheim, el Palacio de Bellas Artes, el Museo Nacional de Antropolog\u00eda y el Museo Nacional de Arte asegura en entrevista que, lo original del M\u00e9todo es la b\u00fasqueda de una graf\u00eda propia y una tipolog\u00eda sobre l\u00edneas b\u00e1sicas con las que se puede realizar y desarrollar, con sus diferentes variantes, una nueva forma de dibujo.<\/p>\n<p itemprop=\"description\" class=\"sc__font-paragraph\">\u201cEs una b\u00fasqueda importante para encontrar lo que yo llamar\u00eda la fisis gr\u00e1fica del mundo antiguo mexicano\u201d, sin embargo, su fin no es utilizarlo para las reivindicaciones art\u00edsticas del presente. Dice que eso es algo que implica una experiencia en la que todav\u00eda hoy d\u00eda tenemos que ver su eficacia, ver realmente qu\u00e9 tan profundamente pudo ahondar en la estrategia educativa.<\/p>\n<p itemprop=\"description\" class=\"sc__font-paragraph\"><b>Lee tambi\u00e9n <\/b><a itemprop=\"url\" href=\"https:\/\/www.eluniversal.com.mx\/nacion\/defensa-realiza-ceremonia-de-premiacion-del-primer-concurso-de-dibujo-del-dia-del-perro-estos-son-los-ganadores\/\" target=\"_blank\" rel=\"noreferrer nofollow noopener\" title=\"https:\/\/www.eluniversal.com.mx\/nacion\/defensa-realiza-ceremonia-de-premiacion-del-primer-concurso-de-dibujo-del-dia-del-perro-estos-son-los-ganadores\/\"><b>Defensa realiza ceremonia de Premiaci\u00f3n del primer Concurso de Dibujo del \u201cD\u00eda del Perro\u201d; estos son los ganadores<\/b><\/a><\/p>\n<p itemprop=\"description\" class=\"sc__font-paragraph\">Apunta que es muy interesante por la propuesta de ver al mundo ind\u00edgena, pero no hay que mitificarlo a un siglo de distancia. \u201cEl M\u00e9todo es muy importante por muchas cosas. Se puede a\u00fan experimentar, habr\u00e1 artistas y profesionales que quieran experimentar con \u00e9l, desde luego, pero es una de las posibilidades de poder hacer un estudio de lo que ser\u00eda el arte, sobre todo en t\u00e9rminos lineales, un arte real\u201d, apunta Arroyo, quien agrega que se trata de un m\u00e9todo pr\u00e1ctico para establecer una especie de perfil y personalidad propia en el dibujo en la educaci\u00f3n de los mexicanos.<\/p>\n<p itemprop=\"description\" class=\"sc__font-paragraph\">Sin embargo, afirma que no podemos circunscribir el M\u00e9todo a una especie de piedra filosofal que nos permitiera trabajar en todas las escuelas, en todo el pa\u00eds. \u201cMe parecer\u00eda incluso absurdo, no es eso lo que se necesita; lo que se necesita es verlo con ojos cr\u00edticos, insertarlo en los programas de estudio, pero para conocerlo, no para seguirlo inalterablemente, sino para utilizarlo en muchos casos\u201d.<\/p>\n<p itemprop=\"description\" class=\"sc__font-paragraph\">Recuerda que varios pintores lo utilizaron. El muy joven Rufino Tamayo lo lleg\u00f3 a aplicar de una manera interesante, pero hasta all\u00ed. \u201cNo hay que mitificar las cosas, porque si no vamos a caer en una especie de chauvinismo est\u00e9tico que nos puede encerrar en una jaula\u201d.<\/p>\n<p><img decoding=\"async\" width=\"0\" height=\"620\" resizedwidth=\"0\" resizedheight=\"620\" class=\"story__img block w-full h-auto md:h-full object-cover\" src=\"https:\/\/www.europesays.com\/es\/wp-content\/uploads\/2025\/08\/4BBVUAE4E5CUPLNFQJVPHJ3D6A.png\" alt=\"Foto: Alias Editorial\" auth=\"836c42b4048737a3643ac3a54157b02158266f43d2dc49a484cd1d3a608bbff8\" loading=\"eager\" fetchpriority=\"high\"\/><\/p>\n<p>Foto: Alias Editorial<\/p>\n<p itemprop=\"description\" class=\"sc__font-paragraph\"><b>Lee tambi\u00e9n <\/b><a itemprop=\"url\" href=\"https:\/\/www.eluniversal.com.mx\/cultura\/confabulario\/la-pintura-mural-de-los-antiguos-sabores-mayas\/\" target=\"_blank\" rel=\"noreferrer nofollow noopener\" title=\"https:\/\/www.eluniversal.com.mx\/cultura\/confabulario\/la-pintura-mural-de-los-antiguos-sabores-mayas\/\"><b>La pintura mural de los antiguos sabores mayas<\/b><\/a><\/p>\n<p itemprop=\"description\" class=\"sc__font-paragraph\">Y celebra la edici\u00f3n facsimilar que ha hecho Alias. \u201cGran parte del valor que tiene la edici\u00f3n que ha producido Alias es que tiene justamente la posibilidad de que podamos voltear los ojos hacia el pasado y hacer un an\u00e1lisis de lo que hemos sido. Eso yo creo que es muy interesante\u201d. <\/p>\n<p itemprop=\"description\" class=\"sc__font-paragraph\">Apunta que el \u201cM\u00e9todo de dibujo de Best Maugard es parte de una lucha est\u00e9tica, y en ese sentido es una fuente de discusi\u00f3n y es tambi\u00e9n una especie de paradigma que para algunos en un determinado momento, pero hoy, agrega, hay cosas en el arte, valios\u00edsimas, que en absoluto tienen que ver nada con eso en cuanto a planteamientos lineales.<\/p>\n<p itemprop=\"description\" class=\"sc__font-paragraph\">Afirma que esta edici\u00f3n tiene un car\u00e1cter hist\u00f3rico y de la propia morfolog\u00eda del arte mexicano, \u201ctenemos que saber ubicar cu\u00e1les son sus propios l\u00edmites, no pensar que estamos redescubriendo una fuente en la que vamos a hacer una nueva inmersi\u00f3n y de ah\u00ed vamos a hacer una mexicanidad est\u00e9tica, porque el arte ha tomado una fuerza y una universalidad\u201d.<\/p>\n<p itemprop=\"description\" class=\"sc__font-paragraph\"><b>Lee tambi\u00e9n <\/b><a itemprop=\"url\" href=\"https:\/\/www.eluniversal.com.mx\/opinion\/alberto-vital-diaz\/una-solucion-politica-gracias-a-la-literatura-1-2\/\" target=\"_blank\" rel=\"noreferrer nofollow noopener\" title=\"https:\/\/www.eluniversal.com.mx\/opinion\/alberto-vital-diaz\/una-solucion-politica-gracias-a-la-literatura-1-2\/\"><b>\u00bfUna soluci\u00f3n pol\u00edtica gracias a la literatura? (1\/ 2)<\/b><\/a><\/p>\n<p itemprop=\"description\" class=\"sc__font-paragraph\">El artista pl\u00e1stico y director de Alias editorial, Dami\u00e1n Ortega, apunta la vigencia de este m\u00e9todo de dibujo de Best Maugard para seguir revisando y discutiendo el presente. \u201cMi inter\u00e9s es traer un documento que no false\u00e9, por eso es un documento facsimilar donde uno puede leer y tambi\u00e9n aprender del pasado, conocer nuestra historia, conocer nuestras referencias para ver en qu\u00e9 puede aplicar o c\u00f3mo aplicarlo al presente, qu\u00e9 tiene sentido, qu\u00e9 es importante revalorar y tambi\u00e9n cuestionar, criticar ciertas cosas&#8230;\u201d<\/p>\n<p itemprop=\"description\" class=\"sc__font-paragraph\">Dice que obviamente el tiempo en el que se public\u00f3 el M\u00e9todo de Dibujo de Best Maugard fue un momento donde se trataba de unificar mucho a ese M\u00e9xico y se trataba de generar una identidad.<\/p>\n<p itemprop=\"description\" class=\"sc__font-paragraph\">\u201cPor ejemplo, por eso, tambi\u00e9n tenemos los libros que hizo Vasconcelos de Lecturas cl\u00e1sicas para ni\u00f1os. En esa reflexi\u00f3n tambi\u00e9n creo que es important\u00edsimo republicar o reeditar esta obra\u201d.<\/p>\n<p itemprop=\"description\" class=\"sc__font-paragraph\"><b>Lee tambi\u00e9n <\/b><a itemprop=\"url\" href=\"https:\/\/www.eluniversal.com.mx\/cultura\/la-violencia-de-hoy-es-mas-que-maldad-estela-ruiz-milan\/\" target=\"_blank\" rel=\"noreferrer nofollow noopener\" title=\"https:\/\/www.eluniversal.com.mx\/cultura\/la-violencia-de-hoy-es-mas-que-maldad-estela-ruiz-milan\/\"><b>\u201cLa violencia de hoy es m\u00e1s que maldad\u201d: Estela Ruiz Mil\u00e1n<\/b><\/a><\/p>\n<p itemprop=\"description\" class=\"sc__font-paragraph\">Para el artista mexicano y creador de instalaciones como Cosmic Thing, as\u00ed como de piezas fotogr\u00e1ficas y obras cinematogr\u00e1ficas, es importante enfrentarse a la historia. \u201cEs importante disfrutarla, festejarla y tambi\u00e9n cuestionarla. Para eso est\u00e1 la colecci\u00f3n Ant\u00edtesis en la que se publica el M\u00e9todo\u201d.<\/p>\n<p itemprop=\"description\" class=\"sc__font-paragraph\">Y enfatiza que s\u00ed hay una pertinencia de pensar en la educaci\u00f3n art\u00edstica desde la educaci\u00f3n b\u00e1sica. \u201cHay instituciones de educaci\u00f3n art\u00edstica, claro que faltan, pero tambi\u00e9n creo que hay mucho y est\u00e1 ah\u00ed la gente haciendo un trabajo tambi\u00e9n incre\u00edblemente valioso\u201d.<\/p>\n<p itemprop=\"description\" class=\"sc__font-paragraph\">Sergio Ra\u00fal Arroyo insiste en que lo importante tambi\u00e9n es ver el M\u00e9todo de dibujo de Adolfo Best Maugard con ojos cr\u00edticos.<\/p>\n<p><img decoding=\"async\" width=\"0\" height=\"620\" resizedwidth=\"0\" resizedheight=\"620\" class=\"story__img block w-full h-auto md:h-full object-cover\" src=\"https:\/\/www.europesays.com\/es\/wp-content\/uploads\/2025\/08\/GV4Z52JDMBHI7IAZ2ERPZ7CR4E.png\" alt=\"Foto: Alias Editorial\" auth=\"b01e58f9298964141dc8152596eeed629fdc8deebaeb69ba10171821e2c5ccae\" loading=\"eager\" fetchpriority=\"high\"\/><\/p>\n<p>Foto: Alias Editorial<\/p>\n<p itemprop=\"description\" class=\"sc__font-paragraph\"><b>Lee tambi\u00e9n <\/b><a itemprop=\"url\" href=\"https:\/\/www.eluniversal.com.mx\/metropoli\/clara-brugada-anuncia-programa-educacion-utopia-en-escuelas-de-cdmx-buscan-acercar-a-estudiantes-a-las-artes-cultura-y-tecnologia\/\" target=\"_blank\" rel=\"nofollow noopener\" title=\"https:\/\/www.eluniversal.com.mx\/metropoli\/clara-brugada-anuncia-programa-educacion-utopia-en-escuelas-de-cdmx-buscan-acercar-a-estudiantes-a-las-artes-cultura-y-tecnologia\/\"><b>Clara Brugada anuncia programa \u201cEducaci\u00f3n Utop\u00eda\u201d en escuelas de CDMX; buscan acercar a estudiantes a las artes, cultura y tecnolog\u00eda<\/b><\/a><\/p>\n<p itemprop=\"description\" class=\"sc__font-paragraph\">\u201cMe parece muy interesante, en primer lugar, como dato arqueol\u00f3gico, porque efectivamente es la b\u00fasqueda de una \u00e9poca, la b\u00fasqueda de un cierto tipo de mentalidad nacionalista que prevaleci\u00f3 en esa \u00e9poca y eso le da ya un valor muy espec\u00edfico, pero, serenamente, hay que revisar estos intentos, verlos en su dimensi\u00f3n hist\u00f3rica, ver cu\u00e1les son sus fundamentos, cu\u00e1les han sido sus alcances\u201d.<\/p>\n<p itemprop=\"description\" class=\"sc__font-paragraph\">La edici\u00f3n facsimilar del M\u00e9todo de dibujo. Tradici\u00f3n, resurgimiento y evoluci\u00f3n del arte mexicano, que incluye Autorretrato, de 1923, de Adolfo Best Maugard, as\u00ed como gr\u00e1fica y Adolfo Best Maugard, de 1945, de Miguel Covarrubias, se presentar\u00e1 ma\u00f1ana en el Museo Nacional de San Carlos, a las 12:00 horas.<\/p>\n<p itemprop=\"description\" class=\"sc__font-paragraph\">En el evento se anunciar\u00e1 una convocatoria de donaciones editoriales a la Biblioteca Erik Larsen del Museo Nacional San Carlos.<\/p>\n<p><a itemprop=\"url\" href=\"https:\/\/www.eluniversal.com.mx\/cultura\/museo-nacional-de-las-intervenciones-no-cuenta-con-fauna-nociva-inah\/\" class=\"event-cardsEmbed\" data-link=\"https:\/\/www.eluniversal.com.mx\/cultura\/museo-nacional-de-las-intervenciones-no-cuenta-con-fauna-nociva-inah\/\" data-seccion=\"\/cultura\" data-id=\"IRE54AN23ZGB7K2SPLITOQNGA4\" data-date=\"2025-08-16T02:14:56.928Z\" data-title=\"Museo Nacional de las Intervenciones ya no cuenta con fauna nociva: INAH \" data-imagen=\"https:\/\/cloudfront-us-east-1.images.arcpublishing.com\/eluniversal\/U4QM3AAW6ZD6RMTIG564FWJNLY.jpg\" rel=\"nofollow noopener\" target=\"_blank\"><img decoding=\"async\" width=\"360\" height=\"269\" alt=\"Museo Nacional de las Intervenciones ya no cuenta con fauna nociva: INAH \" src=\"https:\/\/www.europesays.com\/es\/wp-content\/uploads\/2025\/08\/U4QM3AAW6ZD6RMTIG564FWJNLY.jpg\" class=\"story__img block w-full h-auto md:h-full object-cover\" loading=\"lazy\"\/><\/a><br \/>\n  <strong><br \/>\n <a href=\" https:\/\/whatsapp.com\/channel\/0029Va4lfJc1CYoM1R8IT71e\"><br \/>\n   \u00danete a nuestro canal<br \/>\n <\/a><br \/>\n <\/strong> \u00a1EL UNIVERSAL ya est\u00e1 en Whatsapp!, desde tu dispositivo m\u00f3vil ent\u00e9rate de las noticias m\u00e1s relevantes del d\u00eda, art\u00edculos de opini\u00f3n, entretenimiento, tendencias y m\u00e1s.<\/p>\n<p><\/p>\n","protected":false},"excerpt":{"rendered":"Entre 1921 y 1924, el pintor, cineasta, te\u00f3rico del arte y promotor cultural Adolfo Best Maugard cre\u00f3 el&hellip;\n","protected":false},"author":2,"featured_media":51066,"comment_status":"","ping_status":"","sticky":false,"template":"","format":"standard","meta":{"footnotes":""},"categories":[172],"tags":[22667,22668,229,224,22665,146,147,25,24,225,671,22666,1906,22669,23],"class_list":{"0":"post-51065","1":"post","2":"type-post","3":"status-publish","4":"format-standard","5":"has-post-thumbnail","7":"category-libros","8":"tag-adolfo-best-maugard","9":"tag-alianza-editorial","10":"tag-arte","11":"tag-books","12":"tag-educacion-artistica","13":"tag-entertainment","14":"tag-entretenimiento","15":"tag-es","16":"tag-espana","17":"tag-libros","18":"tag-literatura","19":"tag-metodo-de-dibujo","20":"tag-mexico","21":"tag-miguel-covarrubias","22":"tag-spain"},"share_on_mastodon":{"url":"","error":""},"_links":{"self":[{"href":"https:\/\/www.europesays.com\/es\/wp-json\/wp\/v2\/posts\/51065","targetHints":{"allow":["GET"]}}],"collection":[{"href":"https:\/\/www.europesays.com\/es\/wp-json\/wp\/v2\/posts"}],"about":[{"href":"https:\/\/www.europesays.com\/es\/wp-json\/wp\/v2\/types\/post"}],"author":[{"embeddable":true,"href":"https:\/\/www.europesays.com\/es\/wp-json\/wp\/v2\/users\/2"}],"replies":[{"embeddable":true,"href":"https:\/\/www.europesays.com\/es\/wp-json\/wp\/v2\/comments?post=51065"}],"version-history":[{"count":0,"href":"https:\/\/www.europesays.com\/es\/wp-json\/wp\/v2\/posts\/51065\/revisions"}],"wp:featuredmedia":[{"embeddable":true,"href":"https:\/\/www.europesays.com\/es\/wp-json\/wp\/v2\/media\/51066"}],"wp:attachment":[{"href":"https:\/\/www.europesays.com\/es\/wp-json\/wp\/v2\/media?parent=51065"}],"wp:term":[{"taxonomy":"category","embeddable":true,"href":"https:\/\/www.europesays.com\/es\/wp-json\/wp\/v2\/categories?post=51065"},{"taxonomy":"post_tag","embeddable":true,"href":"https:\/\/www.europesays.com\/es\/wp-json\/wp\/v2\/tags?post=51065"}],"curies":[{"name":"wp","href":"https:\/\/api.w.org\/{rel}","templated":true}]}}