{"id":51071,"date":"2025-08-16T09:15:08","date_gmt":"2025-08-16T09:15:08","guid":{"rendered":"https:\/\/www.europesays.com\/es\/51071\/"},"modified":"2025-08-16T09:15:08","modified_gmt":"2025-08-16T09:15:08","slug":"somos-unos-padres-nefastos-alexandra-jimenez-sobre-su-ultimo-papel-en-los-muertimer-libertad-digital","status":"publish","type":"post","link":"https:\/\/www.europesays.com\/es\/51071\/","title":{"rendered":"\u00abSomos unos padres nefastos\u00bb, Alexandra Jim\u00e9nez sobre su \u00faltimo papel en &#8216;Los Mu\u00e9rtimer&#8217; &#8211; Libertad Digital"},"content":{"rendered":"<p>Los Mu\u00e9rtimer no es solo el apellido de la peculiar familia que protagoniza esta <strong>nueva comedia dirigida por \u00c1lvaro Fern\u00e1ndez Armero.<\/strong> Es tambi\u00e9n el nombre de una funeraria, gestionada desde la propia vivienda familiar, con velatorios en el sal\u00f3n y un cementerio en el patio trasero. En ese entorno crece Nico, un adolescente silencioso que sufre acoso escolar debido al trabajo de sus padres. Su madre, interpretada por Alexandra Jim\u00e9nez, lo reconoce en <a href=\"https:\/\/esradio.libertaddigital.com\/es-cine\/\" rel=\"nofollow noopener\" target=\"_blank\"><strong>esCine<\/strong><\/a> de <strong>esRadio <\/strong>sin ambages: \u00abPor momentos parece que se les ha olvidado que tienen un hijo al que atender\u00bb.<\/p>\n<p>A esta peculiar rutina llega una chica francesa de intercambio. Ella ser\u00e1 quien plante cara a los abusones del instituto y se al\u00ede con Nico. Juntos descubrir\u00e1n un cad\u00e1ver y un bot\u00edn de joyas que misteriosamente desaparece, desencadenando una trama que combina misterio, ternura y un humor que nace del absurdo cotidiano.<\/p>\n<p><strong>Los personajes adultos no son villanos, pero tampoco h\u00e9roes.<\/strong> Para Jim\u00e9nez, el matrimonio Mu\u00e9rtimer es \u00abun par de padres nefastos\u00bb, encantados el uno con el otro, que \u00abest\u00e1n siempre mir\u00e1ndose a los ojos y nunca miran al ni\u00f1o\u00bb.<\/p>\n<p>La actriz confiesa que estos personajes, aunque alegres y entusiastas, son profundamente egoc\u00e9ntricos: \u00abSe recrean en sus premios de haber maquillado muertos y haber reconstruido cr\u00e1neos de manera excepcional\u00bb.<strong> La muerte, en este universo, est\u00e1 normalizada hasta el delirio.<\/strong> Lo extraordinario, lo tr\u00e1gico, se convierte en rutina. Y entre esa rutina, Nico crece sin que nadie advierta su sufrimiento.<\/p>\n<p>Una nueva amistad<\/p>\n<p>Diego Montejo, que interpreta a Nico, defiende con delicadeza el enfoque emocional del personaje: \u00abTiene la muerte s\u00faper normalizada\u00bb. Desde esa naturalidad construye un adolescente introspectivo que encuentra, en la nueva amistad, un espacio de confianza y empoderamiento. Para el actor,<strong> la evoluci\u00f3n de su personaje fue sutil:<\/strong> \u00abEmpieza de esa manera m\u00e1s t\u00edmida y luego Gaby le da fuerza, \u00e1nimos y esa valent\u00eda para poder mostrar todo lo que siente\u00bb.<\/p>\n<p>Aunque<a href=\"https:\/\/www.libertaddigital.com\/cultura\/cine\/2025-05-21\/alexandra-jimenez-un-nino-superdotado-no-era-normal-la-conversacion-que-tenia-era-la-primera-vez-que-actuaba-7255936\/\" rel=\"nofollow noopener\" target=\"_blank\"> Alexandra Jim\u00e9nez no lleva el peso principal de la historia<\/a>, su trabajo se cimenta en la precisi\u00f3n: \u00abCuando son solo pinceladas, las tienes que transmitir al espectador, pero no las va a ver\u00bb. Por ello, subraya la dificultad de <strong>lograr que un personaje epis\u00f3dico comunique todo un mundo interior en unos pocos gestos<\/strong>: \u00abTienen que estar hechas a modo de p\u00edldoras donde se vea claramente ese dibujo\u00bb. Para ella, el verdadero m\u00e9rito est\u00e1 en sus compa\u00f1eros: \u00abSe sostiene la pel\u00edcula gracias a vosotros\u00bb, declara sobre el elenco de j\u00f3venes actores.<\/p>\n<p>Celebrar lo que nos hace distintos<\/p>\n<p>Si hay un mensaje que atraviesa toda la pel\u00edcula es <strong>la reivindicaci\u00f3n de lo diferente. <\/strong>Alexandra lo expresa con ternura: \u00abLos h\u00e9roes sois vosotros. Que se coloque a dos personajes marginados como los grandes protagonistas es uno de los valores de la pel\u00edcula\u00bb. Montejo, por su parte, lo resume con naturalidad: \u00abSer diferente es lo que mola, si todos fu\u00e9semos iguales, qu\u00e9 aburrida ser\u00eda la vida\u00bb.<\/p>\n<p><strong>Pincha en el audio<\/strong> para escuchar la entrevista completa.<\/p>\n","protected":false},"excerpt":{"rendered":"Los Mu\u00e9rtimer no es solo el apellido de la peculiar familia que protagoniza esta nueva comedia dirigida por&hellip;\n","protected":false},"author":2,"featured_media":51072,"comment_status":"","ping_status":"","sticky":false,"template":"","format":"standard","meta":{"footnotes":""},"categories":[169],"tags":[22670,177,22671,22672,146,147,25,24,6750,13802,176,22673,175,3889,23],"class_list":{"0":"post-51071","1":"post","2":"type-post","3":"status-publish","4":"format-standard","5":"has-post-thumbnail","7":"category-cine","8":"tag-alexandra-jimenez","9":"tag-cine","10":"tag-cine-familiar","11":"tag-diego-montejo","12":"tag-entertainment","13":"tag-entretenimiento","14":"tag-es","15":"tag-espana","16":"tag-estrenos","17":"tag-estrenos-cine","18":"tag-film","19":"tag-los-muertimer","20":"tag-movies","21":"tag-sector-del-cine","22":"tag-spain"},"share_on_mastodon":{"url":"","error":""},"_links":{"self":[{"href":"https:\/\/www.europesays.com\/es\/wp-json\/wp\/v2\/posts\/51071","targetHints":{"allow":["GET"]}}],"collection":[{"href":"https:\/\/www.europesays.com\/es\/wp-json\/wp\/v2\/posts"}],"about":[{"href":"https:\/\/www.europesays.com\/es\/wp-json\/wp\/v2\/types\/post"}],"author":[{"embeddable":true,"href":"https:\/\/www.europesays.com\/es\/wp-json\/wp\/v2\/users\/2"}],"replies":[{"embeddable":true,"href":"https:\/\/www.europesays.com\/es\/wp-json\/wp\/v2\/comments?post=51071"}],"version-history":[{"count":0,"href":"https:\/\/www.europesays.com\/es\/wp-json\/wp\/v2\/posts\/51071\/revisions"}],"wp:featuredmedia":[{"embeddable":true,"href":"https:\/\/www.europesays.com\/es\/wp-json\/wp\/v2\/media\/51072"}],"wp:attachment":[{"href":"https:\/\/www.europesays.com\/es\/wp-json\/wp\/v2\/media?parent=51071"}],"wp:term":[{"taxonomy":"category","embeddable":true,"href":"https:\/\/www.europesays.com\/es\/wp-json\/wp\/v2\/categories?post=51071"},{"taxonomy":"post_tag","embeddable":true,"href":"https:\/\/www.europesays.com\/es\/wp-json\/wp\/v2\/tags?post=51071"}],"curies":[{"name":"wp","href":"https:\/\/api.w.org\/{rel}","templated":true}]}}