{"id":51097,"date":"2025-08-16T09:33:07","date_gmt":"2025-08-16T09:33:07","guid":{"rendered":"https:\/\/www.europesays.com\/es\/51097\/"},"modified":"2025-08-16T09:33:07","modified_gmt":"2025-08-16T09:33:07","slug":"el-joven-guitarrista-ibicenco-marc-serra-uno-de-los-tres-becados-en-todo-el-mundo-por-los-latin-grammy","status":"publish","type":"post","link":"https:\/\/www.europesays.com\/es\/51097\/","title":{"rendered":"El joven guitarrista ibicenco Marc Serra, uno de los tres becados en todo el mundo por los Latin Grammy"},"content":{"rendered":"<p>Marc Serra (Sant Josep, 2006) es un joven guitarrista, que comenz\u00f3 su aventura en la m\u00fasica en la isla siendo tan solo un ni\u00f1o, ha sido uno de los tres galardonados a nivel mundial con la beca otorgada por parte de los Latin Grammy a trav\u00e9s de la popular marca Gibson.<\/p>\n<p>El joven comenz\u00f3 en el mundo de la m\u00fasica en la isla. De muy peque\u00f1o comenz\u00f3 en academias, donde estuvo bajo la formaci\u00f3n del guitarrista Alfredo Souza y Marc Riera.<\/p>\n<p>Sin embargo, como el propio Serra detalla, fue de la mano de Norberto Rodr\u00edguez, un guitarrista cubano afincado en la isla, con quien desarroll\u00f3 al m\u00e1ximo su pasi\u00f3n por la guitarra.<\/p>\n<p>Con tan solo 14 a\u00f1os ya empez\u00f3 a dar conciertos en la isla, decidido a que el mundo de la m\u00fasica ser\u00eda su futuro. Para seguir con esta vocaci\u00f3n, decidi\u00f3 presentarse a las pruebas de acceso del Berklee College of Music, el conservatorio m\u00e1s grande del mundo, en la ciudad de Boston. Ah\u00ed lleva ya un a\u00f1o cursando sus estudios.<\/p>\n<p>Fue precisamente ah\u00ed cuando decidi\u00f3 presentarse a esta beca, que se entrega desde los Latin Grammy, resultando como uno de los tres premiados a nivel mundial.<\/p>\n<p>Patrocinada por la marca de guitarras Gibson, Serra ha obtenido una beca con valor de 12.500 euros y un instrumento de esta popular marca. Sobre este reconocimiento, el joven m\u00fasico explica que se trata de \u00abuna tremenda ayuda y un honor tanto para m\u00ed como para mi familia\u00bb.<\/p>\n","protected":false},"excerpt":{"rendered":"Marc Serra (Sant Josep, 2006) es un joven guitarrista, que comenz\u00f3 su aventura en la m\u00fasica en la&hellip;\n","protected":false},"author":2,"featured_media":51098,"comment_status":"","ping_status":"","sticky":false,"template":"","format":"standard","meta":{"footnotes":""},"categories":[174],"tags":[6081,5738,255,146,147,25,24,256,6082,6083,23],"class_list":{"0":"post-51097","1":"post","2":"type-post","3":"status-publish","4":"format-standard","5":"has-post-thumbnail","7":"category-famosos","8":"tag-actualidad-ibiza","9":"tag-al-dia","10":"tag-celebrities","11":"tag-entertainment","12":"tag-entretenimiento","13":"tag-es","14":"tag-espana","15":"tag-famosos","16":"tag-informacion-ibiza","17":"tag-lugares-ibiza","18":"tag-spain"},"share_on_mastodon":{"url":"","error":""},"_links":{"self":[{"href":"https:\/\/www.europesays.com\/es\/wp-json\/wp\/v2\/posts\/51097","targetHints":{"allow":["GET"]}}],"collection":[{"href":"https:\/\/www.europesays.com\/es\/wp-json\/wp\/v2\/posts"}],"about":[{"href":"https:\/\/www.europesays.com\/es\/wp-json\/wp\/v2\/types\/post"}],"author":[{"embeddable":true,"href":"https:\/\/www.europesays.com\/es\/wp-json\/wp\/v2\/users\/2"}],"replies":[{"embeddable":true,"href":"https:\/\/www.europesays.com\/es\/wp-json\/wp\/v2\/comments?post=51097"}],"version-history":[{"count":0,"href":"https:\/\/www.europesays.com\/es\/wp-json\/wp\/v2\/posts\/51097\/revisions"}],"wp:featuredmedia":[{"embeddable":true,"href":"https:\/\/www.europesays.com\/es\/wp-json\/wp\/v2\/media\/51098"}],"wp:attachment":[{"href":"https:\/\/www.europesays.com\/es\/wp-json\/wp\/v2\/media?parent=51097"}],"wp:term":[{"taxonomy":"category","embeddable":true,"href":"https:\/\/www.europesays.com\/es\/wp-json\/wp\/v2\/categories?post=51097"},{"taxonomy":"post_tag","embeddable":true,"href":"https:\/\/www.europesays.com\/es\/wp-json\/wp\/v2\/tags?post=51097"}],"curies":[{"name":"wp","href":"https:\/\/api.w.org\/{rel}","templated":true}]}}