{"id":51099,"date":"2025-08-16T09:36:12","date_gmt":"2025-08-16T09:36:12","guid":{"rendered":"https:\/\/www.europesays.com\/es\/51099\/"},"modified":"2025-08-16T09:36:12","modified_gmt":"2025-08-16T09:36:12","slug":"4-series-para-quedarte-helado-en-plena-ola-de-calor-este-fin-de-semana","status":"publish","type":"post","link":"https:\/\/www.europesays.com\/es\/51099\/","title":{"rendered":"4 series para quedarte \u2018helado\u2019 en plena ola de calor este fin de semana"},"content":{"rendered":"<p class=\"HOLA-ESPA-A_10c2--SUBTITULO-COCTEL ParaOverride-3\" id=\"evFAldWa--\" data-wc=\"100\">El salir a la calle \u00aba tomar el fresco\u00bb no es una soluci\u00f3n para las personas que, por &#8216;x&#8217; o por &#8216;y&#8217;,<strong>\u00a0no han conseguido escaparse a la costa a refrescarse en estos d\u00edas de agobiantes temperaturas.\u00a0<\/strong>Es por eso que, <strong>en esta inminente ola de calor, uno de los mejores planes es refugiarse en casa con el ventilador<\/strong>. Hemos hecho una <a class=\"hm-link\" href=\"https:\/\/www.hola.com\/actualidad\/20250810848394\/6-miniseries-ver-del-tiron-mientras-viajas\/\" data-mrf-recirculation=\"article-body-link\" rel=\"nofollow noopener\" target=\"_blank\">selecci\u00f3n de cuatro series perfectas para estas jornadas, repletas de misterio, traiciones y secretos<\/a>. Eso s\u00ed, sin perder el toque de humor. Adem\u00e1s, os regalamos<strong>\u00a0otras tres novedades para ver en la peque\u00f1a pantalla que \u00a1os dejar\u00e1n helados!<\/strong><\/p>\n<p>  <img src=\"https:\/\/www.europesays.com\/es\/wp-content\/uploads\/2025\/08\/d217307bbb56-nine-perfect-strangers-s2-4.jpg\"   width=\"1080\" height=\"1080\" loading=\"lazy\" decoding=\"async\" alt=\"Media Image\" fetchpriority=\"auto\" class=\"image ho-image\"\/>\u00a9 Prime Video<\/p>\n<p>Nine perfect strangers, T2<\/p>\n<p class=\"HOLA-ESPA-A_10c2--SUBTITULO-COCTEL ParaOverride-3\" id=\"eGtVIXpcCKw\" data-wc=\"128\">Las terapias peligrosas, o, por lo menos, singulares, de<a class=\"hm-link\" href=\"https:\/\/www.hola.com\/actualidad\/20250510830301\/nicole-kidman-prime-video-nine-perfect-strangers-estreno-temporada-2\/\" data-mrf-recirculation=\"article-body-link\" rel=\"nofollow noopener\" target=\"_blank\">\u00a0la doctora Masha Dmitrischenko (Nicole Kidman) se trasladan, en esta segunda temporada de la serie, de los bosques amables de California y la ultramoderna Tranquillium House a Zauberwald,<\/a>\u00a0una mansi\u00f3n del siglo XIX situada en plenos Alpes suizos solo accesible mediante funicular \u2014un medio de transporte que da mucho juego en el primer episodio de la temporada\u2014. All\u00ed, <strong>todos los pacientes\u00a0<\/strong>(un reparto realmente atractivo, con actores como Murray Bartlett, Christine Baranski o Henry Golding), <strong>que no se conocen entre s\u00ed, empiezan la sanaci\u00f3n bajo la gu\u00eda de Masha<\/strong>. En esta tanda de episodios se mantiene la dosificaci\u00f3n sobre las<strong>\u00a0historias y traumas de cada uno de ellos, aunque s\u00ed hay m\u00e1s elementos de humor y de cr\u00edtica social.\u00a0<\/strong><\/p>\n<p class=\"HOLA-ESPA-A_10c2--SUBTITULO-COCTEL ParaOverride-3\" id=\"eqKefSd8FY\" data-wc=\"4\"><strong>D\u00f3nde verla:<\/strong>\u00a0Prime Video<\/p>\n<p>  <img src=\"https:\/\/www.europesays.com\/es\/wp-content\/uploads\/2025\/08\/19b0d2ec332a-ca-timesbrightspotcdn.jpg\"   width=\"1080\" height=\"1080\" loading=\"lazy\" decoding=\"async\" alt=\"Media Image\" fetchpriority=\"auto\" class=\"image ho-image\"\/>\u00a9 Disney+<\/p>\n<p>Asesinato en el fin del mundo<\/p>\n<p class=\"HOLA-ESPA-A_10c2--SUBTITULO-COCTEL ParaOverride-3\" id=\"eUsPqAkzp39\" data-wc=\"136\">Emma Corrin \u2014la que fue Lady Di de joven en la cuarta temporada de\u00a0The Crown\u00a0y que ahora est\u00e1 rodando una nueva serie \u00abde tacitas\u00bb basada en\u00a0Orgullo y prejuicio,\u00a0de Jane Austen\u2014 es Darby Hart, una inteligent\u00edsima e <strong>introvertida\u00a0<\/strong><strong>hacker\u00a0aficionada a investigar cr\u00edmenes que se encuentra en un grupo convocado por un megamillonario en un magn\u00edfico\u00a0resort<\/strong><strong>\u00a0en Islandia, aislado en medio de enormes extensiones de hielo y nieve.<\/strong> Las intenciones del propietario no son en un principio evidentes, pero cuando se produce un asesinato entre ellos, nuestra Derby \u2014que tuvo una mal\u00edsima experiencia en el pasado con una investigaci\u00f3n que llevaba a cabo con su novio\u2014 <strong>se convertir\u00e1 en una Agatha Christie de pelo rosa<\/strong>. Una de las mejores series de 2023, por la que Emma Corrin estuvo nominada a los Emmy.\u00a0<\/p>\n<p class=\"HOLA-ESPA-A_10c2--SUBTITULO-COCTEL ParaOverride-3\" id=\"esygjMQWZP\" data-wc=\"3\"><strong>D\u00f3nde verla:\u00a0<\/strong>Disney+<\/p>\n<p>  <img src=\"https:\/\/www.europesays.com\/es\/wp-content\/uploads\/2025\/08\/b69d4c5019d9-files2025-08-08104719.jpg\"   width=\"1080\" height=\"1080\" loading=\"lazy\" decoding=\"async\" alt=\"Media Image\" fetchpriority=\"auto\" class=\"image ho-image\"\/>\u00a9 Movistar+<\/p>\n<p>True detective: night country<\/p>\n<p class=\"HOLA-ESPA-A_10c2--SUBTITULO-COCTEL ParaOverride-3\" id=\"e0pOfJOIYPoU\" data-wc=\"112\">Cuarta entrega de esta serie antol\u00f3gica. Tras tres temporadas protagonizadas por hombres (<a class=\"hm-link\" href=\"https:\/\/www.hola.com\/actualidad\/20250809849282\/matthew-mcconaughey-papel-escapo-jack-titanic\/\" data-mrf-recirculation=\"article-body-link\" rel=\"nofollow noopener\" target=\"_blank\">Matthew McConaughey<\/a>, Colin Farrell y Mahershala Ali), en esta encabezan la acci\u00f3n dos agentes femeninas bien diferentes, interpretadas por Jodie Foster (ganadora del Emmy por este trabajo en la edici\u00f3n pasada de estos premios) y Kali Reis.<strong>\u00a0El ambiente: el desierto de hielo de Alaska y la misteriosa desaparici\u00f3n de un grupo de cient\u00edficos en una estaci\u00f3n polar, que de repente aparece vac\u00eda, pero con signos de haber sido escenario de violencia.<\/strong> Las dos polic\u00edas tendr\u00e1n que <strong>superar sus diferencias para averiguar lo sucedido<\/strong>, que est\u00e1 profundamente intrincado con el folklore y las supersticiones de la poblaci\u00f3n de la zona. <\/p>\n<p class=\"HOLA-ESPA-A_10c2--SUBTITULO-COCTEL ParaOverride-3\" id=\"ei-ALJcXS0r\" data-wc=\"3\"><strong>D\u00f3nde verla:\u00a0<\/strong>Movistar+<\/p>\n<p>  <img src=\"https:\/\/www.europesays.com\/es\/wp-content\/uploads\/2025\/08\/61796686b702-k101unit01154.jpg\"   width=\"1080\" height=\"1080\" loading=\"lazy\" decoding=\"async\" alt=\"Media Image\" fetchpriority=\"auto\" class=\"image ho-image\"\/>\u00a9 Netflix<\/p>\n<p>Katla<\/p>\n<p class=\"HOLA-ESPA-A_10c2--SUBTITULO-COCTEL ParaOverride-3\" id=\"ek2g1_1A_fxo\" data-wc=\"124\">\u00bfY qui\u00e9nes mejor que los islandeses para hablarnos del fr\u00edo e imbuirnos en \u00e9l? En esta serie, de los creadores de la misteriosa\u00a0Atrapados<strong>,<\/strong><strong>\u00a0entra en erupci\u00f3n el volc\u00e1n subglacial que le da t\u00edtulo, iniciando una actividad volc\u00e1nica que durar\u00e1 un a\u00f1o.\u00a0<\/strong>Durante la erupci\u00f3n d<strong>esaparece una joven, cuya hermana, Gr\u00edma, busca desesperadamente\u00a0<\/strong>todo ese tiempo. Cuando casi se est\u00e1 dando por vencida<strong>, la gente de los alrededores empieza a recibir visitas imprevistas que hacen sospechar que debajo del volc\u00e1n hay algo oculto<\/strong>, un misterio que nadie podr\u00eda imaginar. Una serie h\u00e1bil y adictiva en la que se mezcla drama, intriga, terror psicol\u00f3gico y ciencia ficci\u00f3n, en medio de unos subyugantes paisajes de monta\u00f1as escarpadas y hielo, retratados por un incre\u00edble trabajo de fotograf\u00eda.\u00a0<\/p>\n<p class=\"HOLA-ESPA-A_10c2--SUBTITULO-COCTEL ParaOverride-3\" id=\"eWdSgvLqq6\" data-wc=\"3\"><strong>D\u00f3nde verla:\u00a0<\/strong>Netflix<\/p>\n<p>  <img src=\"https:\/\/www.europesays.com\/es\/wp-content\/uploads\/2025\/08\/01f296b868bb-untamed101unit00519rc.jpg\"   width=\"1920\" height=\"1080\" loading=\"lazy\" decoding=\"async\" alt=\"Media Image\" fetchpriority=\"auto\" class=\"image ho-image\"\/>\u00a9 Netflix<\/p>\n<p>No te pierdas Indomable,\u00a0ramas y cr\u00edmenes en Yellowstone:<\/p>\n<p class=\"HOLA-ESPA-A_5--TEXTO-1--PARRAFO ParaOverride-8\" id=\"eKj8cCOOGdxP\" data-wc=\"165\">Los\u00a0incre\u00edbles bosques y lagos del <strong>Parque Nacional de Yellowstone, en Estados Unidos,<\/strong><strong>\u00a0son el espectacular escenario en el que se desarrolla la trama de\u00a0<\/strong><strong>Indomable<\/strong>,\u00a0que se ha convertido en una de las series del verano, vista por millones de espectadores y solo destronada por la llegada de la segunda temporada de\u00a0Mi\u00e9rcoles\u00a0a la plataforma. Y no es de extra\u00f1ar, porque tiene numerosos atractivos \u2014<strong>aparte del paisaje, casi convertido en un personaje m<\/strong><strong>\u00e1s\u00a0de la trama, con sus secretos y sus particulares din<\/strong><strong>\u00e1micas<\/strong>\u2014 que enganchan al p\u00fablico veraniego, tan deseoso de pasar entretenido las horas centrales de calor agobiante. Uno de ellos es el reparto, encabezado por el guap\u00edsimo Eric Bana, al que acompa\u00f1an Sam Neill, Rosemary DeWitt y Lily Santiago. Otro es la <strong>mezcla entre los cr\u00edmenes, la investigaci\u00f3n policial y los dramas familiares de los distintos personajes, traumas del pasado o historias de huida y tambi\u00e9n de amor y amistad<\/strong>, que se congregan en un tiempo y un espacio determinados. Imprescindible.<\/p>\n<p class=\"HOLA-ESPA-A_5--TEXTO-1--PARRAFO ParaOverride-9\" id=\"eT4yl1_GIak2\" data-wc=\"6\"><strong>Nos<\/strong><strong>\u00a0<\/strong><strong>encanta porque&#8230;<\/strong>\u00a0Es muy adictiva.<\/p>\n<p class=\"HOLA-ESPA-A_5--TEXTO-1--PARRAFO ParaOverride-9\" id=\"e5sG8Tntq5qP\" data-wc=\"11\"><strong>Te<\/strong><strong>\u00a0gustar\u00e1 si te gustan&#8230;<\/strong><strong>\u00a0<\/strong>Las series como\u00a0Mare of Eastown.\u00a0<\/p>\n<p class=\"HOLA-ESPA-A_5--TEXTO-1--PARRAFO ParaOverride-9\" id=\"edS0bAuLSR\" data-wc=\"3\"><strong>D\u00f3nde verla:\u00a0<\/strong>Netflix<\/p>\n<p>  <img src=\"https:\/\/www.europesays.com\/es\/wp-content\/uploads\/2025\/08\/ae4f5e1e5ac3-2023-ftv-toutcelaep05-032.jpg\"   width=\"1920\" height=\"1080\" loading=\"lazy\" decoding=\"async\" alt=\"Media Image\" fetchpriority=\"auto\" class=\"image ho-image\"\/>\u00a9 Filmin<\/p>\n<p>Y adem\u00e1s&#8230;Todo esto te dar\u00e9<\/p>\n<p class=\"HOLA-ESPA-A_10c2--SUBTITULO-COCTEL ParaOverride-10\" id=\"evuFcYLu12PQ\" data-wc=\"44\">La novela de\u00a0<a class=\"hm-link\" href=\"https:\/\/www.hola.com\/seleccion\/20250210813071\/libros-dolores-redondo\/\" data-mrf-recirculation=\"article-body-link\" rel=\"nofollow noopener\" target=\"_blank\">Dolores Redondo que gan\u00f3 el Premio Planeta en 2016<\/a>\u00a0ha llamado la atenci\u00f3n en Francia tanto como para traducirla en serie. En ella, un f<strong>amoso escritor descubre el cad\u00e1ver de su pareja y sospecha que la muerte no ha sido accidental.\u00a0<\/strong><\/p>\n<p class=\"HOLA-ESPA-A_10c2--SUBTITULO-COCTEL ParaOverride-10\" id=\"e88Nub9nee\" data-wc=\"9\"><strong>La veremos porque..<\/strong>.\u00a0Los franceses dominan el g\u00e9nero policiaco. <\/p>\n<p class=\"HOLA-ESPA-A_10c2--SUBTITULO-COCTEL ParaOverride-10\" id=\"enHQRn6Y-Uj\" data-wc=\"4\"><strong>Estreno<\/strong>: 19\/08 en Filmin<\/p>\n<p>Alien: planeta Tierra\u00a0<\/p>\n<p class=\"HOLA-ESPA-A_10c2--SUBTITULO-COCTEL ParaOverride-10\" id=\"eLRqIEc7Pz7K\" data-wc=\"66\">El universo de la saga de terror espacial\u00a0Alien\u00a0se expande en formato serie como p<strong>recuela de los sucesos de la pel\u00edcula de 1976<\/strong>. <strong>Corre el a\u00f1o 2120 y en la Tierra conviven c\u00edborgs, sint\u00e9ticos y humanos de carne y hueso. Pero todo cambia cuando unos nuevos robots, los h\u00edbridos, se estrellan con su nave en un planeta<\/strong> y se topan con aterradoras formas de vida.\u00a0<\/p>\n<p class=\"HOLA-ESPA-A_10c2--SUBTITULO-COCTEL ParaOverride-10\" id=\"eef3mffHoy\" data-wc=\"15\"><strong>La veremos porque&#8230;<\/strong>\u00a0Alien, el octavo pasajero,\u00a0es una de nuestras pel\u00edculas de terror favoritas.\u00a0<\/p>\n<p class=\"HOLA-ESPA-A_10c2--SUBTITULO-COCTEL ParaOverride-10\" id=\"egYXsURK1b\" data-wc=\"4\"><strong>Estreno:\u00a0<\/strong>13\/08 en Disney+<\/p>\n","protected":false},"excerpt":{"rendered":"El salir a la calle \u00aba tomar el fresco\u00bb no es una soluci\u00f3n para las personas que, por&hellip;\n","protected":false},"author":2,"featured_media":51100,"comment_status":"","ping_status":"","sticky":false,"template":"","format":"standard","meta":{"footnotes":""},"categories":[171],"tags":[3900,517,3899,7065,146,147,25,24,805,23,214],"class_list":{"0":"post-51099","1":"post","2":"type-post","3":"status-publish","4":"format-standard","5":"has-post-thumbnail","7":"category-tv","8":"tag-hola","9":"tag-actualidad","10":"tag-contenido-sensible","11":"tag-el-buscador-de-series","12":"tag-entertainment","13":"tag-entretenimiento","14":"tag-es","15":"tag-espana","16":"tag-series","17":"tag-spain","18":"tag-tv"},"share_on_mastodon":{"url":"","error":""},"_links":{"self":[{"href":"https:\/\/www.europesays.com\/es\/wp-json\/wp\/v2\/posts\/51099","targetHints":{"allow":["GET"]}}],"collection":[{"href":"https:\/\/www.europesays.com\/es\/wp-json\/wp\/v2\/posts"}],"about":[{"href":"https:\/\/www.europesays.com\/es\/wp-json\/wp\/v2\/types\/post"}],"author":[{"embeddable":true,"href":"https:\/\/www.europesays.com\/es\/wp-json\/wp\/v2\/users\/2"}],"replies":[{"embeddable":true,"href":"https:\/\/www.europesays.com\/es\/wp-json\/wp\/v2\/comments?post=51099"}],"version-history":[{"count":0,"href":"https:\/\/www.europesays.com\/es\/wp-json\/wp\/v2\/posts\/51099\/revisions"}],"wp:featuredmedia":[{"embeddable":true,"href":"https:\/\/www.europesays.com\/es\/wp-json\/wp\/v2\/media\/51100"}],"wp:attachment":[{"href":"https:\/\/www.europesays.com\/es\/wp-json\/wp\/v2\/media?parent=51099"}],"wp:term":[{"taxonomy":"category","embeddable":true,"href":"https:\/\/www.europesays.com\/es\/wp-json\/wp\/v2\/categories?post=51099"},{"taxonomy":"post_tag","embeddable":true,"href":"https:\/\/www.europesays.com\/es\/wp-json\/wp\/v2\/tags?post=51099"}],"curies":[{"name":"wp","href":"https:\/\/api.w.org\/{rel}","templated":true}]}}