{"id":51126,"date":"2025-08-16T09:55:09","date_gmt":"2025-08-16T09:55:09","guid":{"rendered":"https:\/\/www.europesays.com\/es\/51126\/"},"modified":"2025-08-16T09:55:09","modified_gmt":"2025-08-16T09:55:09","slug":"el-ultimo-empujon-de-flick-a-hector-fort-para-que-salga-del-barca","status":"publish","type":"post","link":"https:\/\/www.europesays.com\/es\/51126\/","title":{"rendered":"El \u00faltimo empuj\u00f3n de Flick a H\u00e9ctor Fort para que salga del Bar\u00e7a"},"content":{"rendered":"<p class=\"ft-text\">El entrenador del Bar\u00e7a, Hansi Flick, y la direcci\u00f3n deportiva del club blaugrana tomaron la decisi\u00f3n de dar salida a H\u00e9ctor Fort durante el stage de Asia. <a class=\"ft-link ft-link--decoration\" href=\"https:\/\/www.sport.es\/es\/noticias\/barca\/cumbre-deco-agentes-hector-fort-120411106\" rel=\"nofollow noopener\" target=\"_blank\">Consideran que la posici\u00f3n est\u00e1 bien cubierta y le abren la puerta para que tenga minutos<\/a>. <strong>Fort y su entorno lo saben desde hace semanas y est\u00e1n buscando destino. El lateral podr\u00eda haber entrado en la lista para el partido de Mallorca porque est\u00e1 inscrito con dorsal de filial, pero Flick no se lo ha llevado. Un empuj\u00f3n definitivo para que acelere su marcha.<\/strong><\/p>\n<p class=\"ft-text\">H\u00e9ctor Fort no entr\u00f3 en la convocatoria por decisi\u00f3n deportiva, seg\u00fan han confirmado fuentes del club blaugrana. S\u00ed lo han hecho otros canteranos como Jofre, Dro, Toni y Guille Fern\u00e1ndez o Kochen como tercer portero del primer equipo tras la no inscripci\u00f3n de<strong> <\/strong><a class=\"ft-link ft-link--decoration\" href=\"https:\/\/www.sport.es\/es\/noticias\/barca\/rashford-viaja-jugara-mallorca-inscripcion-120673816\" rel=\"nofollow noopener\" target=\"_blank\"><strong>Szczesny para este partido. Flick considera que la parte defensiva est\u00e1 cubierta por lo que no ha entrado en la lista.<\/strong><\/a><\/p>\n<p class=\"ft-text\">El Bar\u00e7a priorizar\u00eda una venta de Fort por unos 5 millones de euros, pero hoy por hoy todo indica que la operaci\u00f3n deber\u00e1 hacerse a trav\u00e9s de una cesi\u00f3n con opci\u00f3n de compra. <strong>El Mallorca sigue interesado, pero debe vender antes que fichar y el Par\u00eds FC todav\u00eda no ha realizado su ofensiva final por el jugador. Los agentes de H\u00e9ctor Fort y el Bar\u00e7a est\u00e1n apretando para solventar el tema.<\/strong><\/p>\n<p class=\"ft-text\"><a class=\"ft-link ft-link--decoration\" href=\"https:\/\/www.sport.es\/es\/noticias\/barca\/premier-llama-hector-fort-120650639\" rel=\"nofollow noopener\" target=\"_blank\">Y es que quedan 15 d\u00edas para la finalizaci\u00f3n de mercado y H\u00e9ctor Fort<\/a> busca un proyecto de Primera Divisi\u00f3n que se le de minutos. Su prioridad es seguir en Espa\u00f1a, pero ya no descarta nada. El hecho de no entrar en la lista es un aviso definitivo, <strong>aunque el canterano pr\u00e1cticamente no ha jugado en pretemporada sabedor de que no est\u00e1 en los planes del club.<\/strong><\/p>\n","protected":false},"excerpt":{"rendered":"El entrenador del Bar\u00e7a, Hansi Flick, y la direcci\u00f3n deportiva del club blaugrana tomaron la decisi\u00f3n de dar&hellip;\n","protected":false},"author":2,"featured_media":51127,"comment_status":"","ping_status":"","sticky":false,"template":"","format":"standard","meta":{"footnotes":""},"categories":[268],"tags":[2296,210,2297,168,25,24,280,282,22698,281,23,167],"class_list":{"0":"post-51126","1":"post","2":"type-post","3":"status-publish","4":"format-standard","5":"has-post-thumbnail","7":"category-futbol","8":"tag-barca","9":"tag-barcelona","10":"tag-barsa","11":"tag-deportes","12":"tag-es","13":"tag-espana","14":"tag-football","15":"tag-futbol","16":"tag-hector-fort","17":"tag-soccer","18":"tag-spain","19":"tag-sports"},"share_on_mastodon":{"url":"","error":""},"_links":{"self":[{"href":"https:\/\/www.europesays.com\/es\/wp-json\/wp\/v2\/posts\/51126","targetHints":{"allow":["GET"]}}],"collection":[{"href":"https:\/\/www.europesays.com\/es\/wp-json\/wp\/v2\/posts"}],"about":[{"href":"https:\/\/www.europesays.com\/es\/wp-json\/wp\/v2\/types\/post"}],"author":[{"embeddable":true,"href":"https:\/\/www.europesays.com\/es\/wp-json\/wp\/v2\/users\/2"}],"replies":[{"embeddable":true,"href":"https:\/\/www.europesays.com\/es\/wp-json\/wp\/v2\/comments?post=51126"}],"version-history":[{"count":0,"href":"https:\/\/www.europesays.com\/es\/wp-json\/wp\/v2\/posts\/51126\/revisions"}],"wp:featuredmedia":[{"embeddable":true,"href":"https:\/\/www.europesays.com\/es\/wp-json\/wp\/v2\/media\/51127"}],"wp:attachment":[{"href":"https:\/\/www.europesays.com\/es\/wp-json\/wp\/v2\/media?parent=51126"}],"wp:term":[{"taxonomy":"category","embeddable":true,"href":"https:\/\/www.europesays.com\/es\/wp-json\/wp\/v2\/categories?post=51126"},{"taxonomy":"post_tag","embeddable":true,"href":"https:\/\/www.europesays.com\/es\/wp-json\/wp\/v2\/tags?post=51126"}],"curies":[{"name":"wp","href":"https:\/\/api.w.org\/{rel}","templated":true}]}}