{"id":51193,"date":"2025-08-16T10:40:25","date_gmt":"2025-08-16T10:40:25","guid":{"rendered":"https:\/\/www.europesays.com\/es\/51193\/"},"modified":"2025-08-16T10:40:25","modified_gmt":"2025-08-16T10:40:25","slug":"acuerdo-para-el-traspaso-de-jana-fernandez-fc-barcelona","status":"publish","type":"post","link":"https:\/\/www.europesays.com\/es\/51193\/","title":{"rendered":"Acuerdo para el traspaso de Jana Fern\u00e0ndez &#8211; FC Barcelona"},"content":{"rendered":"<ol>\n<li><a href=\"https:\/\/news.google.com\/rss\/articles\/CBMiqwFBVV95cUxOaU1oblFxSVdMZVZFenZsWlZDbV9BS3BlZHhEeGVrcXRfbjRMRFpycHlKdTFUYmdxODFaVkQwQzBMaGhCamRqOURUNkhXTDFoQVZ6bG13NHZxZ0NmTC1DcHVIRnpFYVhfblVSUmI4a2lQQWEtY2gzMUF5YlY4dk9uUHR6Xy1RM01DeTI0Mmw4bkJ1aUl0WFFnTmhGR3RwX3lXYV9yV1loVW9IT1E?oc=5\" target=\"_blank\" rel=\"nofollow noopener\">Acuerdo para el traspaso de Jana Fern\u00e0ndez<\/a>&nbsp;&nbsp;FC Barcelona<\/li>\n<li><a href=\"https:\/\/news.google.com\/rss\/articles\/CBMipwJBVV95cUxPS3dyeGtkTHNrLXZnOVRzeW1kUTktWWNhaDlxUjgzN2NlSEhMb082VzBPRFJreGx5eEd0Y05UanZpZ0lKdDZ3N3pwejUwTG4zNWNrclJtYjRyTHk2bnJjRlAyQjdqalVTaXNnbllYbzlqWllVd2tZRnE3dkZpTVJ3azNtUkE5LU1PMUxQRG12RVFMcG5GWVZfSW10c2Y0R3IwT040Y1VFZXNvSkpwck5qUDVzQjh3LU40MG1laUtHTWRZUTQzM2U4dm9sSzlVMjVWbHBUeXVuTmd4UURkWWdfa1lCOHE2Y1hueFVqT3R3c21zc0tFRUw4YS16R2p2T01aTTZqNHA2d1VERndnMzN5alpPUjFZZVRFa3R0M2JrMDAxU3FGUWJB?oc=5\" target=\"_blank\" rel=\"nofollow noopener\">Jana Fern\u00e1ndez abandona el Bar\u00e7a: \u201cLas circunstancias cambiantes del mundo del f\u00fatbol me llevan a emprender un nuevo camino\u201d<\/a>&nbsp;&nbsp;La Vanguardia<\/li>\n<li><a href=\"https:\/\/news.google.com\/rss\/articles\/CBMiZ0FVX3lxTE1WMU1XeUpOcE9RcDZqMndKTWhNSGhwUmYwYWdWSTg3SjQzeHlYVlV6YTgtTS1HZ18xZTBpZmwwaVlyS3FOaGRVZk1seVRVWnU5cE4yZHRPQUxyOGkyWGlvakhhVGVfQnPSAXtBVV95cUxOX1JQck5JNnhZMlFhTzlCWlR2RGdhX3NTcV9vM2tMVks0QTlyVm5kQ0ZKaWNkR0x0cFNvcGo3U2poWm9hcGRkNi15YUJkM0dvS3hWdHhGQ3A1SUJWdWRCS3Fpbk1PeWNSQkUwYVFjX1NEZmkwRWpIdHVPdWM?oc=5\" target=\"_blank\" rel=\"nofollow noopener\">Bar\u00e7a: un proyecto en peligro<\/a>&nbsp;&nbsp;Diario AS<\/li>\n<li><a href=\"https:\/\/news.google.com\/rss\/articles\/CBMiwgFBVV95cUxQVWVwcmpDS2VZSlNwUk0tbWNGbmVFdDIwbDZOa3ZSbVJsSVRGcWlJeERMdUs5dWc1X2xBOHVmUU1hbEVJSko2RmV6WDhlWkNoR3pabnhVTGxBcXd4N2U1OGtJVmR2MFQ3VHhfekREMS1fdG9UYzQzWnlZREx3NGU1UXpyM2xkbXMzaVRrRjRLUEg0UVZVcWV3M0h1eWU2NmJacDRCUjU0VlBObVZZTXNWVUNOUmc0VC1ZQ2NBNl90VTZFUdIBxwFBVV95cUxPc1AtbDdLVHRwVXkxRXR5d0o1UnkwNWVxcHNmOTlBVVBGT1hnbE5qVVdnR3lRTWZDcFJGVmlaU0RsZUFvZnlZX1ItQ3EzR1Z1elQ3NTlQak5raU1iTTZJQU1sR1M4Ny12ZUs2VVlMOEotUkt0Nkxkci13MjhkNGNSVzkzU0h0RzNxNUpjWDJySmlWVTl5SGpQT19TNXRoMDk1MkxBTWJNblR5M09EeTRHOGk4elpKaWZ1d2F3QWp2ZFliRGtSNG5B?oc=5\" target=\"_blank\" rel=\"nofollow noopener\">El Bar\u00e7a regala a las jugadoras del femenino para inscribir a los fichajes del masculino<\/a>&nbsp;&nbsp;El Confidencial<\/li>\n<li><a href=\"https:\/\/news.google.com\/rss\/articles\/CBMisgFBVV95cUxPdDAwWjBNSFBSQ2J1SkZYb2NDdVVZMUVlVW5PaFJwZjBUV2p6b2VmYXZabGNGek52WFA1VGVwSWdNWnRVeE84ZVB5MWFwQTZrQmdHRFU0alZ2ajBrR2hKb0czcmV4RlplNjJqUGx6aFhYLU5BMnRKdnBnUnFsOEUtRWFjSHVQR3RNbzEyS2w2OXU5RHhrZklHOXRENnFFUTZGVEd5YWVmdHFud1RhaXMzRnFB0gGyAUFVX3lxTFAwOFpnTlRkdnpsci0zdnA1TnFRZW02T2FkLXJBM3V1YUh1Q2tvSjk0aFE1Nm40UDUyNWgwcVg0U0o5alAwbFJveEF3T2tnX3NCYVFpcHdMUHp3b092eFFBMTlmRTFaTWlHR3VuLURramsxeG5VeVNnc0UteWRuTm9rTlQ2ckJCdkZ1ZC1FUE91RGlxNjZKODFmYjRfci1xVkR3Q09vRlBHWWZmejVnM0xNRnc?oc=5\" target=\"_blank\" rel=\"nofollow noopener\">\u00c9xodo en el Bar\u00e7a femenino: ya van ocho bajas y solo dos fichajes en este mercado de verano<\/a>&nbsp;&nbsp;RTVE.es<\/li>\n<\/ol>\n","protected":false},"excerpt":{"rendered":"Acuerdo para el traspaso de Jana Fern\u00e0ndez&nbsp;&nbsp;FC Barcelona Jana Fern\u00e1ndez abandona el Bar\u00e7a: \u201cLas circunstancias cambiantes del mundo&hellip;\n","protected":false},"author":2,"featured_media":51194,"comment_status":"","ping_status":"","sticky":false,"template":"","format":"standard","meta":{"footnotes":""},"categories":[269],"tags":[299,298,168,25,24,23,167,2288],"class_list":{"0":"post-51193","1":"post","2":"type-post","3":"status-publish","4":"format-standard","5":"has-post-thumbnail","7":"category-baloncesto","8":"tag-baloncesto","9":"tag-basketball","10":"tag-deportes","11":"tag-es","12":"tag-espana","13":"tag-spain","14":"tag-sports","15":"tag-text"},"share_on_mastodon":{"url":"","error":""},"_links":{"self":[{"href":"https:\/\/www.europesays.com\/es\/wp-json\/wp\/v2\/posts\/51193","targetHints":{"allow":["GET"]}}],"collection":[{"href":"https:\/\/www.europesays.com\/es\/wp-json\/wp\/v2\/posts"}],"about":[{"href":"https:\/\/www.europesays.com\/es\/wp-json\/wp\/v2\/types\/post"}],"author":[{"embeddable":true,"href":"https:\/\/www.europesays.com\/es\/wp-json\/wp\/v2\/users\/2"}],"replies":[{"embeddable":true,"href":"https:\/\/www.europesays.com\/es\/wp-json\/wp\/v2\/comments?post=51193"}],"version-history":[{"count":0,"href":"https:\/\/www.europesays.com\/es\/wp-json\/wp\/v2\/posts\/51193\/revisions"}],"wp:featuredmedia":[{"embeddable":true,"href":"https:\/\/www.europesays.com\/es\/wp-json\/wp\/v2\/media\/51194"}],"wp:attachment":[{"href":"https:\/\/www.europesays.com\/es\/wp-json\/wp\/v2\/media?parent=51193"}],"wp:term":[{"taxonomy":"category","embeddable":true,"href":"https:\/\/www.europesays.com\/es\/wp-json\/wp\/v2\/categories?post=51193"},{"taxonomy":"post_tag","embeddable":true,"href":"https:\/\/www.europesays.com\/es\/wp-json\/wp\/v2\/tags?post=51193"}],"curies":[{"name":"wp","href":"https:\/\/api.w.org\/{rel}","templated":true}]}}