{"id":512028,"date":"2026-04-22T18:25:13","date_gmt":"2026-04-22T18:25:13","guid":{"rendered":"https:\/\/www.europesays.com\/es\/512028\/"},"modified":"2026-04-22T18:25:13","modified_gmt":"2026-04-22T18:25:13","slug":"jodar-de-jong-sigue-el-partido-en-directo","status":"publish","type":"post","link":"https:\/\/www.europesays.com\/es\/512028\/","title":{"rendered":"J\u00f3dar &#8211; De Jong | Sigue el partido en directo"},"content":{"rendered":"<p class=\"v-d-p\"> J\u00f3dar viene haciendo un gran papel en tierra despu\u00e9s de vencer en la final del ATP de Marrakech y haber alcanzado posteriormente las semifinales del Conde de God\u00f3, donde cay\u00f3 frente a Arthur Fils (2-1). Ante la ausencia de Carlos Alcaraz en el torneo, el joven ha concentrado gran parte de los focos, coloc\u00e1ndole como uno de los favoritos para llegar, al menos, a la fase final del torneo, aunque \u00e9l se ha quitado objetivos de la mente en sus declaraciones m\u00e1s recientes.<\/p>\n","protected":false},"excerpt":{"rendered":"J\u00f3dar viene haciendo un gran papel en tierra despu\u00e9s de vencer en la final del ATP de Marrakech&hellip;\n","protected":false},"author":2,"featured_media":512029,"comment_status":"","ping_status":"","sticky":false,"template":"","format":"standard","meta":{"footnotes":""},"categories":[93],"tags":[168,2125,25,24,23438,13619,1045,1262,23,167],"class_list":["post-512028","post","type-post","status-publish","format-standard","has-post-thumbnail","category-deportes","tag-deportes","tag-directo","tag-es","tag-espana","tag-jodar","tag-jong","tag-partido","tag-sigue","tag-spain","tag-sports"],"share_on_mastodon":{"url":"https:\/\/pubeurope.com\/@es\/116449766694155210","error":""},"_links":{"self":[{"href":"https:\/\/www.europesays.com\/es\/wp-json\/wp\/v2\/posts\/512028","targetHints":{"allow":["GET"]}}],"collection":[{"href":"https:\/\/www.europesays.com\/es\/wp-json\/wp\/v2\/posts"}],"about":[{"href":"https:\/\/www.europesays.com\/es\/wp-json\/wp\/v2\/types\/post"}],"author":[{"embeddable":true,"href":"https:\/\/www.europesays.com\/es\/wp-json\/wp\/v2\/users\/2"}],"replies":[{"embeddable":true,"href":"https:\/\/www.europesays.com\/es\/wp-json\/wp\/v2\/comments?post=512028"}],"version-history":[{"count":0,"href":"https:\/\/www.europesays.com\/es\/wp-json\/wp\/v2\/posts\/512028\/revisions"}],"wp:featuredmedia":[{"embeddable":true,"href":"https:\/\/www.europesays.com\/es\/wp-json\/wp\/v2\/media\/512029"}],"wp:attachment":[{"href":"https:\/\/www.europesays.com\/es\/wp-json\/wp\/v2\/media?parent=512028"}],"wp:term":[{"taxonomy":"category","embeddable":true,"href":"https:\/\/www.europesays.com\/es\/wp-json\/wp\/v2\/categories?post=512028"},{"taxonomy":"post_tag","embeddable":true,"href":"https:\/\/www.europesays.com\/es\/wp-json\/wp\/v2\/tags?post=512028"}],"curies":[{"name":"wp","href":"https:\/\/api.w.org\/{rel}","templated":true}]}}