{"id":512340,"date":"2026-04-22T22:31:19","date_gmt":"2026-04-22T22:31:19","guid":{"rendered":"https:\/\/www.europesays.com\/es\/512340\/"},"modified":"2026-04-22T22:31:19","modified_gmt":"2026-04-22T22:31:19","slug":"el-cb-zamora-vuelve-a-meterse-en-la-lucha-por-el-play-off","status":"publish","type":"post","link":"https:\/\/www.europesays.com\/es\/512340\/","title":{"rendered":"El CB Zamora vuelve a meterse en la lucha por el play off"},"content":{"rendered":"<p class=\"ft-text\">El CB Zamora ha recobrado la esperanza de jugar por primera vez el play off de ascenso a ACB tras conseguir ayer una meritoria victoria basada en un gran trabajo defensivo durante la segunda parte en la que frenaron al Cartagena y terminaron imponi\u00e9ndose por 64-78.<\/p>\n<p class=\"ft-text\">Ya desde los primeros minutos el partido estuvo muy igualado aunque el CB Zamora llev\u00f3 la iniciativa en un principio con un 2-6. El marcador se igual\u00f3 con una canasta de Omar Lo que pon\u00eda el 10-10, confirmando la recuperaci\u00f3n de los locales que comenzaron a tomar la iniciativa repondiento a un triple de Roberts con otras dos canastas de tres puntos que pusieron el 20-13 que se transform\u00f3 en 21-14 para cerrar el primer cuarto.<\/p>\n<p class=\"ft-text\">Roberts volvi\u00f3 a meter al CBZ en la lucha con un 3+2 (25-29) y los de Saulo Hern\u00e1ndez llegaron a acercarse a cuatro puntos, pero un parcial de 7-0 del Cartagena le permiti\u00f3 alejarse a 40-30.<\/p>\n<p class=\"ft-text\">El CB Zamora mejor\u00f3 bastante tras el descanso e inici\u00f3 el tercer cuarto con un triple de Peris para oner el 40-35. \u00c1lvaro Mart\u00ednez entr\u00f3 de lleno en el partido y con dos canastas seguidas puso el 46-43 que confirmaba la reacci\u00f3n zamorana. Y los \u00faltimos minutos del tercer cuarto se cumplieron con sucesivos emptes a 49, 51 y 5-3.<\/p>\n<p class=\"ft-text\">El CB Zamora le hab\u00eda tomado la medida a su rival y en el tramo final se escap\u00f3 a un magn\u00edfico 54-61 en los primeros tres minutos. Solo pudieron recortar un punto su desventaja los cartagineses, y el CB Zamora se escap\u00f3 a diez puntos con un triple de Rogerts en el minuto 34. Pidieron un tiempo muerto los locales, pero Rogerts anot\u00f3 dos tiros libres m\u00e1s.<\/p>\n<p class=\"ft-text\">El encuentro entr\u00f3 en los \u00faltimos cinco minutos con el CBZ distanciado a 14 puntos, una ventaja que parec\u00eda suficiente para alcanzar la victoria si no ocurr\u00eda nada raro. Y lo que pas\u00f3 fue que Toni Naspler acert\u00f3 con un triple y puso el 56-71.<\/p>\n<p class=\"ft-text\">Pareci\u00f3 reaccionar de nuevo el Cartagena que se acerc\u00f3 a 60-71 y Saulo Hern\u00e1ndez pidi\u00f3 un tiempo muerto para darle ox\u00edgeno a sus jugadores, ya muy desgastados f\u00edsicamente. Al Cartagena le pesaba la responsabilidad en el lanzamiento y ve\u00eda como el marcador se le disparaba de nuevo con 60-74 tras un triple que fue definitivo de Josep Peris a solo tres minutos para el final. Y los \u00faltimos compases del encuentro fueron un mero intercambio de canastas hasta el definitivo 64-78.<\/p>\n","protected":false},"excerpt":{"rendered":"El CB Zamora ha recobrado la esperanza de jugar por primera vez el play off de ascenso a&hellip;\n","protected":false},"author":2,"featured_media":512341,"comment_status":"","ping_status":"","sticky":false,"template":"","format":"standard","meta":{"footnotes":""},"categories":[269],"tags":[299,298,4995,2609,2610,168,25,24,591,20276,52848,23,167,739,2946],"class_list":["post-512340","post","type-post","status-publish","format-standard","has-post-thumbnail","category-baloncesto","tag-baloncesto","tag-basketball","tag-cartagena","tag-cb","tag-cb-zamora","tag-deportes","tag-es","tag-espana","tag-lucha","tag-meterse","tag-saulo-hernandez","tag-spain","tag-sports","tag-vuelve","tag-zamora"],"share_on_mastodon":{"url":"https:\/\/pubeurope.com\/@es\/116450734077962519","error":""},"_links":{"self":[{"href":"https:\/\/www.europesays.com\/es\/wp-json\/wp\/v2\/posts\/512340","targetHints":{"allow":["GET"]}}],"collection":[{"href":"https:\/\/www.europesays.com\/es\/wp-json\/wp\/v2\/posts"}],"about":[{"href":"https:\/\/www.europesays.com\/es\/wp-json\/wp\/v2\/types\/post"}],"author":[{"embeddable":true,"href":"https:\/\/www.europesays.com\/es\/wp-json\/wp\/v2\/users\/2"}],"replies":[{"embeddable":true,"href":"https:\/\/www.europesays.com\/es\/wp-json\/wp\/v2\/comments?post=512340"}],"version-history":[{"count":0,"href":"https:\/\/www.europesays.com\/es\/wp-json\/wp\/v2\/posts\/512340\/revisions"}],"wp:featuredmedia":[{"embeddable":true,"href":"https:\/\/www.europesays.com\/es\/wp-json\/wp\/v2\/media\/512341"}],"wp:attachment":[{"href":"https:\/\/www.europesays.com\/es\/wp-json\/wp\/v2\/media?parent=512340"}],"wp:term":[{"taxonomy":"category","embeddable":true,"href":"https:\/\/www.europesays.com\/es\/wp-json\/wp\/v2\/categories?post=512340"},{"taxonomy":"post_tag","embeddable":true,"href":"https:\/\/www.europesays.com\/es\/wp-json\/wp\/v2\/tags?post=512340"}],"curies":[{"name":"wp","href":"https:\/\/api.w.org\/{rel}","templated":true}]}}