{"id":51326,"date":"2025-08-16T12:06:13","date_gmt":"2025-08-16T12:06:13","guid":{"rendered":"https:\/\/www.europesays.com\/es\/51326\/"},"modified":"2025-08-16T12:06:13","modified_gmt":"2025-08-16T12:06:13","slug":"ciudad-real-tomas-rufo-sustituye-a-morante","status":"publish","type":"post","link":"https:\/\/www.europesays.com\/es\/51326\/","title":{"rendered":"Ciudad Real: Tom\u00e1s Rufo sustituye a Morante"},"content":{"rendered":"<p>Morante de la Puebla no podr\u00e1 comparecer ma\u00f1ana domingo, d\u00eda 17, en la plaza de toros de Ciudad Real, donde estaba anunciado junto a Juan Ortega y Andr\u00e9s Roca Rey para estoquear un encierro de Victoriano del R\u00edo. Pese a hacer todo lo posible en su proceso de recuperaci\u00f3n, el maestro cigarrero sigue convaleciente de la grave cornada sufrida el 10 de agosto en Pontevedra.<\/p>\n<p>La empresa Eventos Mare Nostrum, gestora del coso, ha decidido que su lugar sea ocupado por Tom\u00e1s Rufo, m\u00e1xima figura manchega y que cosecha triunfos en la pr\u00e1ctica totalidad de plazas de primera en las que ha hecho el pase\u00edllo desde que se convirtiera en matador de toros en septiembre del a\u00f1o 2021. Rufo viene, adem\u00e1s, de abrir la puerta grande en Huesca el mi\u00e9rcoles junto a Roca Rey y de cortar tres orejas ayer en la Feria de Bego\u00f1a de Gij\u00f3n.<\/p>\n<p>El cartel queda de la siguiente manera: Toros de Victoriano del R\u00edo-Toros de Cort\u00e9s para Juan Ortega, Roca Rey y Tom\u00e1s Rufo.\u00a0<\/p>\n<p>Los aficionados que lo deseen podr\u00e1n obtener la devoluci\u00f3n del importe de su entrada, por el mismo canal en el que haya sido adquirida, seg\u00fan el reglamento taurino vigente.<\/p>\n","protected":false},"excerpt":{"rendered":"Morante de la Puebla no podr\u00e1 comparecer ma\u00f1ana domingo, d\u00eda 17, en la plaza de toros de Ciudad&hellip;\n","protected":false},"author":2,"featured_media":51327,"comment_status":"","ping_status":"","sticky":false,"template":"","format":"standard","meta":{"footnotes":""},"categories":[277],"tags":[373,1940,168,1309,25,24,1265,4317,1392,1389,4316,23,167,625,374,444],"class_list":{"0":"post-51326","1":"post","2":"type-post","3":"status-publish","4":"format-standard","5":"has-post-thumbnail","7":"category-toreo","8":"tag-bullfighting","9":"tag-ciudad-real","10":"tag-deportes","11":"tag-encierro","12":"tag-es","13":"tag-espana","14":"tag-huesca","15":"tag-la-puebla-de-montalban","16":"tag-morante-de-la-puebla","17":"tag-plaza-de-toros","18":"tag-roca-rey","19":"tag-spain","20":"tag-sports","21":"tag-tauromaquia","22":"tag-toreo","23":"tag-toros"},"share_on_mastodon":{"url":"","error":""},"_links":{"self":[{"href":"https:\/\/www.europesays.com\/es\/wp-json\/wp\/v2\/posts\/51326","targetHints":{"allow":["GET"]}}],"collection":[{"href":"https:\/\/www.europesays.com\/es\/wp-json\/wp\/v2\/posts"}],"about":[{"href":"https:\/\/www.europesays.com\/es\/wp-json\/wp\/v2\/types\/post"}],"author":[{"embeddable":true,"href":"https:\/\/www.europesays.com\/es\/wp-json\/wp\/v2\/users\/2"}],"replies":[{"embeddable":true,"href":"https:\/\/www.europesays.com\/es\/wp-json\/wp\/v2\/comments?post=51326"}],"version-history":[{"count":0,"href":"https:\/\/www.europesays.com\/es\/wp-json\/wp\/v2\/posts\/51326\/revisions"}],"wp:featuredmedia":[{"embeddable":true,"href":"https:\/\/www.europesays.com\/es\/wp-json\/wp\/v2\/media\/51327"}],"wp:attachment":[{"href":"https:\/\/www.europesays.com\/es\/wp-json\/wp\/v2\/media?parent=51326"}],"wp:term":[{"taxonomy":"category","embeddable":true,"href":"https:\/\/www.europesays.com\/es\/wp-json\/wp\/v2\/categories?post=51326"},{"taxonomy":"post_tag","embeddable":true,"href":"https:\/\/www.europesays.com\/es\/wp-json\/wp\/v2\/tags?post=51326"}],"curies":[{"name":"wp","href":"https:\/\/api.w.org\/{rel}","templated":true}]}}