{"id":513268,"date":"2026-04-23T11:59:13","date_gmt":"2026-04-23T11:59:13","guid":{"rendered":"https:\/\/www.europesays.com\/es\/513268\/"},"modified":"2026-04-23T11:59:13","modified_gmt":"2026-04-23T11:59:13","slug":"esta-victoria-es-para-mi-padre-el-presidente-del-club","status":"publish","type":"post","link":"https:\/\/www.europesays.com\/es\/513268\/","title":{"rendered":"Esta victoria es para mi padre, el presidente del club"},"content":{"rendered":"<p class=\"ft-text\"><a class=\"ft-link ft-link--decoration\" href=\"https:\/\/www.laopiniondezamora.es\/deportes\/2026\/04\/21\/saulo-hernandez-entrenador-caja-rural-129342747.html\" target=\"_blank\" rel=\"nofollow noopener\">Saulo Hern\u00e1ndez<\/a>,<strong> entrenador del Caja Rural CB Zamora,<\/strong> analiz\u00f3 la <a class=\"ft-link ft-link--decoration\" href=\"https:\/\/www.laopiniondezamora.es\/deportes\/2026\/04\/23\/cb-zamora-gana-vuelve-sonar-129418812.html\" target=\"_blank\" rel=\"nofollow noopener\">victoria en Cartagena<\/a> y destac\u00f3 el<strong> valor emocional, deportivo y competitivo<\/strong> del triunfo, que permite a su equipo seguir so\u00f1ando con el \u00abplay-off\u00bb.<\/p>\n<p>Una victoria para Gerardo<\/p>\n<p class=\"ft-text\">En su primera reflexi\u00f3n, <a class=\"ft-link ft-link--decoration\" href=\"https:\/\/www.laopiniondezamora.es\/deportes\/2026\/04\/20\/saulo-hernandez-entrenador-cb-zamora-129296331.html\" target=\"_blank\" rel=\"nofollow noopener\">Saulo Hern\u00e1ndez<\/a> quiso dedicar la victoria a su padre, <strong>Gerardo Hern\u00e1ndez<\/strong>, fundador del club y figura clave para que el baloncesto zamorano haya llegado al nivel actual. Para el t\u00e9cnico, poder pelear por entrar en el play-off es<strong> \u201cuna posibilidad m\u00e1gica\u201d<\/strong> que hace apenas unos a\u00f1os parec\u00eda impensable y que nace del esfuerzo y trabajo de Gerardo hasta este momento.<\/p>\n<p>Una primera parte muy floja<\/p>\n<p class=\"ft-text\">Saulo fue muy cr\u00edtico con los primeros 20 minutos del equipo. Reconoci\u00f3 que el <a class=\"ft-link ft-link--decoration\" href=\"https:\/\/www.laopiniondezamora.es\/deportes\/2026\/04\/23\/cb-zamora-gana-vuelve-sonar-129418812.html\" target=\"_blank\" rel=\"nofollow noopener\">Caja Rural CB Zamora<\/a> estuvo \u201cdobl\u00e1ndose en defensa\u201d, permitiendo que Cartagena jugara con excesiva facilidad tanto en los uno contra uno de Kobe como en las continuaciones de Faverani o en los<strong> rebotes ofensivos<\/strong>. Adem\u00e1s, lament\u00f3 el <strong>\u201cmal uso de las faltas\u201d<\/strong> y las canastas regaladas en transici\u00f3n. En ataque, el equipo tampoco estuvo a la altura: \u201cFuimos flojos al aro pese a tener ventaja f\u00edsica\u201d.<\/p>\n<p class=\"ft-text\">El <a class=\"ft-link ft-link--decoration\" href=\"https:\/\/www.laopiniondezamora.es\/deportes\/2026\/04\/21\/saulo-hernandez-entrenador-caja-rural-129342747.html\" target=\"_blank\" rel=\"nofollow noopener\">t\u00e9cnico<\/a> insisti\u00f3 en que, a estas alturas de temporada, los contactos forman parte natural del juego y hay que ir a canasta \u201cbuscando el adicional\u201d. Aun as\u00ed, lo mejor del descanso fue que el equipo solo perd\u00eda de ocho: \u201cLa sensaci\u00f3n era que <strong>Cartagena nos hab\u00eda pasado por encima<\/strong>\u201d.<\/p>\n<p>La reacci\u00f3n tras el descanso<\/p>\n<p class=\"ft-text\">La segunda parte fue, en palabras de Saulo, <strong>\u201ccompletamente distinta\u201d<\/strong>. El <a class=\"ft-link ft-link--decoration\" href=\"https:\/\/www.laopiniondezamora.es\/deportes\/2026\/04\/22\/cb-zamora-vuelve-meterse-lucha-129417061.html\" target=\"_blank\" rel=\"nofollow noopener\">Caja Rural CB Zamora<\/a> dej\u00f3 a Cartagena en 24 puntos en 20 minutos, un registro que el t\u00e9cnico considera excepcional en esta categor\u00eda. Destac\u00f3 que cada jugador que entr\u00f3 a pista lo hizo \u201cdando su m\u00e1ximo en esfuerzo y concentraci\u00f3n\u201d, entendiendo perfectamente qu\u00e9 defender y c\u00f3mo hacerlo.<\/p>\n<p class=\"ft-text\">En ataque, el equipo combin\u00f3 momentos de inspiraci\u00f3n con acciones donde la fortuna acompa\u00f1\u00f3, como dos triples importantes \u2014uno de <a class=\"ft-link ft-link--decoration\" href=\"https:\/\/www.laopiniondezamora.es\/deportes\/2026\/04\/09\/jacob-round-jugador-caja-rural-128911010.html\" target=\"_blank\" rel=\"nofollow noopener\">Jacob Round<\/a> y otro de <a class=\"ft-link ft-link--decoration\" href=\"https:\/\/www.laopiniondezamora.es\/deportes\/2026\/02\/13\/toni-naspler-jugador-cb-zamora-126797134.html\" target=\"_blank\" rel=\"nofollow noopener\">Toni Naspler<\/a>\u2014 que golpearon an\u00edmicamente al rival. Esas acciones, seg\u00fan Saulo, dieron<strong> \u201cun puntito m\u00e1s de energ\u00eda\u201d <\/strong>al equipo zamorano y restaron confianza a Cartagena.<\/p>\n<p>La rotaci\u00f3n, clave<\/p>\n<p class=\"ft-text\">El entrenador subray\u00f3 que ambos equipos llegaban muy <strong>castigados f\u00edsicamente<\/strong> tras largos desplazamientos \u2014Zamora desde Melilla y Cartagena desde Palma\u2014, pero la mayor profundidad de banquillo del <a class=\"ft-link ft-link--decoration\" href=\"https:\/\/www.laopiniondezamora.es\/deportes\/2026\/04\/23\/cb-zamora-gana-vuelve-sonar-129418812.html\" target=\"_blank\" rel=\"nofollow noopener\">Caja Rural CB Zamora<\/a> fue determinante. \u201cNuestra rotaci\u00f3n hoy era superior y eso nos permiti\u00f3 mantener el ritmo y no bajar el pist\u00f3n ni un segundo\u201d, explic\u00f3.<\/p>\n<p class=\"ft-text\"><a class=\"ft-link ft-link--decoration\" href=\"https:\/\/www.laopiniondezamora.es\/deportes\/2026\/04\/21\/saulo-hernandez-entrenador-caja-rural-129342747.html\" target=\"_blank\" rel=\"nofollow noopener\">Saulo<\/a> record\u00f3 que su equipo es \u201cel m\u00e1s r\u00e1pido de <a class=\"ft-link ft-link--decoration\" href=\"https:\/\/www.feb.es\/primerafeb\/inicio.aspx\" target=\"_blank\" rel=\"nofollow noopener\">Primera FEB<\/a> en n\u00famero de posesiones\u201d, y que ese estilo exige un <strong>desgaste f\u00edsico enorme<\/strong>. Por eso, cuando uno de los dos equipos llega con un punto m\u00e1s de energ\u00eda, la diferencia se nota mucho, especialmente en los minutos finales.<\/p>\n<p>Una victoria de enorme valor en un momento decisivo<\/p>\n<p class=\"ft-text\">El t\u00e9cnico se mostr\u00f3 \u201ctremendamente contento\u201d por ganar en una pista tan complicada y ante un rival que se juega la permanencia, algo que convierte estos partidos en <strong>\u201clos m\u00e1s dif\u00edciles de la temporada\u201d<\/strong>. Tambi\u00e9n felicit\u00f3 a sus jugadores por <a class=\"ft-link ft-link--decoration\" href=\"https:\/\/www.laopiniondezamora.es\/deportes\/2026\/04\/19\/cb-zamora-caja-rural-cae-129285983.html\" target=\"_blank\" rel=\"nofollow noopener\">reponerse del esfuerzo en Melilla<\/a> y por firmar una segunda parte \u201cpara enmarcar\u201d.<\/p>\n<p class=\"ft-text\">Para Saulo, el triunfo no solo tiene<strong> valor clasificatorio<\/strong>, sino tambi\u00e9n emocional y simb\u00f3lico: \u201cS\u00e9 lo dif\u00edcil que es ganar aqu\u00ed y s\u00e9 lo que significa para el club\u201d. Una victoria que acerca al <a class=\"ft-link ft-link--decoration\" href=\"https:\/\/www.laopiniondezamora.es\/deportes\/2026\/04\/23\/cb-zamora-gana-vuelve-sonar-129418812.html\" target=\"_blank\" rel=\"nofollow noopener\">Caja Rural CB Zamora<\/a> a un sue\u00f1o que hace no tanto parec\u00eda inalcanzable.<\/p>\n","protected":false},"excerpt":{"rendered":"Saulo Hern\u00e1ndez, entrenador del Caja Rural CB Zamora, analiz\u00f3 la victoria en Cartagena y destac\u00f3 el valor emocional,&hellip;\n","protected":false},"author":2,"featured_media":513269,"comment_status":"","ping_status":"","sticky":false,"template":"","format":"standard","meta":{"footnotes":""},"categories":[269],"tags":[299,298,2611,4995,2610,168,2226,25,24,18805,10255,63634,52848,23,167,2886],"class_list":["post-513268","post","type-post","status-publish","format-standard","has-post-thumbnail","category-baloncesto","tag-baloncesto","tag-basketball","tag-caja-rural","tag-cartagena","tag-cb-zamora","tag-deportes","tag-entrenador","tag-es","tag-espana","tag-gerardo","tag-melilla","tag-saulo","tag-saulo-hernandez","tag-spain","tag-sports","tag-triunfo"],"share_on_mastodon":{"url":"https:\/\/pubeurope.com\/@es\/116453911255192161","error":""},"_links":{"self":[{"href":"https:\/\/www.europesays.com\/es\/wp-json\/wp\/v2\/posts\/513268","targetHints":{"allow":["GET"]}}],"collection":[{"href":"https:\/\/www.europesays.com\/es\/wp-json\/wp\/v2\/posts"}],"about":[{"href":"https:\/\/www.europesays.com\/es\/wp-json\/wp\/v2\/types\/post"}],"author":[{"embeddable":true,"href":"https:\/\/www.europesays.com\/es\/wp-json\/wp\/v2\/users\/2"}],"replies":[{"embeddable":true,"href":"https:\/\/www.europesays.com\/es\/wp-json\/wp\/v2\/comments?post=513268"}],"version-history":[{"count":0,"href":"https:\/\/www.europesays.com\/es\/wp-json\/wp\/v2\/posts\/513268\/revisions"}],"wp:featuredmedia":[{"embeddable":true,"href":"https:\/\/www.europesays.com\/es\/wp-json\/wp\/v2\/media\/513269"}],"wp:attachment":[{"href":"https:\/\/www.europesays.com\/es\/wp-json\/wp\/v2\/media?parent=513268"}],"wp:term":[{"taxonomy":"category","embeddable":true,"href":"https:\/\/www.europesays.com\/es\/wp-json\/wp\/v2\/categories?post=513268"},{"taxonomy":"post_tag","embeddable":true,"href":"https:\/\/www.europesays.com\/es\/wp-json\/wp\/v2\/tags?post=513268"}],"curies":[{"name":"wp","href":"https:\/\/api.w.org\/{rel}","templated":true}]}}