{"id":51331,"date":"2025-08-16T12:11:18","date_gmt":"2025-08-16T12:11:18","guid":{"rendered":"https:\/\/www.europesays.com\/es\/51331\/"},"modified":"2025-08-16T12:11:18","modified_gmt":"2025-08-16T12:11:18","slug":"colapinto-lo-retiro-de-la-f1-y-ahora-vuelve-a-correr","status":"publish","type":"post","link":"https:\/\/www.europesays.com\/es\/51331\/","title":{"rendered":"Colapinto lo &#8216;retir\u00f3&#8217; de la F1 y ahora vuelve a correr"},"content":{"rendered":"<p>&#13;<br \/>\n                    &#13;<br \/>\n                        &#13;<br \/>\n&#13;<\/p>\n<p>El piloto que dej\u00f3 su lugar en Williams para el debut del argentino en 2024, correr\u00e1 en la serie norteamericana IMSA, en carreras de resistencia.<\/p>\n<p>&#13;<br \/>\n<img decoding=\"async\" class=\"mainImg r16x9\" width=\"416\" height=\"234\" fetchpriority=\"high\" src=\"https:\/\/www.europesays.com\/es\/wp-content\/uploads\/2025\/08\/sargeant_416x234.webp\"  alt=\"Sargeant\" title=\"Sargeant\"\/> Logan Sargeant, en la pelea durante sus d\u00edas de F1. Se baj\u00f3 hace un a\u00f1o, cuando Williams le dio su lugar a Colapinto. (Mark Thompson\/Getty Images)<\/p>\n<p>Logan Sargeant, el piloto que en 2024 dej\u00f3 su lugar en Williams para que Franco Colapinto debute en la F\u00f3rmula 1, volver\u00e1 a correr. Inactivo desde febrero, <b>retomar\u00e1 el automovilismo en el campeonato norteamericano IMSA SportsCar<\/b>, con pruebas de resistencia.<\/p>\n<p>&#13;<\/p>\n<p>        A los 24 a\u00f1os, retornar\u00e1 a las pistas despu\u00e9s de medio a\u00f1o sin correr tras irse extra\u00f1amente del proyecto del equipo IDEC Sport, con respaldo de Hyundai, para la European Le Mans Series. All\u00ed <b>hab\u00edan asegurado que se retiraba \u00abpara dedicarse a otros intereses\u00bb.<\/b><\/p>\n<p>Sargeant<b> correr\u00e1 las dos \u00faltimas fechas de la temporada <\/b>con la estructura PR1 Mathiasen Motorsports, al volante del Oreca 07-Gibson #52. Compartir\u00e1 &#8216;techo&#8217; con un ex-IndyCar, Benjamin Pedersen, y Naveen Rao.<\/p>\n<p><img decoding=\"async\" class=\"mainImg r16x9\" width=\"416\" height=\"234\" fetchpriority=\"low\" loading=\"lazy\" src=\"https:\/\/www.europesays.com\/es\/wp-content\/uploads\/2025\/08\/logan-sargeant_416x234.webp\"  alt=\"Logan Sargeant\" title=\"Logan Sargeant\"\/> Logan Sargeant corri\u00f3 37 carreras en la F\u00f3rmula 1 y sum\u00f3 apenas un punto. (Clive Rose\/Getty Images)<\/p>\n<p>        El debut ser\u00e1 en las 6 horas de Indian\u00e1polis, el 21 de septiembre, mientras que luego cerrar\u00e1 el 2025 el 11 de octubre con 10 horas en Road Atlanta, una carrera tambi\u00e9n conocida como la &#8216;Petit Le Mans&#8217;, en honor a las m\u00edticas 24 horas.<\/p>\n<p>Sargeant, quien supo ser campe\u00f3n mundial de karting y pas\u00f3 con \u00e9xito por F3 y F1, corri\u00f3 en F1 durante 2023 y 2024, <b>hasta que Williams lo baj\u00f3 tras el GP de Pa\u00edses Bajos por malos rendimientos<\/b>, para darle esa butaca a Colapinto.<\/p>\n<p>        <img decoding=\"async\" loading=\"lazy\" src=\"https:\/\/www.europesays.com\/es\/wp-content\/uploads\/2025\/07\/automovilismo.png\" width=\"50\" heigth=\"50\" alt=\"Logo de Automovilismo\"\/><\/p>\n<p class=\"subs-tag\">&#13;<br \/>\n            &#13;<br \/>\n            &#13;<br \/>\n            &#13;<br \/>\n            &#13;<br \/>\n            &#13;<br \/>\n         No te pierdas nada<\/p>\n<p>        &#13;<br \/>\n            Recib\u00ed las \u00faltimas noticias de Automovilismo \u00a1y m\u00e1s!    &#13;<br \/>\n    &#13;<\/p>\n<p>&#13;<br \/>\n    &#13;<br \/>\n       &#13;<br \/>\n&#13;<br \/>\n        Te puede interesar<a href=\"https:\/\/www.tycsports.com\/automovilismo\/la-f1-y-el-balance-de-colapinto-en-la-temporada-entre-la-inestabilidad-de-alpine-y-un-dato-que-ilusiona-id680058.html\" onclick=\"ga4SelectContentEvent(&quot;La F1 y el balance de Colapinto en la temporada, entre la inestabilidad de Alpine y un dato que ilusiona&quot;,&quot;Automovilismo&quot;,&quot;page_nota-comun-2024-blo_4109&quot;,&quot;Gabriel Cottone&quot;);\" class=\"cardImageHolder\" rel=\"nofollow noopener\" target=\"_blank\"><img decoding=\"async\" class=\"cardImage r16x9\" width=\"416\" height=\"234\" fetchpriority=\"low\" loading=\"lazy\" src=\"https:\/\/www.europesays.com\/es\/wp-content\/uploads\/2025\/08\/1755323893_541_franco-colapinto_416x234.webp.webp\"  alt=\"La F1 y el balance de Colapinto en la temporada, entre la inestabilidad de Alpine y un dato que ilusiona\" title=\"La F1 y el balance de Colapinto en la temporada, entre la inestabilidad de Alpine y un dato que ilusiona\"\/><\/a><a href=\"https:\/\/www.tycsports.com\/automovilismo\/fontana-puso-en-duda-su-presencia-en-la-proxima-fecha-del-tc-id680004.html\" onclick=\"ga4SelectContentEvent(&quot;Fontana puso en duda su presencia en la pr\\u00f3xima fecha del TC&quot;,&quot;Automovilismo&quot;,&quot;page_nota-comun-2024-blo_4109&quot;,&quot;Juan Manuel Collazo&quot;);\" class=\"cardImageHolder\" rel=\"nofollow noopener\" target=\"_blank\"><img decoding=\"async\" class=\"cardImage r16x9\" width=\"416\" height=\"234\" fetchpriority=\"low\" loading=\"lazy\" src=\"https:\/\/www.europesays.com\/es\/wp-content\/uploads\/2025\/08\/fontana_416x234.webp\"  alt=\"Fontana puso en duda su presencia en la pr\u00f3xima fecha del TC\" title=\"Fontana puso en duda su presencia en la pr\u00f3xima fecha del TC\"\/><\/a><a href=\"https:\/\/www.tycsports.com\/automovilismo\/alpine-peor-equipo-formula-1-segun-prestigioso-ranking-no-es-suficientemente-buena-id679876.html\" onclick=\"ga4SelectContentEvent(&quot;Alpine, el peor equipo de la F\\u00f3rmula 1, seg\\u00fan un prestigioso ranking: \\u201cNo es lo suficientemente buena\\u201d&quot;,&quot;Automovilismo&quot;,&quot;page_nota-comun-2024-blo_4109&quot;,&quot;Federico Zbogar&quot;);\" class=\"cardImageHolder\" rel=\"nofollow noopener\" target=\"_blank\"><img decoding=\"async\" class=\"cardImage r16x9\" width=\"416\" height=\"234\" fetchpriority=\"low\" loading=\"lazy\" src=\"https:\/\/www.europesays.com\/es\/wp-content\/uploads\/2025\/08\/alpine_416x234.webp\"  alt=\"Alpine, el peor equipo de la F\u00f3rmula 1, seg\u00fan un prestigioso ranking: \u201cNo es lo suficientemente buena\u201d\" title=\"Alpine, el peor equipo de la F\u00f3rmula 1, seg\u00fan un prestigioso ranking: \u201cNo es lo suficientemente buena\u201d\"\/><\/a><a href=\"https:\/\/www.tycsports.com\/automovilismo\/formula-1-planea-cambios-revolucionarios-fomentar-paridad-entre-escuderias-id679804.html\" onclick=\"ga4SelectContentEvent(&quot;La F\\u00f3rmula 1 planea cambios revolucionarios para fomentar la paridad entre las escuder\\u00edas&quot;,&quot;Automovilismo&quot;,&quot;page_nota-comun-2024-blo_4109&quot;,&quot;Tiziano Pascale&quot;);\" class=\"cardImageHolder\" rel=\"nofollow noopener\" target=\"_blank\"><img decoding=\"async\" class=\"cardImage r16x9\" width=\"416\" height=\"234\" fetchpriority=\"low\" loading=\"lazy\" src=\"https:\/\/www.europesays.com\/es\/wp-content\/uploads\/2025\/08\/1755211751_816_f1_416x234.webp\"  alt=\"La F\u00f3rmula 1 planea cambios revolucionarios para fomentar la paridad entre las escuder\u00edas\" title=\"La F\u00f3rmula 1 planea cambios revolucionarios para fomentar la paridad entre las escuder\u00edas\"\/><\/a><a href=\"https:\/\/www.tycsports.com\/automovilismo\/otto-fritzler-y-diego-azar-los-pilotos-de-mercedes-benz-en-el-tc-desde-2026-id679764.html\" onclick=\"ga4SelectContentEvent(&quot;As\\u00ed ser\\u00eda el Mercedes-Benz de TC, con pilotos confirmados&quot;,&quot;Automovilismo&quot;,&quot;page_nota-comun-2024-blo_4109&quot;,&quot;Juan Manuel Collazo&quot;);\" class=\"cardImageHolder\" rel=\"nofollow noopener\" target=\"_blank\"><img decoding=\"async\" class=\"cardImage r16x9\" width=\"416\" height=\"234\" fetchpriority=\"low\" loading=\"lazy\" src=\"https:\/\/www.europesays.com\/es\/wp-content\/uploads\/2025\/08\/mercedes-benz_416x234.webp\"  alt=\"As\u00ed ser\u00eda el Mercedes-Benz de TC, con pilotos confirmados\" title=\"As\u00ed ser\u00eda el Mercedes-Benz de TC, con pilotos confirmados\"\/><\/a><a href=\"https:\/\/www.tycsports.com\/automovilismo\/por-que-la-f1-no-puso-a-colapinto-en-la-lista-de-pilotos-para-2026-id679614.html\" onclick=\"ga4SelectContentEvent(&quot;Por qu\\u00e9 la F1 no puso a Colapinto en la lista de pilotos para 2026&quot;,&quot;Automovilismo&quot;,&quot;page_nota-comun-2024-blo_4109&quot;,&quot;Juan Manuel Collazo&quot;);\" class=\"cardImageHolder\" rel=\"nofollow noopener\" target=\"_blank\"><img decoding=\"async\" class=\"cardImage r16x9\" width=\"416\" height=\"234\" fetchpriority=\"low\" loading=\"lazy\" src=\"https:\/\/www.europesays.com\/es\/wp-content\/uploads\/2025\/08\/1754679789_647_colapinto_416x234.webp\"  alt=\"Por qu\u00e9 la F1 no puso a Colapinto en la lista de pilotos para 2026\" title=\"Por qu\u00e9 la F1 no puso a Colapinto en la lista de pilotos para 2026\"\/><\/a>&#13;<br \/>\n&#13;<br \/>\n    &#13;<br \/>\n&#13;<br \/>\n&#13;<br \/>\n                  &#13;<\/p>\n","protected":false},"excerpt":{"rendered":"&#13; &#13; &#13; &#13; El piloto que dej\u00f3 su lugar en Williams para el debut del argentino en&hellip;\n","protected":false},"author":2,"featured_media":51332,"comment_status":"","ping_status":"","sticky":false,"template":"","format":"standard","meta":{"footnotes":""},"categories":[270],"tags":[1763,168,25,24,306,271,272,1723,23,167],"class_list":{"0":"post-51331","1":"post","2":"type-post","3":"status-publish","4":"format-standard","5":"has-post-thumbnail","7":"category-formula-1","8":"tag-automovilismo","9":"tag-deportes","10":"tag-es","11":"tag-espana","12":"tag-f1","13":"tag-formula-1","14":"tag-formula1","15":"tag-franco-colapinto","16":"tag-spain","17":"tag-sports"},"share_on_mastodon":{"url":"","error":""},"_links":{"self":[{"href":"https:\/\/www.europesays.com\/es\/wp-json\/wp\/v2\/posts\/51331","targetHints":{"allow":["GET"]}}],"collection":[{"href":"https:\/\/www.europesays.com\/es\/wp-json\/wp\/v2\/posts"}],"about":[{"href":"https:\/\/www.europesays.com\/es\/wp-json\/wp\/v2\/types\/post"}],"author":[{"embeddable":true,"href":"https:\/\/www.europesays.com\/es\/wp-json\/wp\/v2\/users\/2"}],"replies":[{"embeddable":true,"href":"https:\/\/www.europesays.com\/es\/wp-json\/wp\/v2\/comments?post=51331"}],"version-history":[{"count":0,"href":"https:\/\/www.europesays.com\/es\/wp-json\/wp\/v2\/posts\/51331\/revisions"}],"wp:featuredmedia":[{"embeddable":true,"href":"https:\/\/www.europesays.com\/es\/wp-json\/wp\/v2\/media\/51332"}],"wp:attachment":[{"href":"https:\/\/www.europesays.com\/es\/wp-json\/wp\/v2\/media?parent=51331"}],"wp:term":[{"taxonomy":"category","embeddable":true,"href":"https:\/\/www.europesays.com\/es\/wp-json\/wp\/v2\/categories?post=51331"},{"taxonomy":"post_tag","embeddable":true,"href":"https:\/\/www.europesays.com\/es\/wp-json\/wp\/v2\/tags?post=51331"}],"curies":[{"name":"wp","href":"https:\/\/api.w.org\/{rel}","templated":true}]}}