{"id":51351,"date":"2025-08-16T12:24:08","date_gmt":"2025-08-16T12:24:08","guid":{"rendered":"https:\/\/www.europesays.com\/es\/51351\/"},"modified":"2025-08-16T12:24:08","modified_gmt":"2025-08-16T12:24:08","slug":"caos-aeropuerto-asturias-indignacion-en-el-aeropuerto-de-asturias-por-la-cancelacion-del-primer-vuelo-a-madrid","status":"publish","type":"post","link":"https:\/\/www.europesays.com\/es\/51351\/","title":{"rendered":"CAOS AEROPUERTO ASTURIAS| Indignaci\u00f3n en el aeropuerto de Asturias por la cancelaci\u00f3n del primer vuelo a Madrid"},"content":{"rendered":"<p class=\"ft-text\">Indignaci\u00f3n en el aeropuerto de Asturias por la cancelaci\u00f3n del vuelo de Iberia de las nueve de la ma\u00f1ana con destino a Madrid. Enlaces perdidos a M\u00e1laga, Buenos Aires, Santorini, Ginebra, Tokio&#8230; Vacaciones amargadas, viajes de negocios interrumpidos y hasta un pasajero desesperado entre lloros ya que que ten\u00eda que viajar a Argentina para asistir a un funeral.<\/p>\n<p class=\"ft-text\">La indignaci\u00f3n crec\u00eda por momentos ante la falta de informaci\u00f3n y la soluci\u00f3n: viaje en autob\u00fas hasta Madrid y all\u00ed dirigirse al mostrador de Iberia para solucionar cada caso.<\/p>\n<p class=\"ft-text\">\u00bfLas causas de la cancelaci\u00f3n? \u00abNo puedo revelar esa informaci\u00f3n\u00bb, respond\u00eda la se\u00f1orita que se afanaba en evitar dar explicaciones. Y entre tanto, m\u00e1s de dos horas despu\u00e9s de la cancelaci\u00f3n, las decenas de pasajeros afectados segu\u00edan esperando por el anunciado autocar.<\/p>\n","protected":false},"excerpt":{"rendered":"Indignaci\u00f3n en el aeropuerto de Asturias por la cancelaci\u00f3n del vuelo de Iberia de las nueve de la&hellip;\n","protected":false},"author":2,"featured_media":51352,"comment_status":"","ping_status":"","sticky":false,"template":"","format":"standard","meta":{"footnotes":""},"categories":[80],"tags":[7351,22753,1770,13849,82,3306,95,94,25,24,13675,21050,205,977,23,2110],"class_list":{"0":"post-51351","1":"post","2":"type-post","3":"status-publish","4":"format-standard","5":"has-post-thumbnail","7":"category-economia","8":"tag-aeropuerto","9":"tag-aeropuerto-de-asturias","10":"tag-asturias","11":"tag-aviles","12":"tag-business","13":"tag-cancelacion","14":"tag-economia","15":"tag-economy","16":"tag-es","17":"tag-espana","18":"tag-iberia","19":"tag-indignacion","20":"tag-madrid","21":"tag-primer","22":"tag-spain","23":"tag-vacaciones"},"share_on_mastodon":{"url":"","error":""},"_links":{"self":[{"href":"https:\/\/www.europesays.com\/es\/wp-json\/wp\/v2\/posts\/51351","targetHints":{"allow":["GET"]}}],"collection":[{"href":"https:\/\/www.europesays.com\/es\/wp-json\/wp\/v2\/posts"}],"about":[{"href":"https:\/\/www.europesays.com\/es\/wp-json\/wp\/v2\/types\/post"}],"author":[{"embeddable":true,"href":"https:\/\/www.europesays.com\/es\/wp-json\/wp\/v2\/users\/2"}],"replies":[{"embeddable":true,"href":"https:\/\/www.europesays.com\/es\/wp-json\/wp\/v2\/comments?post=51351"}],"version-history":[{"count":0,"href":"https:\/\/www.europesays.com\/es\/wp-json\/wp\/v2\/posts\/51351\/revisions"}],"wp:featuredmedia":[{"embeddable":true,"href":"https:\/\/www.europesays.com\/es\/wp-json\/wp\/v2\/media\/51352"}],"wp:attachment":[{"href":"https:\/\/www.europesays.com\/es\/wp-json\/wp\/v2\/media?parent=51351"}],"wp:term":[{"taxonomy":"category","embeddable":true,"href":"https:\/\/www.europesays.com\/es\/wp-json\/wp\/v2\/categories?post=51351"},{"taxonomy":"post_tag","embeddable":true,"href":"https:\/\/www.europesays.com\/es\/wp-json\/wp\/v2\/tags?post=51351"}],"curies":[{"name":"wp","href":"https:\/\/api.w.org\/{rel}","templated":true}]}}