{"id":513514,"date":"2026-04-23T15:19:11","date_gmt":"2026-04-23T15:19:11","guid":{"rendered":"https:\/\/www.europesays.com\/es\/513514\/"},"modified":"2026-04-23T15:19:11","modified_gmt":"2026-04-23T15:19:11","slug":"espana-el-punto-debil-en-las-cuentas-de-bankinter","status":"publish","type":"post","link":"https:\/\/www.europesays.com\/es\/513514\/","title":{"rendered":"Espa\u00f1a, el punto d\u00e9bil en las cuentas de Bankinter\u00a0\u00a0\u00a0"},"content":{"rendered":"<p>Bankinter ha presentado este jueves\u00a0<a href=\"https:\/\/www.economiadigital.es\/empresas\/bankinter-obtiene-un-beneficio-neto-atribuido-de-291-millones-en-el-primer-trimestre-del-ano.html\" target=\"_blank\" rel=\"noreferrer noopener nofollow\">unos s\u00f3lidos resultados del primer trimestre\u00a0de 2026<\/a>, que\u00a0han batido en un 2 % las previsiones de beneficio de los analistas, con unos costes\u00a0y\u00a0provisiones\u00a0mejor de <a href=\"https:\/\/www.finanzas.com\/ibex-35\/bankinter-solido-beneficio-1t26.html\" rel=\"nofollow noopener\" target=\"_blank\">lo esperado<\/a>, as\u00ed como una fuerte generaci\u00f3n de capital (que ha situado\u00a0el CET 1 en el 12,96\u00a0%, tambi\u00e9n\u00a0superior a\u00a0lo anticipado).\u00a0\u00a0<\/p>\n<p>Es decir,<strong> aunque los ingresos se han mantenido estables,\u00a0Bankinter ha ganado m\u00e1s de\u00a0lo\u00a0previsto\u00a0gracias al buen comportamiento de los costes y\u00a0las\u00a0dotaciones frente a\u00a0los\u00a0impagos<\/strong>\u00a0(las provisiones).\u00a0<\/p>\n<p>Estas \u201ccifras confirman las tendencias esperadas a nivel operativo, con un margen de intereses en comparativa trimestral estable a pesar de la estacionalidad\u00bb, ha escrito Nuria \u00c1lvarez, analista de Renta 4.\u00a0<\/p>\n<p><strong>El mercado castiga las acciones de Bankinter<\/strong>\u00a0<\/p>\n<p>No obstante, el mercado ha reaccionado con un castigo superior al 2 % para las acciones de Bankinter\u00a0ante\u00a0el\u00a0punto d\u00e9bil que reflejan estas cuentas: la evoluci\u00f3n del negocio en Espa\u00f1a.\u00a0<\/p>\n<p>En concreto,\u00a0<strong>Bankinter crece por debajo de los bancos de la competencia\u00a0en Espa\u00f1a<\/strong>, especialmente en el segmento de\u00a0las\u00a0hipotecas; al tiempo que\u00a0corre el riesgo de frenar\u00a0el\u00a0volumen de dep\u00f3sitos\u00a0en\u00a0su af\u00e1n\u00a0por\u00a0controlar\u00a0los\u00a0costes\u00a0y evitar pagar demasiado por captar\u00a0liquidez.\u00a0<\/p>\n<p>\u201cEl lastre espa\u00f1ol es ahora evidente en ambos lados del balance, lo que probablemente pesar\u00e1 sobre el comportamiento de la cotizaci\u00f3n\u00bb, apuntaba\u00a0el\u00a0analista\u00a0de Bestinver\u00a0Javier Beldarrain, tras conocer los resultados de Bankinter.\u00a0<\/p>\n<p><strong>El crecimiento del cr\u00e9dito se estanca en Espa\u00f1a<\/strong>\u00a0<\/p>\n<p>En concreto, el crecimiento de la actividad crediticia de Bankinter en Espa\u00f1a se situ\u00f3 en el 3 %, en l\u00ednea con el trimestre anterior y bastante por debajo del 9 % que ascendieron los\u00a0pr\u00e9stamos\u00a0en Portugal y\u00a0del 23 % que sumaron en Irlanda.\u00a0<\/p>\n<p>Adem\u00e1s,\u00a0Espa\u00f1a dio otras se\u00f1ales de ralentizaci\u00f3n\u00a0en el primer trimestre de 2026, como el frenazo en el cr\u00e9dito minorista, cuya evoluci\u00f3n sigue siendo \u00abfloja\u00bb o \u00abpoco din\u00e1mica\u00bb, a ojos del analista de Bestinver.\u00a0<\/p>\n<p>\u00abCabe destacar que la cartera de cr\u00e9dito minorista se mantiene plana tanto interanualmente como trimestre a trimestre, de manera que <strong>el crecimiento en Espa\u00f1a est\u00e1 siendo impulsado por el segmento corporativo<\/strong>, que ha acelerado de forma trimestral (un\u00a08\u00a0% interanual frente al 6\u00a0% interanual que se registr\u00f3 en el\u00a0cuarto trimestre)\u201d, especificaba\u00a0Beldarrain.\u00a0<\/p>\n<p><strong>Frenazo en el crecimiento de los\u00a0dep\u00f3sitos de Bankinter<\/strong>\u00a0<\/p>\n<p>Adem\u00e1s, <strong>el impacto negativo de Espa\u00f1a tambi\u00e9n\u00a0fue\u00a0visible en el \u00e1rea de los dep\u00f3sitos<\/strong>, que crecieron un 1% interanual,\u00a0frente al 6\u00a0% interanual\u00a0que se anotaron\u00a0en el\u00a0cuarto trimestre de 2025.\u00a0<\/p>\n<p>\u201cEn Espa\u00f1a, Bankinter sigue creciendo en cr\u00e9dito hipotecario por debajo del sector. En dep\u00f3sitos, tras un fuerte impulso de las campa\u00f1as de cuentas digitales, el foco pasa ahora a gestionar el coste de la financiaci\u00f3n, pero eso podr\u00eda pesar en las perspectivas de crecimiento de los vol\u00famenes de aqu\u00ed en adelante\u201d, han\u00a0escrito\u00a0por su parte\u00a0los analistas de\u00a0Jefferies.\u00a0<\/p>\n<p>Con todo, Beldarrain mantiene su recomendaci\u00f3n sobre Bankinter en comprar, con un precio objetivo entre 14,4 y 16 euros, ante su \u00abperfil defensivo\u00bb y la \u00abelevada calidad de sus activos\u00bb; mientras que\u00a0Renta 4 y\u00a0Jefferies\u00a0tienen las acciones del banco espa\u00f1ol en mantener, con una valoraci\u00f3n de 13,96 euros y 15,5 euros, respectivamente.\u00a0<\/p>\n","protected":false},"excerpt":{"rendered":"Bankinter ha presentado este jueves\u00a0unos s\u00f3lidos resultados del primer trimestre\u00a0de 2026, que\u00a0han batido en un 2 % las&hellip;\n","protected":false},"author":2,"featured_media":513515,"comment_status":"","ping_status":"","sticky":false,"template":"","format":"standard","meta":{"footnotes":""},"categories":[80],"tags":[11700,82,95,94,25,24,23],"class_list":["post-513514","post","type-post","status-publish","format-standard","has-post-thumbnail","category-economia","tag-bankinter","tag-business","tag-economia","tag-economy","tag-es","tag-espana","tag-spain"],"share_on_mastodon":{"url":"https:\/\/pubeurope.com\/@es\/116454697835179264","error":""},"_links":{"self":[{"href":"https:\/\/www.europesays.com\/es\/wp-json\/wp\/v2\/posts\/513514","targetHints":{"allow":["GET"]}}],"collection":[{"href":"https:\/\/www.europesays.com\/es\/wp-json\/wp\/v2\/posts"}],"about":[{"href":"https:\/\/www.europesays.com\/es\/wp-json\/wp\/v2\/types\/post"}],"author":[{"embeddable":true,"href":"https:\/\/www.europesays.com\/es\/wp-json\/wp\/v2\/users\/2"}],"replies":[{"embeddable":true,"href":"https:\/\/www.europesays.com\/es\/wp-json\/wp\/v2\/comments?post=513514"}],"version-history":[{"count":0,"href":"https:\/\/www.europesays.com\/es\/wp-json\/wp\/v2\/posts\/513514\/revisions"}],"wp:featuredmedia":[{"embeddable":true,"href":"https:\/\/www.europesays.com\/es\/wp-json\/wp\/v2\/media\/513515"}],"wp:attachment":[{"href":"https:\/\/www.europesays.com\/es\/wp-json\/wp\/v2\/media?parent=513514"}],"wp:term":[{"taxonomy":"category","embeddable":true,"href":"https:\/\/www.europesays.com\/es\/wp-json\/wp\/v2\/categories?post=513514"},{"taxonomy":"post_tag","embeddable":true,"href":"https:\/\/www.europesays.com\/es\/wp-json\/wp\/v2\/tags?post=513514"}],"curies":[{"name":"wp","href":"https:\/\/api.w.org\/{rel}","templated":true}]}}