{"id":513685,"date":"2026-04-23T17:37:11","date_gmt":"2026-04-23T17:37:11","guid":{"rendered":"https:\/\/www.europesays.com\/es\/513685\/"},"modified":"2026-04-23T17:37:11","modified_gmt":"2026-04-23T17:37:11","slug":"kiko-jimenez-gana-la-denuncia-por-maltrato-psicologico-que-gloria-camila-presento-contra-el","status":"publish","type":"post","link":"https:\/\/www.europesays.com\/es\/513685\/","title":{"rendered":"Kiko Jim\u00e9nez gana la denuncia por maltrato psicol\u00f3gico que Gloria Camila present\u00f3 contra \u00e9l"},"content":{"rendered":"<p style=\"\"><strong>Kiko Jim\u00e9nez<\/strong> se ha despachado a gusto en las redes sociales tras ganar la denuncia que <strong>Gloria Camila<\/strong> present\u00f3 contra \u00e9l por maltrato psicol\u00f3gico y acoso. Seg\u00fan \u00e9l mismo considera, el auto ha sido \u00abdemoledor\u00bb contra la hija de Ortega Cano y Roc\u00edo  &#8230; Jurado y, al ver que la justicia se ha puesto de su lado, ha dejado claro que comenzar\u00e1 acciones legales contra la que fue su pareja. <\/p>\n<p class=\"v-d-p\" style=\"\">Ha sido en una publicaci\u00f3n en sus redes sociales en donde Kiko agradece a su abogado por defenderle \u00abcon convicci\u00f3n desde el primer momento\u00bb. En un texto compartido con fondo blanco y letra en color negro y ha asegurado que es el momento de hablar \u00abpor la verdad, por la dignidad y por algo que est\u00e1 por encima de cualquier guerra personal: la justicia\u00bb. Despu\u00e9s de dos a\u00f1os en los que ha mantenido el silencio y dice haber vivido \u00abbajo <strong>una sombra que nunca debi\u00f3 existir<\/strong>\u00bb, la de la duda.<\/p>\n<p class=\"v-d-p\" style=\"\">El colaborador televisivo considera que ha sido \u00abse\u00f1alado, juzgado socialmente y puesto en el punto de mira\u00bb por culpa de Gloria Camila y su denuncia, que tal y como \u00e9l mismo indica, se present\u00f3 cinco a\u00f1os despu\u00e9s de terminar su relaci\u00f3n. Kiko acusa a la hija de Ortega Cano de jugar \u00abcon algo extremadamente serio: el maltrato\u00bb. <\/p>\n<ul class=\"v-cmp-rld__u\">\n<li class=\"v-cmp-rld__l\">\n<p><a class=\"v-a-lnk\" href=\"http:\/\/www.abc.es\/gente\/aguasantas-manuel-cortes-anuncia-embarazada-padre-hija-20260330093042-nt.html#vtm_modulosEngag=noticiasrelacionadas-cmp-uno:gente:noticia:1\" title=\"Aguasantas, ex de Manuel Cort\u00e9s, embarazada del padre de la hija de su hermana Alma Cort\u00e9s\" data-voc-vtm-id=\"in-text-traffic\" rel=\"nofollow noopener\" target=\"_blank\"><br \/>\n<img decoding=\"async\" loading=\"lazy\" src=\"https:\/\/www.europesays.com\/es\/wp-content\/uploads\/2026\/04\/aguasantas-embarazada-U85087226758pUc-366x256@diario_abc.jpg\" class=\"v-a-img\" width=\"258\" height=\"180\" alt=\"Aguasantas, ex de Manuel Cort\u00e9s, embarazada del padre de la hija de su hermana Alma Cort\u00e9s\"\/><br \/>\n<\/a><\/p>\n<\/li>\n<\/ul>\n<p class=\"v-d-p\" style=\"\">\u00abY aqu\u00ed es donde quiero ser muy claro. <strong>El maltrato no es un arma<\/strong>. No es una estrategia. No es una herramienta para hacer da\u00f1o a alguien con quien compartiste una relaci\u00f3n. El maltrato es una realidad dur\u00edsima que sufren miles de mujeres y merece todo el respeto, toda la protecci\u00f3n y todos los recursos posibles\u00bb, indica en su publicaci\u00f3n. <\/p>\n<p class=\"v-d-p\" style=\"\">Para Kiko, la denuncia de Gloria Camila ten\u00eda la intenci\u00f3n de \u00abdestruir\u00bb su imagen, apartarle de su trabajo y hacer da\u00f1o a su entorno. \u00ab<strong>Mi familia ha sufrido lo indecible<\/strong>. Hemos pasado momentos que nadie deber\u00eda vivir por algo que nunca ocurri\u00f3\u00bb, revela. En su opini\u00f3n, esta experiencia le ha dejado huella, tanto \u00e9l como a los suyos. Deja claro que, tras recibir la resoluci\u00f3n judicial, da un paso al frente \u00abdesde la firmeza\u00bb en vez de desde el rencor. \u00abDefender el honor no es opcional. Porque la verdad no se negocia. Y porque quien acusa falsamente debe asumir las consecuencias de sus actos\u00bb, sentencia.<\/p>\n<p class=\"v-d-p\" style=\"\">Con la ayuda de su abogado, Jaime Caballero, Kiko va a emprender acciones legales contra Gloria Camila \u00abpara que nadie m\u00e1s tenga que pasar por algo as\u00ed\u00bb, y ha pedido a quienes han alimentado las acusaciones sin fundamento que pidan perd\u00f3n. \u00abHoy no termina todo. <strong>Hoy empieza la reconstrucci\u00f3n<\/strong>\u00bb, dice con la cabeza alta y la conciencia tranquila.<\/p>\n<p class=\"v-d-p\" style=\"\">En sus comentarios no ha faltado su pareja, Sof\u00eda Suescun, que deja claro que siempre confi\u00f3 en \u00e9l. \u00abPor mucho que alguien intente distorsionar la realidad, la esencia de una persona no se puede cambiar ni ocultar, y hoy la justicia solo ha puesto en su sitio la verdad que yo siempre vi en ti\u00bb, ha escrito la creadora de contenido. Otras personas como Carlos Chaparro o Susana Uribarri tambi\u00e9n han aplaudido esta \u00faltima hora del caso.<\/p>\n<p class=\"v-d-p\" style=\"\">Gloria Camila, por su parte, no se ha pronunciado sobre la resoluci\u00f3n judicial y est\u00e1 centrada en sus planes en la Feria de Abril de Sevilla. Aunque seguro que en su pr\u00f3xima aparici\u00f3n televisiva le preguntar\u00e1n al respecto. <\/p>\n","protected":false},"excerpt":{"rendered":"Kiko Jim\u00e9nez se ha despachado a gusto en las redes sociales tras ganar la denuncia que Gloria Camila&hellip;\n","protected":false},"author":2,"featured_media":513686,"comment_status":"","ping_status":"","sticky":false,"template":"","format":"standard","meta":{"footnotes":""},"categories":[171],"tags":[40307,6775,146,147,25,24,4355,3086,11672,3523,5083,19654,13695,23,214],"class_list":["post-513685","post","type-post","status-publish","format-standard","has-post-thumbnail","category-tv","tag-camila","tag-denuncia","tag-entertainment","tag-entretenimiento","tag-es","tag-espana","tag-gana","tag-gloria","tag-jimenez","tag-kiko","tag-maltrato","tag-presento","tag-psicologico","tag-spain","tag-tv"],"share_on_mastodon":{"url":"","error":""},"_links":{"self":[{"href":"https:\/\/www.europesays.com\/es\/wp-json\/wp\/v2\/posts\/513685","targetHints":{"allow":["GET"]}}],"collection":[{"href":"https:\/\/www.europesays.com\/es\/wp-json\/wp\/v2\/posts"}],"about":[{"href":"https:\/\/www.europesays.com\/es\/wp-json\/wp\/v2\/types\/post"}],"author":[{"embeddable":true,"href":"https:\/\/www.europesays.com\/es\/wp-json\/wp\/v2\/users\/2"}],"replies":[{"embeddable":true,"href":"https:\/\/www.europesays.com\/es\/wp-json\/wp\/v2\/comments?post=513685"}],"version-history":[{"count":0,"href":"https:\/\/www.europesays.com\/es\/wp-json\/wp\/v2\/posts\/513685\/revisions"}],"wp:featuredmedia":[{"embeddable":true,"href":"https:\/\/www.europesays.com\/es\/wp-json\/wp\/v2\/media\/513686"}],"wp:attachment":[{"href":"https:\/\/www.europesays.com\/es\/wp-json\/wp\/v2\/media?parent=513685"}],"wp:term":[{"taxonomy":"category","embeddable":true,"href":"https:\/\/www.europesays.com\/es\/wp-json\/wp\/v2\/categories?post=513685"},{"taxonomy":"post_tag","embeddable":true,"href":"https:\/\/www.europesays.com\/es\/wp-json\/wp\/v2\/tags?post=513685"}],"curies":[{"name":"wp","href":"https:\/\/api.w.org\/{rel}","templated":true}]}}