{"id":51394,"date":"2025-08-16T12:59:03","date_gmt":"2025-08-16T12:59:03","guid":{"rendered":"https:\/\/www.europesays.com\/es\/51394\/"},"modified":"2025-08-16T12:59:03","modified_gmt":"2025-08-16T12:59:03","slug":"laliga-inscribe-a-los-fichajes-estrella-del-sporting-y-a-amadou-la-voz-de-asturias","status":"publish","type":"post","link":"https:\/\/www.europesays.com\/es\/51394\/","title":{"rendered":"LaLiga inscribe a los fichajes estrella del Sporting y a Amadou &#8211; La Voz de Asturias"},"content":{"rendered":"<ol>\n<li><a href=\"https:\/\/news.google.com\/rss\/articles\/CBMi1wFBVV95cUxPd2U0MGdOM0xpV3dCMWZraEoxSU1nV2NHb2F1QksyR0ZVOXdFSWFYZ2hRZTBZRS14UUo0SUVhQVlzOFJINTZ1NERzOVdRbGEyeHljdk5uYjZWS1JsZ1FaRlRSdXJTVWFxZVJqc1k2UEl2YVV6SnIxRWYyZVFuaUd5UFExVzk4aW12aFZrRmdPZGtXLUNnYWQwZGk1YmpiRVZUNXgzalFBYlFZcFc4T0NUYUNvQ0xzd25rcFNoc1djVzU4TkJTT25kMXZmVVRFaTNpbktWR3hmTQ?oc=5\" target=\"_blank\" rel=\"nofollow noopener\">LaLiga inscribe a los fichajes estrella del Sporting y a Amadou<\/a>&nbsp;&nbsp;La Voz de Asturias<\/li>\n<li><a href=\"https:\/\/news.google.com\/rss\/articles\/CBMipgFBVV95cUxQdlpmTHhIN1JfSktfY0xyNExYamdaWVdCdlNnc0lQYnVCRUNTM2VGaGxZVEZIdTg0VTBzOVlhVlhzYTNzaThGazhoelkyS1VZbmMtaU93Zk1UaFZBVHNwRXBwODFYT2JycTNzajBobFQzZ3NucEM5RmdIRWxPV0RwQWFJV0s1S2J2d2NMczAyODR3U3F4cnQ0UnpQeDQ0clIyNjJwWkJR?oc=5\" target=\"_blank\" rel=\"nofollow noopener\">Dani Queipo gana enteros en el primer once del Sporting de Gij\u00f3n de Garitano<\/a>&nbsp;&nbsp;El Comercio<\/li>\n<li><a href=\"https:\/\/news.google.com\/rss\/articles\/CBMisgFBVV95cUxQYVEtb2dLTFRuYWxtWFFUQklERjlwbW9GQ184cUdfb1JEaXVDMGIxZmw4SDhhWkFZNE96aTgwLWZ0ZDNtNjd6cmhzdG5ub1NxVG90Q1otcjRyY2RYM05rMUdpYXNtcWl5SnAtY1hWVkMyRy1RS3RxLWs0c3lwaFgtNkVrbU51TVFCdHZhOEc3NG1FS2phcTd2WWNxQU5zdGNhWnB2MzkzU3dnMVBrTmtpUUN30gG3AUFVX3lxTE1FdkREMVozMDBDR0N5a0gwaUVmMVdOU0hodVJ1S0Vocm05bXpPVmRxQjctc1FFNkF4c29PSUZLNjRfb2hTaHBYYmFFNzVkdkY3TXgyaEt5dm5LRUlWcmdjZkMtSi1DYVYyaldyTUlQNTFTdEdKRWIyNjgtSXFMLUNZX3hUamVMWU9RLTdiY18tMlh2YlJ1ZW1oblpZam5kWlg4VmFIMTVyOUE0ZUhDRFJqdlVwc244Yw?oc=5\" target=\"_blank\" rel=\"nofollow noopener\">El Sporting perfila el equipo que abrir\u00e1 la Liga enfrent\u00e1ndose al C\u00f3rdoba CF<\/a>&nbsp;&nbsp;Diario C\u00f3rdoba<\/li>\n<li><a href=\"https:\/\/news.google.com\/rss\/articles\/CBMilgFBVV95cUxPZmpXSzJQZlpvWmwyNzNTWDlIM1JhbGN3ay1QVzM5eXpPcDhkY1BGb1o4ZUpicXZEa1N1aGtIRlA1Z3NZT1F4NWRKWkYzTU4xT3hudmpHWnotYkU5RE80a1lPLUoyVlFBLVE1blEweHQ0X3A2QWVNSnhqN0dBdDhPcERpTFh0cExBclU3MjFLSXMwSmlXQnfSAZsBQVVfeXFMTTktSDloTTNuWEhZVWI2eGtpcWk5WlNzbVNpWTlzMEd6clAyR3FLX3p1cjBuUmxxdU9ZYzBkMkNGaW91R0NGT3BmME1WRGdmZ0VzNzVzNW9UZ3JyVmotRHRGcG53dDE1VWs4Rk1zQU42TG85LWhoLXl5RHBQQWpHcFJFRFQ3aENIYkxTd0JYSm5wX1NnMXlqNkFoNlk?oc=5\" target=\"_blank\" rel=\"nofollow noopener\">Solo doce jugadores inscritos a falta de cuatro d\u00edas para el primer partido de Liga<\/a>&nbsp;&nbsp;LNE<\/li>\n<li><a href=\"https:\/\/news.google.com\/rss\/articles\/CBMisgFBVV95cUxOcXRCQXk1QU1IWmtwcXduRXc4aDNVOVc5VGc4UldZcVQ1Mm50WHV0R1I2Vk1tTzA4d1FYY2RxS3RGdXF0b0VYRU9iVFBsdUc5ekEybjFCcDF2Sm9TUGF0S3dtODZzZUh2cnRjeUJQVFRRN1o2R25DaV9BaVNNdkZ6MkJleUxUazMzLVRKZmlCbllpcHZud1RDWVkxUFRFTmVXMWhIcjZpQ3U2QzE1RzVGV05B0gG3AUFVX3lxTFB3ZVJpMTVTWFBaN1NiZWRmUnJ3LUt0TFlidkNNNm54UWtHRDRVZ1h5bjZ1UXpXcjZRN3gtNnJDMWY4R3kxYkNiYU0xd21ub1A1TkdWcW1VcGFBb0llampid1Ztay1jUGlxVnJ0eUdGdFg2aUgwbk1KZm5UdmJ2bmw2a3FvQUZZNjdZRmVzNWdVemo2T1h4Y2xwSzlqSWJhZ0d2YkVmdmZPUnJvSWZxaDdQY1FQUUxnRQ?oc=5\" target=\"_blank\" rel=\"nofollow noopener\">Un candidato a todo a\u00fan con deberes por hacer<\/a>&nbsp;&nbsp;El Debate<\/li>\n<\/ol>\n","protected":false},"excerpt":{"rendered":"LaLiga inscribe a los fichajes estrella del Sporting y a Amadou&nbsp;&nbsp;La Voz de Asturias Dani Queipo gana enteros&hellip;\n","protected":false},"author":2,"featured_media":51395,"comment_status":"","ping_status":"","sticky":false,"template":"","format":"standard","meta":{"footnotes":""},"categories":[268],"tags":[168,25,24,280,282,281,23,4783,167],"class_list":{"0":"post-51394","1":"post","2":"type-post","3":"status-publish","4":"format-standard","5":"has-post-thumbnail","7":"category-futbol","8":"tag-deportes","9":"tag-es","10":"tag-espana","11":"tag-football","12":"tag-futbol","13":"tag-soccer","14":"tag-spain","15":"tag-sporting-de-gijon","16":"tag-sports"},"share_on_mastodon":{"url":"","error":""},"_links":{"self":[{"href":"https:\/\/www.europesays.com\/es\/wp-json\/wp\/v2\/posts\/51394","targetHints":{"allow":["GET"]}}],"collection":[{"href":"https:\/\/www.europesays.com\/es\/wp-json\/wp\/v2\/posts"}],"about":[{"href":"https:\/\/www.europesays.com\/es\/wp-json\/wp\/v2\/types\/post"}],"author":[{"embeddable":true,"href":"https:\/\/www.europesays.com\/es\/wp-json\/wp\/v2\/users\/2"}],"replies":[{"embeddable":true,"href":"https:\/\/www.europesays.com\/es\/wp-json\/wp\/v2\/comments?post=51394"}],"version-history":[{"count":0,"href":"https:\/\/www.europesays.com\/es\/wp-json\/wp\/v2\/posts\/51394\/revisions"}],"wp:featuredmedia":[{"embeddable":true,"href":"https:\/\/www.europesays.com\/es\/wp-json\/wp\/v2\/media\/51395"}],"wp:attachment":[{"href":"https:\/\/www.europesays.com\/es\/wp-json\/wp\/v2\/media?parent=51394"}],"wp:term":[{"taxonomy":"category","embeddable":true,"href":"https:\/\/www.europesays.com\/es\/wp-json\/wp\/v2\/categories?post=51394"},{"taxonomy":"post_tag","embeddable":true,"href":"https:\/\/www.europesays.com\/es\/wp-json\/wp\/v2\/tags?post=51394"}],"curies":[{"name":"wp","href":"https:\/\/api.w.org\/{rel}","templated":true}]}}