{"id":514011,"date":"2026-04-23T21:45:12","date_gmt":"2026-04-23T21:45:12","guid":{"rendered":"https:\/\/www.europesays.com\/es\/514011\/"},"modified":"2026-04-23T21:45:12","modified_gmt":"2026-04-23T21:45:12","slug":"nace-la-plataforma-vecinal-salvemos-lugo-queremos-xestion-fiabilidade-e-solucions-aos-problemas-la-voz-de-galicia","status":"publish","type":"post","link":"https:\/\/www.europesays.com\/es\/514011\/","title":{"rendered":"Nace la plataforma vecinal \u00abSalvemos Lugo\u00bb: \u00abQueremos xesti\u00f3n, fiabilidade e soluci\u00f3ns aos problemas\u00bb &#8211; La Voz de Galicia"},"content":{"rendered":"<ol>\n<li><a href=\"https:\/\/news.google.com\/rss\/articles\/CBMi6gFBVV95cUxOQnJISnVnUVkxbUlKWWUxc05CWUozQjdkSmVWeFdGU2o5MWtZcVgyQmx3MVN1djhGazRXUFhhZDhaYWlwRVlGMC1BR2ZDcHMxdGgtdy1odFRWWFZKS2xqWFFSdXZtNUtxal9UTVc0RmlfNHplOUJ4c3RuM29LZWNHQnVJNkdFa0FUVWUyS3FLOHVSalJsWG8yejBiR1hocUNyY25LQWxZa3ZkT0JncnZCZ2o2bncwTmhMTlAxejZEQjdMYnVoWnhULURMaHo3LWtQMERYQWJSaVVDNXR5MG1VNHF3blVhNG5OR2fSAYYCQVVfeXFMTVZneDJaTWVDcTd6RU1ldTlHdk5nTkdxV0djTVpHaUxMUzZVMFdjZk5tV040OURkR1R6el91d3d5YWNaMlVyQWl6ellpZTBnUl91SnZXamN1WnY4bnZIdGVaSnd3RGRZMU5JeFdGV0d6MDI1UERPdU5sNVhXQlF0Z1NSdUhFZlV6SzFleGdiLUN4ckluTTJBeVFkYThUcDNIeWp4S2djNzhhQ1Bid3pLLTRUcktMUzNhQmxQczVzWlVyZlIyaFJUVHloalFwRGFxMlpVRjJ1eWtlNFhBU21rWmFSNV96cVRvQ0gyYnhjai1aWm9mQzdKbmVJSjZwY0hPR291anRRUQ?oc=5\" target=\"_blank\" rel=\"nofollow noopener\">Nace la plataforma vecinal \u00abSalvemos Lugo\u00bb: \u00abQueremos xesti\u00f3n, fiabilidade e soluci\u00f3ns aos problemas\u00bb<\/a>&nbsp;&nbsp;La Voz de Galicia<\/li>\n<li><a href=\"https:\/\/news.google.com\/rss\/articles\/CBMie0FVX3lxTE40Sl8yeE9EamozMXdRMjdpTjZoaW54TDhLQ2tWZkNNbmJRUkVfd2dncWpMM0Z4c09sb2FKZWs0UWNUbVphRTdYX0stUWlweHUzbnEtQnNJMnNZblVwMTdCVnl1bVRXUWROYTNUSU14RFZPbk9tU3ktbEw2QdIBe0FVX3lxTE5FRko2TlZ6OERfdnBjT2tvVTlJem9tOURicGpHYkdjOXZYS2t0UHhRVkFuTmNMRW1uakJ2VWs1UWlIZHFlRml6QU55N1FVWFFNRnF6cjl0SGVRRzFhU3RmZm9RN2l6eXZnOXdTcVBRXzJhSGg0Rk10TldDYw?oc=5\" target=\"_blank\" rel=\"nofollow noopener\">La moci\u00f3n de censura m\u00e1s pol\u00e9mica: una tr\u00e1nsfuga del PSOE, que lleg\u00f3 al gobierno tras la muerte de tres compa\u00f1eros, dar\u00e1 Lugo al PP 27 a\u00f1os despu\u00e9s<\/a>&nbsp;&nbsp;El Mundo<\/li>\n<li><a href=\"https:\/\/news.google.com\/rss\/articles\/CBMiygFBVV95cUxOZ29DeGo1S2pNVUhCTVdEWGRuR3RMZzhEUzZvRGNsbmotcmFDVG5YdEFRTHhYM3M0YlVJSFI5OXNBZ0xMa2R3emZjTGpXZk5jN25RTE5CcmREdzl2LUpZTVNueDVDZ21KaWVnckw3Ykl3WkdKRzBTZHg4YUFXV21DVk1yNUNGclg2eGVEWmplX3FfQnNPNEJKSmdQVm5TV2JGSFdnc00tQU1lN2pTWWVadHlWTFBBT2kzdlpOSDdqdUxCWWJ2RXJhU0FR?oc=5\" target=\"_blank\" rel=\"nofollow noopener\">Miguel Fern\u00e1ndez, alcalde de Lugo: \u00abEl PP presenta la moci\u00f3n porque baja en las encuestas y va a comprar voluntades\u00bb<\/a>&nbsp;&nbsp;elDiario.es<\/li>\n<li><a href=\"https:\/\/news.google.com\/rss\/articles\/CBMi9wFBVV95cUxNdjFMZG5ZM25kVWdSTU9yN1VvVDNfeGo0T1l0OXdwWVZWaHFMSHdtUjBqc1hmcmp5X2t2SkEzdmNsNVMxeS1CWGNxdzlpVzB5U19GQlJHSnNWTWxPclFSdXZaQlpMMXpsa0tWTTB5aVctM25aNVl3a1FRMDZSNDlTNC1TdlZPLU9NWThzSFhEVlBNNWtNTnFVU0ZsRGxabmVRUS1hQzVOWkppS3AxSmdNV19tWVJadWE1TnJBUVJEX2JVbzJjXzFXSmpoOThJYVBIZHNON2ZQYkxFWkZQRVJhaHVEUUQ2Sk9ISTVDekdVUnlkeGRqaURR0gGTAkFVX3lxTE1VS3BlenBvX2tKQmxkczFsb2haU0wtSS1vVENENmV6a2RRUElHSFZOSGgyZnNKTkFGdjB3ci1QZmNuYkdSQjVZeHdYaE1pdjJXRk9NaWxKdE84YklfakNaQVVPakZyQzh5VTBXMXVlWGZyVFdfc2hIa3F4UGF3TUUwblVGdWRhT01sZkk5U3FQbm1fLVp4MHRxT1RfNTJOXzdMOUpXOFVpQ0dsUE9GcVg1bUdqdFlLMkZpa1FUN25fOXF4cW1DdTdsZ2toQktTNmJXbDJsWEFqRmN6R3FEcFVtNFd2bHBfOGwtUHhycXM2MFA1VEQ3N1hFZFhBeEpOV1BTTXpuQmxsRlBqSmNSV1JzMEpN?oc=5\" target=\"_blank\" rel=\"nofollow noopener\">Besteiro rechaza comparar la moci\u00f3n en Lugo con la de Noia: \u00abEstamos fronte a malas persoas\u00bb<\/a>&nbsp;&nbsp;La Voz de Galicia<\/li>\n<li><a href=\"https:\/\/news.google.com\/rss\/articles\/CBMixwFBVV95cUxNaE9mRnlWWnNSZWJVSlV5MjZpZEZxdHlyZFBOX2tmRWNTYUZQeEFtNERFdDRxNzU3VU10UHhMZ0FpZnRCYTBsa1g1OEFqUGI1LUlJVm5GOW1qM3pjOGtMamQza01GT2Q5d2R3bF9LZ1JOcmFoaXM4Zm5mRHZ5QmUtS3FzdkFEUHM4VjVSSnBqQVZwbzRvY0ZPRGpWWmFxdzVHV3JwbnpQR1o0SVc5ZTBGOWstTzVWLUEyTjdzbExZZFdLMmxrQUlR0gHMAUFVX3lxTE1rdjNrcW1OQ1FmQmwtQ1FjMXBYYzdFM3ZHNmlNR1hzNGRPRHlwWTNPMnhpVlYzekRoWGdXQ0N5bUhOOGotQW0zOGlYODBvZUNDUHlNb1kzOWlxQ1ljX0pQMmpsNGdPbUt3SGFLOWJLdWV6TnBZMmFndTlBVGF3NUdVeTZRVHBNVEZHMnlvZDVtdzN6UzFoUVpQWGp1bzZxSlZmZ0VDNHh5bmhha3JJTUhIdG5LMHUtaUIyNFdWNTNCNnFTWlJkVDRKSG96dQ?oc=5\" target=\"_blank\" rel=\"nofollow noopener\">La nueva ola de transfuguismo municipal llega a las capitales de provincia con la del PP en Lugo<\/a>&nbsp;&nbsp;La Vanguardia<\/li>\n<\/ol>\n","protected":false},"excerpt":{"rendered":"Nace la plataforma vecinal \u00abSalvemos Lugo\u00bb: \u00abQueremos xesti\u00f3n, fiabilidade e soluci\u00f3ns aos problemas\u00bb&nbsp;&nbsp;La Voz de Galicia La moci\u00f3n&hellip;\n","protected":false},"author":2,"featured_media":514012,"comment_status":"","ping_status":"","sticky":false,"template":"","format":"standard","meta":{"footnotes":""},"categories":[8],"tags":[17,18,25,24,13,14,11,19,20,22425,37428,9,10,15,16,23,12,21,22],"class_list":["post-514011","post","type-post","status-publish","format-standard","has-post-thumbnail","category-espana","tag-breaking-news","tag-breakingnews","tag-es","tag-espana","tag-featured-news","tag-featurednews","tag-headlines","tag-latest-news","tag-latestnews","tag-lugo-ciudad","tag-mocion-de-censura","tag-news","tag-noticias","tag-noticias-destacadas","tag-noticiasdestacadas","tag-spain","tag-titulares","tag-ultimas-noticias","tag-ultimasnoticias"],"share_on_mastodon":{"url":"https:\/\/pubeurope.com\/@es\/116456215270940057","error":""},"_links":{"self":[{"href":"https:\/\/www.europesays.com\/es\/wp-json\/wp\/v2\/posts\/514011","targetHints":{"allow":["GET"]}}],"collection":[{"href":"https:\/\/www.europesays.com\/es\/wp-json\/wp\/v2\/posts"}],"about":[{"href":"https:\/\/www.europesays.com\/es\/wp-json\/wp\/v2\/types\/post"}],"author":[{"embeddable":true,"href":"https:\/\/www.europesays.com\/es\/wp-json\/wp\/v2\/users\/2"}],"replies":[{"embeddable":true,"href":"https:\/\/www.europesays.com\/es\/wp-json\/wp\/v2\/comments?post=514011"}],"version-history":[{"count":0,"href":"https:\/\/www.europesays.com\/es\/wp-json\/wp\/v2\/posts\/514011\/revisions"}],"wp:featuredmedia":[{"embeddable":true,"href":"https:\/\/www.europesays.com\/es\/wp-json\/wp\/v2\/media\/514012"}],"wp:attachment":[{"href":"https:\/\/www.europesays.com\/es\/wp-json\/wp\/v2\/media?parent=514011"}],"wp:term":[{"taxonomy":"category","embeddable":true,"href":"https:\/\/www.europesays.com\/es\/wp-json\/wp\/v2\/categories?post=514011"},{"taxonomy":"post_tag","embeddable":true,"href":"https:\/\/www.europesays.com\/es\/wp-json\/wp\/v2\/tags?post=514011"}],"curies":[{"name":"wp","href":"https:\/\/api.w.org\/{rel}","templated":true}]}}