{"id":514072,"date":"2026-04-23T22:42:16","date_gmt":"2026-04-23T22:42:16","guid":{"rendered":"https:\/\/www.europesays.com\/es\/514072\/"},"modified":"2026-04-23T22:42:16","modified_gmt":"2026-04-23T22:42:16","slug":"la-saga-de-los-orozco-y-el-sueno-del-coto-cordoba-de-ascender-a-primera-feb","status":"publish","type":"post","link":"https:\/\/www.europesays.com\/es\/514072\/","title":{"rendered":"La saga de los Orozco y el sue\u00f1o del Coto C\u00f3rdoba de ascender a Primera FEB"},"content":{"rendered":"<p class=\"ft-text ft-helper-align-justify\">El <a class=\"ft-link ft-link--decoration\" href=\"https:\/\/www.diariocordoba.com\/deportes\/2026\/04\/22\/cordoba-vuelve-sonar-24-anos-129389473.html\" rel=\"nofollow noopener\" target=\"_blank\">Coto C\u00f3rdoba de Baloncesto<\/a> ya ultima la preparaci\u00f3n del encuentro de ida de la final por el ascenso a la <strong>Primera FEB<\/strong> que disputar\u00e1 contra el <strong>Amics Castell\u00f3. <\/strong><a class=\"ft-link ft-link--decoration\" href=\"https:\/\/www.diariocordoba.com\/deportes\/2026\/04\/22\/cordoba-vuelve-sonar-24-anos-129389473.html\" rel=\"nofollow noopener\" target=\"_blank\">El duelo entre los campeones<\/a> de los grupos Este (Castell\u00f3) y Oeste (Coto) tendr\u00e1 lugar este s\u00e1bado a partir de las 20.00 horas en Vista Alegre.<\/p>\n<p class=\"ft-text ft-helper-align-justify\">El bloque blanquiverde sue\u00f1a con ascender a la segunda categor\u00eda nacional, para de esta forma llegar al nivel en el que ya compitieron el <strong>Aret\u00e9 Univeridad Laboral <\/strong>(65-68), el <strong>Cajasur Juventud <\/strong>(81-82, 86-88 y 92-02) y el<strong> Cajasur Pozoblanco<\/strong> (95-96). Hubo una experiencia m\u00e1s en el baloncesto profesional masculino con la presencia del Juventud en la <strong>CBP<\/strong> (Circuito de Baloncesto Profesional) en la campa\u00f1a 88-89.<\/p>\n<p class=\"ft-text ft-helper-align-justify\">La plantilla actual del Coto cuenta con dos cordobeses, los hermanos <strong>Gonzalo y Alejandro Orozco. <\/strong>Ambos forman la tercera generaci\u00f3n de una saga que inici\u00f3 su abuelo, el entrenador <strong>Jes\u00fas Orozco <\/strong>\u2013ya fallecido-, y que continu\u00f3 su padre, <strong>Pablo Orozco. <\/strong><\/p>\n<p><img decoding=\"async\" src=\"https:\/\/www.europesays.com\/es\/wp-content\/uploads\/2026\/04\/6059751a-9635-4a65-9954-3b6dc32572a9_alta-libre-aspect-ratio_default_0_x352y166.jpg\" width=\"1200\" height=\"851\" alt=\"Jes\u00fas Orozco, primero izquierda, con un equipo del Maristas.\" class=\"ft-helper-img-rd\" loading=\"lazy\" fetchpriority=\"auto\"\/><\/p>\n<p class=\"ft-helper-fontColor-quaternary ft-helper-fontSize-body-S ft-helper-spacer-t-xxs\">Jes\u00fas Orozco, primero izquierda, con un equipo del Maristas.  \/ C\u00d3RDOBA<\/p>\n<p>Con pasado en el Juventud y el Pozoblanco<\/p>\n<p class=\"ft-text ft-helper-align-justify\">Precisamente, Pablo Orozco compiti\u00f3 en la segunda categor\u00eda nacional con dos equipos, el Cajasur Juventud (87-88) y el Cajasur Pozoblanco (96-96). Todav\u00eda hoy est\u00e1 entre los 17 jugadores con m\u00e1s partidos disputados en la categor\u00eda de plata con un club de la provincia. Adem\u00e1s es uno de los cuatro que lo ha conseguido con dos equipos, junto a <strong>Antonio Mendoza, Manolo Camacho y Jos\u00e9 Mar\u00eda Mart\u00edn, <\/strong>pues los cuatro jugaron con el Cajasur Juventud y el Cajasur Pozoblanco en la segunda categor\u00eda espa\u00f1ola.<\/p>\n<p class=\"ft-text ft-helper-align-justify\">Pablo Orozco comparti\u00f3 vestuario en el Cajasur Juventud, con <a class=\"ft-link ft-link--decoration\" href=\"https:\/\/www.diariocordoba.com\/deportes\/2018\/01\/22\/derrick-gervin-cordoba-ciudad-recordare-36486417.html\" rel=\"nofollow noopener\" target=\"_blank\">Derrick Gervin, <\/a>aquel alero de 2,03 metros que caus\u00f3 sensaci\u00f3n en C\u00f3rdoba por anotar 1.760 puntos en 38 partidos, a una media incre\u00edble de 46,3. Gervin anot\u00f3 tres veces m\u00e1s de 60 puntos. Su tope fue de 64, logrado el 24 de enero de 1988 en la victoria cordobesa frente al Ferrys Lliria (110-98). Tambi\u00e9n formaron parte de aquella plantilla jugadores cordobeses como <strong>Manolo Garc\u00eda y \u00c1ngel Sim\u00f3n. <\/strong>El recordado <a class=\"ft-link ft-link--decoration\" href=\"https:\/\/www.diariocordoba.com\/deportes\/2022\/09\/20\/nombre-abilio-baloncesto-honra-memoria-75676657.html\" rel=\"nofollow noopener\" target=\"_blank\">Abilio Antol\u00edn<\/a> \u2013ya fallecido- era el t\u00e9cnico de aquel equipo que jugaba en el m\u00edtico \u2018Poli\u2019 de La Juventud.<\/p>\n<p class=\"ft-text ft-helper-align-justify\">Los cuatro componentes de la saga Orozco tienen tambi\u00e9n en com\u00fan haber pasado por la cantera del <strong>Maristas de C\u00f3rdoba.<\/strong> Incluso estuvieron juntos como t\u00e9cnicos y jugadores en los mismos equipos. As\u00ed, Jes\u00fas Orozco dirigi\u00f3 a Pablo en los 80 en las categor\u00edas menores de los conjuntos del colegio Cervantes. Pablo tambi\u00e9n entren\u00f3 a sus dos hijos en el Maristas, concretamente en la campa\u00f1a 20-21 en la N1 Nacional. Tambi\u00e9n llegaron a coincidir m\u00e1s de un Orozco en el Pe\u00f1arroya. Jes\u00fas Orozco entren\u00f3 a Pablo en la Liga 92-93 y Pablo a Gonzalo en la 21-22.<\/p>\n<p><img decoding=\"async\" src=\"https:\/\/www.europesays.com\/es\/wp-content\/uploads\/2026\/04\/d55e553f-7fb9-4a06-92aa-7d544abb72aa_alta-libre-aspect-ratio_default_0_x640y249.jpg\" width=\"1200\" height=\"702\" alt=\"Gonzalo y Alejandro Orozco, en un encuentro de la presente temporada.\" class=\"ft-helper-img-rd\" loading=\"lazy\" fetchpriority=\"auto\"\/><\/p>\n<p class=\"ft-helper-fontColor-quaternary ft-helper-fontSize-body-S ft-helper-spacer-t-xxs\">Gonzalo y Alejandro Orozco, en un encuentro de la presente temporada.  \/ Manuel Murillo<\/p>\n<p>Pablo Orozco: \u00abTodo va a quedar pendiente de lo que pase en la vuelta\u00bb<\/p>\n<p class=\"ft-text ft-helper-align-justify\">Pablo Orozco cuenta de su etapa en el Cajasur, jugando los partidos en el <strong>Polideportivo de La Juventud,<\/strong> que \u201cera todo muy diferente, el ambiente, el pabell\u00f3n, <strong>aquello era una olla presi\u00f3n<\/strong> y aqu\u00ed se ve todo m\u00e1s relajado\u201d.<\/p>\n<p class=\"ft-text ft-helper-align-justify\">Sobre el baloncesto actual, considera que hay equipos que juegan a \u201ctirar de tres y ya ir\u00e9 al rebote, pero a m\u00ed me ense\u00f1aron que hay que defender, que luego el ataque ya saldr\u00e1 casi solo\u201d. Del actual Coto remarca que \u201cno hay ning\u00fan equipo que en cuestiones t\u00e9cnico-t\u00e1cticas destaque sobre los dem\u00e1s, lo que provoca que cualquiera pueda ser el protagonista en un momento u otro\u201d.<\/p>\n<p class=\"ft-text ft-helper-align-justify\">La eliminatoria vaticina que va ser \u201cmuy dura porque el Coto tambi\u00e9n quiere ascender, tambi\u00e9n ha sido campe\u00f3n y al final, al ser a doble partido, todo va a quedar pendiente de lo que pase en la vuelta, ganes o pierdas de mucho, nunca va a ser suficiente\u201d. A los jugadores del Coto les pide que \u201csean ellos mismos, que jueguen de la manera que les ha llevado a ser campeones de grupo\u201d.<\/p>\n<p><img decoding=\"async\" src=\"https:\/\/www.europesays.com\/es\/wp-content\/uploads\/2026\/04\/8ab7ac16-8f4a-4fc9-9eb3-14b7315429cd_alta-libre-aspect-ratio_default_0_x847y341.jpg\" width=\"1200\" height=\"725\" alt=\"Gonzalo Orozco controla el bal\u00f3n.\" class=\"ft-helper-img-rd\" loading=\"lazy\" fetchpriority=\"auto\"\/><\/p>\n<p class=\"ft-helper-fontColor-quaternary ft-helper-fontSize-body-S ft-helper-spacer-t-xxs\">Gonzalo Orozco controla el bal\u00f3n.  \/ A.J. Gonz\u00e1lez<\/p>\n<p>Alejandro Orozco: \u00abLa clave va a ser que nos mantengamos todos juntos\u00bb<\/p>\n<p class=\"ft-text ft-helper-align-justify\">Alejandro Orozco se ve ante la eliminatoria \u201ctranquilo, con ganas de disfrutarla al m\u00e1ximo, creo que la clave va a ser que nos mantengamos todos juntos, como en toda la temporada\u201d.<\/p>\n<p>Gonzalo Orozco: \u00abVa a vivirse un gran espect\u00e1culo\u00bb<\/p>\n<p class=\"ft-text ft-helper-align-justify\">Gonzalo Orozco es, junto al jienense Pablo S\u00e1nchez, uno de los dos jugadores encargados de dirigir el juego. El mayor de los hermanos recalca que \u201chablo con Pablo que estamos aqu\u00ed por algo, somos buenos y ya est\u00e1\u201d, adem\u00e1s de insistir que \u00abtenemos m\u00e1s ilusi\u00f3n que presi\u00f3n\u00bb.<\/p>\n<p class=\"ft-text ft-helper-align-justify\">Del Castell\u00f3 es consciente de que \u201cson muy buenos\u201d pero insiste en que \u201cnosotros estamos aqu\u00ed por algo\u201d. A la afici\u00f3n le pide Gonzalo que vayan a Vista Alegre porque \u201cpartidos de este tipo hay muy pocos y va a vivirse un gran espect\u00e1culo\u201d.<\/p>\n<p><img decoding=\"async\" src=\"https:\/\/www.europesays.com\/es\/wp-content\/uploads\/2026\/04\/2975a3cf-3591-4870-9a6c-d7f815acaad6_alta-libre-aspect-ratio_default_0_x600y236.jpg\" width=\"1200\" height=\"709\" alt=\"Pablo Orozco, segunda izquierda agachado, con el Diario C\u00f3rdoba Cajasur en la temporada 87-88.\" class=\"ft-helper-img-rd\" loading=\"lazy\" fetchpriority=\"auto\"\/><\/p>\n<p class=\"ft-helper-fontColor-quaternary ft-helper-fontSize-body-S ft-helper-spacer-t-xxs\">Pablo Orozco, segunda izquierda agachado, con el Diario C\u00f3rdoba Cajasur en la temporada 87-88.  \/ C\u00d3RDOBA<\/p>\n","protected":false},"excerpt":{"rendered":"El Coto C\u00f3rdoba de Baloncesto ya ultima la preparaci\u00f3n del encuentro de ida de la final por el&hellip;\n","protected":false},"author":2,"featured_media":514073,"comment_status":"","ping_status":"","sticky":false,"template":"","format":"standard","meta":{"footnotes":""},"categories":[269],"tags":[299,298,2760,10049,168,25,24,3849,11498,3977,23,167,3466],"class_list":["post-514072","post","type-post","status-publish","format-standard","has-post-thumbnail","category-baloncesto","tag-baloncesto","tag-basketball","tag-cordoba","tag-coto","tag-deportes","tag-es","tag-espana","tag-orozco","tag-saga","tag-segunda-feb","tag-spain","tag-sports","tag-sueno"],"share_on_mastodon":{"url":"https:\/\/pubeurope.com\/@es\/116456439591640900","error":""},"_links":{"self":[{"href":"https:\/\/www.europesays.com\/es\/wp-json\/wp\/v2\/posts\/514072","targetHints":{"allow":["GET"]}}],"collection":[{"href":"https:\/\/www.europesays.com\/es\/wp-json\/wp\/v2\/posts"}],"about":[{"href":"https:\/\/www.europesays.com\/es\/wp-json\/wp\/v2\/types\/post"}],"author":[{"embeddable":true,"href":"https:\/\/www.europesays.com\/es\/wp-json\/wp\/v2\/users\/2"}],"replies":[{"embeddable":true,"href":"https:\/\/www.europesays.com\/es\/wp-json\/wp\/v2\/comments?post=514072"}],"version-history":[{"count":0,"href":"https:\/\/www.europesays.com\/es\/wp-json\/wp\/v2\/posts\/514072\/revisions"}],"wp:featuredmedia":[{"embeddable":true,"href":"https:\/\/www.europesays.com\/es\/wp-json\/wp\/v2\/media\/514073"}],"wp:attachment":[{"href":"https:\/\/www.europesays.com\/es\/wp-json\/wp\/v2\/media?parent=514072"}],"wp:term":[{"taxonomy":"category","embeddable":true,"href":"https:\/\/www.europesays.com\/es\/wp-json\/wp\/v2\/categories?post=514072"},{"taxonomy":"post_tag","embeddable":true,"href":"https:\/\/www.europesays.com\/es\/wp-json\/wp\/v2\/tags?post=514072"}],"curies":[{"name":"wp","href":"https:\/\/api.w.org\/{rel}","templated":true}]}}