{"id":514634,"date":"2026-04-24T06:59:10","date_gmt":"2026-04-24T06:59:10","guid":{"rendered":"https:\/\/www.europesays.com\/es\/514634\/"},"modified":"2026-04-24T06:59:10","modified_gmt":"2026-04-24T06:59:10","slug":"la-expulsion-de-ingrid-betancor-de-supervivientes-da-un-giro-inesperado-tras-el-anuncio-sorpresa-de-la-organizacion","status":"publish","type":"post","link":"https:\/\/www.europesays.com\/es\/514634\/","title":{"rendered":"La expulsi\u00f3n de Ingrid Betancor de &#8216;Supervivientes&#8217; da un giro inesperado tras el anuncio sorpresa de la organizaci\u00f3n"},"content":{"rendered":"<p>&#8216;Supervivientes&#8217; vivi\u00f3 ayer un giro de guion en su mec\u00e1nica. Era noche de expulsi\u00f3n. Se jugaban su salida los tres nominados finales: Gerard Arias,  &#8230; Almudena Porras e Ingrid Betancor. Una votaci\u00f3n en la que la mujer de <a href=\"https:\/\/www.elcorreo.com\/gente-estilo\/emotiva-llamada-ibai-gomez-mujer-ingrid-betancor-20260420090503-nt.html\" data-voc-vtm-id=\"in-text-traffic\" title=\"Ibai G\u00f3mez\" data-mrf-link=\"www.elcorreo.com\" rel=\"nofollow noopener\" target=\"_blank\">Ibai G\u00f3mez<\/a> recibi\u00f3 menor respaldo de la audiencia. Pero la modelo e influencer no iba a regresar a casa, donde le esperan su marido y sus hijos, sino que el reality le daba una segunda oportunidad regresando a la &#8216;zona Par\u00e1sito&#8217;. <\/p>\n<p class=\"v-p\">De esta forma, Ingrid continuar\u00e1 en &#8216;Supervivientes&#8217;. Ha sido toda una sorpresa para la modelo, que sufri\u00f3 un ataque de ansiedad, ya que ella imaginaba un reecuentro con su familia. Sin embargo, seguir\u00e1 en el reality junto a Marisa Jara, propuesta por el programa a ser concursante oficial.<\/p>\n<p class=\"v-p\">Fue Jorge Javier V\u00e1zquez quien le hizo una oferta a Jara: \u00abHas pescado, has hecho fuego, convivido, lo has hecho tan bien que se ha tomado una decisi\u00f3n de manera un\u00e1nime para ofrecerte esta oportunidad: \u00bfquieres quedarte en Supervivientes como concursante de pleno derecho e incorporarte a la aventura?\u00bb. Una propuesta que ella no rechaz\u00f3.<\/p>\n<p class=\"v-p\">As\u00ed, Jara e Ingrid convivir\u00e1n en la &#8216;zona par\u00e1sita&#8217;, una plataforma sobre el mar que no podr\u00e1n abandonar. Adem\u00e1s, comer\u00e1n los alimentos que les ofrezcan sus compa\u00f1eros. Ser\u00e1 el domingo cuando se abrir\u00e1 una votaci\u00f3n r\u00e1pida en la que los espectadores decidir\u00e1n qui\u00e9n de las dos se vuelve a casa y qui\u00e9n se reincorpora a la aventura. <\/p>\n","protected":false},"excerpt":{"rendered":"&#8216;Supervivientes&#8217; vivi\u00f3 ayer un giro de guion en su mec\u00e1nica. Era noche de expulsi\u00f3n. Se jugaban su salida&hellip;\n","protected":false},"author":2,"featured_media":514635,"comment_status":"","ping_status":"","sticky":false,"template":"","format":"standard","meta":{"footnotes":""},"categories":[171],"tags":[6243,96446,146,147,25,24,3193,7957,9037,3876,14035,5785,23,3947,575,214],"class_list":["post-514634","post","type-post","status-publish","format-standard","has-post-thumbnail","category-tv","tag-anuncio","tag-betancor","tag-entertainment","tag-entretenimiento","tag-es","tag-espana","tag-expulsion","tag-giro","tag-inesperado","tag-ingrid","tag-organizacion","tag-sorpresa","tag-spain","tag-supervivientes","tag-tras","tag-tv"],"share_on_mastodon":{"url":"https:\/\/pubeurope.com\/@es\/116458393892874320","error":""},"_links":{"self":[{"href":"https:\/\/www.europesays.com\/es\/wp-json\/wp\/v2\/posts\/514634","targetHints":{"allow":["GET"]}}],"collection":[{"href":"https:\/\/www.europesays.com\/es\/wp-json\/wp\/v2\/posts"}],"about":[{"href":"https:\/\/www.europesays.com\/es\/wp-json\/wp\/v2\/types\/post"}],"author":[{"embeddable":true,"href":"https:\/\/www.europesays.com\/es\/wp-json\/wp\/v2\/users\/2"}],"replies":[{"embeddable":true,"href":"https:\/\/www.europesays.com\/es\/wp-json\/wp\/v2\/comments?post=514634"}],"version-history":[{"count":0,"href":"https:\/\/www.europesays.com\/es\/wp-json\/wp\/v2\/posts\/514634\/revisions"}],"wp:featuredmedia":[{"embeddable":true,"href":"https:\/\/www.europesays.com\/es\/wp-json\/wp\/v2\/media\/514635"}],"wp:attachment":[{"href":"https:\/\/www.europesays.com\/es\/wp-json\/wp\/v2\/media?parent=514634"}],"wp:term":[{"taxonomy":"category","embeddable":true,"href":"https:\/\/www.europesays.com\/es\/wp-json\/wp\/v2\/categories?post=514634"},{"taxonomy":"post_tag","embeddable":true,"href":"https:\/\/www.europesays.com\/es\/wp-json\/wp\/v2\/tags?post=514634"}],"curies":[{"name":"wp","href":"https:\/\/api.w.org\/{rel}","templated":true}]}}