{"id":514716,"date":"2026-04-24T08:02:19","date_gmt":"2026-04-24T08:02:19","guid":{"rendered":"https:\/\/www.europesays.com\/es\/514716\/"},"modified":"2026-04-24T08:02:19","modified_gmt":"2026-04-24T08:02:19","slug":"226ers-lanza-immune-whey-protein-nueva-proteina-funcional-para-ciclistas-y-deportistas-esciclismo","status":"publish","type":"post","link":"https:\/\/www.europesays.com\/es\/514716\/","title":{"rendered":"226ERS lanza IMMUNE WHEY PROTEIN, nueva prote\u00edna funcional para ciclistas y deportistas &#8211; Esciclismo"},"content":{"rendered":"<ol>\n<li><a href=\"https:\/\/news.google.com\/rss\/articles\/CBMiaEFVX3lxTE9MNVNzN2x2RHFLa0ZvTTBobnJFRk9kaDJ3Zm9DdzBheGtzRUdQT3RzQUpxTWJoX003eElKaHBMZ29fU2VnblduWFNiekxDUm9jSDVDUGtTQWZCVTk2V1hTZVdfZF9oMkVE?oc=5\" target=\"_blank\" rel=\"nofollow noopener\">226ERS lanza IMMUNE WHEY PROTEIN, nueva prote\u00edna funcional para ciclistas y deportistas<\/a>&nbsp;&nbsp;Esciclismo<\/li>\n<li><a href=\"https:\/\/news.google.com\/rss\/articles\/CBMilAFBVV95cUxPeERZUTB4U0VWSlNIandQTS1GZDJuWnJseDVwb2VCVFpWejdwdW1YLUZkVjFycGpwS3ZPWmFET1NMVFpiVC1IZmRhaG9QaFM0a2pHQmI5NmVyLXFsWE16ekJXbk9XbXF6TVI2WnhnbHUwSDVpc1dOTkVzQ3p5UzNMY2FPeS1hc253Yy1YQWVjWlpkT2tD?oc=5\" target=\"_blank\" rel=\"nofollow noopener\">Immune Whey Protein, la apuesta de 226ERS por una nutrici\u00f3n m\u00e1s completa<\/a>&nbsp;&nbsp;ESMTB.com<\/li>\n<li><a href=\"https:\/\/news.google.com\/rss\/articles\/CBMiywFBVV95cUxNcU55R2lRMktydTU3c3I1UHY5NWZXVU1TX0g3REpYV2RXb0xQUHJncFBjaHY4WXFKU3JRekFMak9OcFBSUVEwZmdVb0Y0NXppak1qQTlIWFhpc0lDNHRfQ08tZ1dKNUxfd29vX0ZuYkNwYjhJT0wyOEdKXzRIQXQxazRUeWx4Y3AwTFV1UEUxZlZUSTFCcDdOYWRwUFFUV0tmNVhVdURKRnBvYXJvU2xZVEthSTBIRFpvQW9xY1czNS1CYzZ2WUpIdk9Ed9IB0AFBVV95cUxPR05HZEZuVmJ5QXcwUUNzSHhFeEdhODJvMWJjQURCbTUtMmRteThtZUJoU184ODhqTWNqU0NLcm1TdGxiRHJUWFVwdENNM1R2dWd6SWRqblZCQ3dNM3RBVkMzRjRDWHZGTGYxb0VVUGFoUU1Fd2tDZDAtMWNGYS02WmgzWDVXRGNJMmtwSnZCWTN0TFJBZmFCVXZRa1NwQWRyN3RtbHJIaWU5cVBhV0x6UG1JdGUyNkpoVEtVc0E0VzdEd082VS1VclFtaGY3OWs4?oc=5\" target=\"_blank\" rel=\"nofollow noopener\">226ERS, la marca del Movistar, lanza la prote\u00edna funcional para los momentos de m\u00e1s exigencia f\u00edsica<\/a>&nbsp;&nbsp;Ciclismo a fondo<\/li>\n<li><a href=\"https:\/\/news.google.com\/rss\/articles\/CBMivAFBVV95cUxQTXZyRXQyZzU2aGhpNnRYUzVXRGc5MUh2T2RRUXloSnduWHNXa3FEOTJaSmdiOXJTb2t5WDJzbHcwQUJfYlU1TFRKcU1LS0p3MjJwMGdEYWR4QTh1MEU1MFVNaURxN3lWYTRaT3hqQnB1WUM0UVlSVUxKQnJWcGFyQTkyWm0zcVdKdnBwWmlrSTY4VXByeUFabll1WkNoVEI5RmpHdzVNMDdaVndSbGhwTHY4TGctVnBWUzJpUQ?oc=5\" target=\"_blank\" rel=\"nofollow noopener\">Refuerza la ingesta proteica con la novedad de 226ERS: IMMUNE WHEY PROTEIN<\/a>&nbsp;&nbsp;Tradebike &amp; Tri<\/li>\n<\/ol>\n","protected":false},"excerpt":{"rendered":"226ERS lanza IMMUNE WHEY PROTEIN, nueva prote\u00edna funcional para ciclistas y deportistas&nbsp;&nbsp;Esciclismo Immune Whey Protein, la apuesta de&hellip;\n","protected":false},"author":2,"featured_media":514717,"comment_status":"","ping_status":"","sticky":false,"template":"","format":"standard","meta":{"footnotes":""},"categories":[273],"tags":[94639,11095,7290,4251,26219,313,1757,55199,312,168,7963,875,87282,25,24,15822,59659,3015,12953,102163,1783,14240,1179,3013,14988,795,6026,11120,15953,7296,23358,1262,20740,30690,23,167,3581,1079,102164],"class_list":["post-514716","post","type-post","status-publish","format-standard","has-post-thumbnail","category-ciclismo","tag-aco","tag-aportar","tag-apoyar","tag-bienestar","tag-capaces","tag-ciclismo","tag-ciclista","tag-completas","tag-cycling","tag-deportes","tag-deportiva","tag-disenada","tag-ers","tag-es","tag-espana","tag-evolucionando","tag-funcional","tag-general","tag-hacia","tag-immune","tag-la","tag-linea","tag-mas","tag-mundo","tag-muscular","tag-nueva","tag-nutricion","tag-presentado","tag-protein","tag-proteina","tag-rendimiento","tag-sigue","tag-soluciones","tag-soporte","tag-spain","tag-sports","tag-tanto","tag-vez","tag-whey"],"share_on_mastodon":{"url":"https:\/\/pubeurope.com\/@es\/116458641567835857","error":""},"_links":{"self":[{"href":"https:\/\/www.europesays.com\/es\/wp-json\/wp\/v2\/posts\/514716","targetHints":{"allow":["GET"]}}],"collection":[{"href":"https:\/\/www.europesays.com\/es\/wp-json\/wp\/v2\/posts"}],"about":[{"href":"https:\/\/www.europesays.com\/es\/wp-json\/wp\/v2\/types\/post"}],"author":[{"embeddable":true,"href":"https:\/\/www.europesays.com\/es\/wp-json\/wp\/v2\/users\/2"}],"replies":[{"embeddable":true,"href":"https:\/\/www.europesays.com\/es\/wp-json\/wp\/v2\/comments?post=514716"}],"version-history":[{"count":0,"href":"https:\/\/www.europesays.com\/es\/wp-json\/wp\/v2\/posts\/514716\/revisions"}],"wp:featuredmedia":[{"embeddable":true,"href":"https:\/\/www.europesays.com\/es\/wp-json\/wp\/v2\/media\/514717"}],"wp:attachment":[{"href":"https:\/\/www.europesays.com\/es\/wp-json\/wp\/v2\/media?parent=514716"}],"wp:term":[{"taxonomy":"category","embeddable":true,"href":"https:\/\/www.europesays.com\/es\/wp-json\/wp\/v2\/categories?post=514716"},{"taxonomy":"post_tag","embeddable":true,"href":"https:\/\/www.europesays.com\/es\/wp-json\/wp\/v2\/tags?post=514716"}],"curies":[{"name":"wp","href":"https:\/\/api.w.org\/{rel}","templated":true}]}}