{"id":515034,"date":"2026-04-24T12:24:13","date_gmt":"2026-04-24T12:24:13","guid":{"rendered":"https:\/\/www.europesays.com\/es\/515034\/"},"modified":"2026-04-24T12:24:13","modified_gmt":"2026-04-24T12:24:13","slug":"lieja-bastona-lieja-paul-seixas-estoy-deseando-compararme-con-los-mejores-ciclistas-del-mundo-esciclismo","status":"publish","type":"post","link":"https:\/\/www.europesays.com\/es\/515034\/","title":{"rendered":"Lieja-Basto\u00f1a-Lieja: Paul Seixas: &quot;Estoy deseando compararme con los mejores ciclistas del mundo&quot; &#8211; Esciclismo"},"content":{"rendered":"<ol>\n<li><a href=\"https:\/\/news.google.com\/rss\/articles\/CBMiakFVX3lxTE9BbEx0bzlPS3RjWm5uaWttT2VJU2stTEM1OW9fVUZXU0Y3WXVCWklrTXVGdmhXdTh1UFlUNk9VaHZKSTlpRGJLeWV2cGpORXhHVDNwNDlwZnFPVklrMDNBT195emR0Rm91aXc?oc=5\" target=\"_blank\" rel=\"nofollow noopener\">Lieja-Basto\u00f1a-Lieja: Paul Seixas: \u00abEstoy deseando compararme con los mejores ciclistas del mundo\u00bb<\/a>&nbsp;&nbsp;Esciclismo<\/li>\n<li><a href=\"https:\/\/news.google.com\/rss\/articles\/CBMi0wFBVV95cUxQM0owdml1UHh5NDZfRHJHUHNMX091LVRSZl9Md3lKelVQZ3c0amVEVm1JX2JjZWx3T05fV3oxY2U1Y0Z3a2l0OWVVV091SUFydmRiUW1wOGstakRsNm9FeXpzaFdLQUx6b04yZDNFTEJDOXBGUG5RRDkzSnloQTRrcThtR3dKS29vMTZQZi1CUlBRSHIxWVc2dHk5YVBwbUNJNjVRZGtMb2pTN1E0R0wySnpwYldEOEZQd3NHcU9xNUxVQ0liSl82TE53UWFIMjBxNVA0?oc=5\" target=\"_blank\" rel=\"nofollow noopener\">Paul Seixas gana la Flecha Valona a los 19 a\u00f1os, m\u00e1s joven que ninguno en la historia | Ciclismo | Deportes<\/a>&nbsp;&nbsp;EL PA\u00cdS<\/li>\n<li><a href=\"https:\/\/news.google.com\/rss\/articles\/CBMiZkFVX3lxTE1ETEVSQU1Oa1RHWm10RDA0TDlzYkFqYklkXzZkRUpJWFlRYzMtNGJkcDlVYXFFZjBjb0dQQmJvQjhvSm1wV0FJNDRjaDlCNUItTDlOUGE1anpEOWplQ2o2QmpKVmlmUdIBekFVX3lxTFBiM3RtaEtTSzVMbFdGVkJJYUdmTy1tcm91ZDNHSWw1U210T21MZ3NGSHZxb3FscV84ZEw1V1d0UFQxb3VDaDdJMDRIaEUzWTBIYy1tUDQ4SGowYUV6N0NZdC1DbFQ3cHB0djlscjd1dlRidjd6UE16eTdR?oc=5\" target=\"_blank\" rel=\"nofollow noopener\">En la mesa de Pogacar<\/a>&nbsp;&nbsp;Diario AS<\/li>\n<li><a href=\"https:\/\/news.google.com\/rss\/articles\/CBMipAFBVV95cUxNQ0pGVDliTnFqU2hIZkZmMW8tN1VkQ1hjZlRRUjkyaHVpVTY1NUUxeE5hLXp5c2JzUTZwVjNlWEliZ2N3b1NQX0xxWmllMGR1LWg0VVIwZVV4Q1hHQXhHRUFPVEl6TXlMaFc1TWxQYzYxOHdkRzVKSUV5VGQwcVBwS1E5SlE4SmhqNnFkTE42eENJaVdtRU93Qm45R0dBVnZZYlhBaA?oc=5\" target=\"_blank\" rel=\"nofollow noopener\">El UAE y Poga\u00e7ar no se f\u00edan del &#8216;boom&#8217; de Seixas<\/a>&nbsp;&nbsp;El Norte de Castilla<\/li>\n<li><a href=\"https:\/\/news.google.com\/rss\/articles\/CBMiiAFBVV95cUxNWHZxMG9ZVEF6UFRxWkZQM0NGQnJLdnFBYV9BSG14czItWjdjQWd2RmNVWjBpYzZweVRsMTU2cWxHTzdkWUdsQW05RVNobEZPcUh6Wi1DeW9oR1NYMGkzZ1ZIUTZEOFVNcTFzRUVaUENjM3ZVWmxqdjJ6dFp2dVJOd2E2ai1Lclh00gGIAUFVX3lxTE9jMFNvWlNvWUs0LXlFMjl4bWNOSnNZX2lpVVNKa2xUVllFRWJLSDlROVB4WjlpSU9CZ25Xeko0ay13cl9saldNc3dabVB4MlprcnpReGdwa1F5QkJxaDVEY2NobUdURUhNd0F0bG1PMTZqYlZub2FHck1sbXRWMGd2U0NmWFdtOEQ?oc=5\" target=\"_blank\" rel=\"nofollow noopener\">El fen\u00f3meno Paul Seixas contin\u00faa asombrando con un debut triunfal en la Flecha Valona y tambi\u00e9n reta a Pogacar<\/a>&nbsp;&nbsp;El Mundo<\/li>\n<\/ol>\n","protected":false},"excerpt":{"rendered":"Lieja-Basto\u00f1a-Lieja: Paul Seixas: \u00abEstoy deseando compararme con los mejores ciclistas del mundo\u00bb&nbsp;&nbsp;Esciclismo Paul Seixas gana la Flecha Valona&hellip;\n","protected":false},"author":2,"featured_media":515035,"comment_status":"","ping_status":"","sticky":false,"template":"","format":"standard","meta":{"footnotes":""},"categories":[273],"tags":[808,101426,68548,313,2838,68547,312,12692,15109,168,2180,1053,158,25,24,15430,1820,848,1487,5138,35875,52749,3133,58943,47556,804,13929,22041,3013,661,9359,1078,3444,8457,910,17391,30676,23,167,1152,40164],"class_list":["post-515034","post","type-post","status-publish","format-standard","has-post-thumbnail","category-ciclismo","tag-ahora","tag-bastona","tag-cgm","tag-ciclismo","tag-ciclistas","tag-cma","tag-cycling","tag-debutara","tag-decathlon","tag-deportes","tag-deseo","tag-domingo","tag-el","tag-es","tag-espana","tag-flecha","tag-frances","tag-fundamental","tag-ganado","tag-ganador","tag-haberla","tag-itzulia","tag-juvenil","tag-lieja","tag-medirse","tag-mejores","tag-mi","tag-mitad","tag-mundo","tag-objetivo","tag-paul","tag-primera","tag-proximo","tag-reciente","tag-recuerdo","tag-s","tag-seixas","tag-spain","tag-sports","tag-temporada","tag-valona"],"share_on_mastodon":{"url":"https:\/\/pubeurope.com\/@es\/116459671839419817","error":""},"_links":{"self":[{"href":"https:\/\/www.europesays.com\/es\/wp-json\/wp\/v2\/posts\/515034","targetHints":{"allow":["GET"]}}],"collection":[{"href":"https:\/\/www.europesays.com\/es\/wp-json\/wp\/v2\/posts"}],"about":[{"href":"https:\/\/www.europesays.com\/es\/wp-json\/wp\/v2\/types\/post"}],"author":[{"embeddable":true,"href":"https:\/\/www.europesays.com\/es\/wp-json\/wp\/v2\/users\/2"}],"replies":[{"embeddable":true,"href":"https:\/\/www.europesays.com\/es\/wp-json\/wp\/v2\/comments?post=515034"}],"version-history":[{"count":0,"href":"https:\/\/www.europesays.com\/es\/wp-json\/wp\/v2\/posts\/515034\/revisions"}],"wp:featuredmedia":[{"embeddable":true,"href":"https:\/\/www.europesays.com\/es\/wp-json\/wp\/v2\/media\/515035"}],"wp:attachment":[{"href":"https:\/\/www.europesays.com\/es\/wp-json\/wp\/v2\/media?parent=515034"}],"wp:term":[{"taxonomy":"category","embeddable":true,"href":"https:\/\/www.europesays.com\/es\/wp-json\/wp\/v2\/categories?post=515034"},{"taxonomy":"post_tag","embeddable":true,"href":"https:\/\/www.europesays.com\/es\/wp-json\/wp\/v2\/tags?post=515034"}],"curies":[{"name":"wp","href":"https:\/\/api.w.org\/{rel}","templated":true}]}}