{"id":51509,"date":"2025-08-16T14:13:08","date_gmt":"2025-08-16T14:13:08","guid":{"rendered":"https:\/\/www.europesays.com\/es\/51509\/"},"modified":"2025-08-16T14:13:08","modified_gmt":"2025-08-16T14:13:08","slug":"john-fogerty-creedence-y-los-beatles-en-sus-marcas","status":"publish","type":"post","link":"https:\/\/www.europesays.com\/es\/51509\/","title":{"rendered":"John Fogerty, Creedence y Los Beatles: en sus marcas"},"content":{"rendered":"<p class=\"article-body__paragraph\">S\u00faper estrellas veteranas como <a href=\"https:\/\/www.latercera.com\/etiqueta\/paul-mccartney\/\" target=\"_self\" rel=\"nofollow noopener\" title=\"https:\/\/www.latercera.com\/etiqueta\/paul-mccartney\/\">Paul McCartney <\/a>y <a href=\"https:\/\/www.latercera.com\/etiqueta\/roger-waters\/\" target=\"_self\" rel=\"nofollow noopener\" title=\"https:\/\/www.latercera.com\/etiqueta\/roger-waters\/\">Roger Waters<\/a> -lo mismo <a href=\"https:\/\/www.latercera.com\/etiqueta\/jorge-gonzalez\/\" target=\"_self\" rel=\"nofollow noopener\" title=\"https:\/\/www.latercera.com\/etiqueta\/jorge-gonzalez\/\">Jorge Gonz\u00e1lez<\/a> en Chile-, han visto la oportunidad de encauzar sus narrativas sin necesidad de conciliar la opini\u00f3n de ex camaradas y la historiograf\u00eda, a fin de reivindicar sus papeles. En 2023, el l\u00edder de <a href=\"https:\/\/www.latercera.com\/etiqueta\/pink-floyd\/\" target=\"_self\" rel=\"nofollow noopener\" title=\"https:\/\/www.latercera.com\/etiqueta\/pink-floyd\/\">Pink Floyd<\/a> lanz\u00f3 una innecesaria relectura de <a href=\"https:\/\/www.latercera.com\/etiqueta\/the-dark-side-of-the-moon\/\" target=\"_self\" rel=\"nofollow noopener\" title=\"https:\/\/www.latercera.com\/etiqueta\/the-dark-side-of-the-moon\/\">The Dark side of the moon <\/a>rotulada redux; McCartney reordena el relato oficial de <a href=\"https:\/\/www.latercera.com\/etiqueta\/the-beatles\/\" target=\"_self\" rel=\"nofollow noopener\" title=\"https:\/\/www.latercera.com\/etiqueta\/the-beatles\/\">The Beatles <\/a>dominado por Yoko Ono mediante la Rolling Stone durante a\u00f1os, que enaltec\u00eda a John Lennon en detrimento de su aporte, y el l\u00edder de <a href=\"https:\/\/www.latercera.com\/etiqueta\/los-prisioneros\/\" target=\"_self\" rel=\"nofollow noopener\" title=\"https:\/\/www.latercera.com\/etiqueta\/los-prisioneros\/\">Los Prisioneros<\/a> aclara cuando puede que el afortunado cancionero del tr\u00edo sanmiguelino no nac\u00eda por combusti\u00f3n espont\u00e1nea con un par de amigos, sino porque descifraba m\u00e1quinas con cat\u00e1logos en ingl\u00e9s, mientras los colegas se internaban en el arte del pololeo. <\/p>\n<p class=\"article-body__paragraph\"><a href=\"https:\/\/www.latercera.com\/culto\/noticia\/john-fogerty-hice-lo-que-hicieron-los-beatles-pero-lo-hice-solo-no-tuve-a-otras-dos-personas-componiendo-conmigo\/\" rel=\"nofollow noopener\" target=\"_blank\">John Fogerty declar\u00f3 recientemente<\/a> que en su momento sab\u00eda de la calidad extraordinaria del trabajo como l\u00edder, compositor, cantante y primera guitarra de Creedence Clearwater Revival. \u201cEn cierto sentido -apunt\u00f3- hice lo que hicieron Los Beatles\u201d, aludiendo al fenomenal \u00e9xito mundial cosechado entre 1968 y 1972 con siete \u00e1lbumes, que s\u00f3lo en Estados Unidos vendieron 28 millones de copias. \u201cPero lo hice solo\u201d, sostuvo. \u201cNo tuve a dos personas m\u00e1s que compusieran (&#8230;) conmigo\u201d.<\/p>\n<p class=\"article-body__paragraph\">Las palabras acarrean un contexto. El m\u00fasico promociona Legacy: the Creedence Clearwater Revival years (John\u2019s version), una veintena de cl\u00e1sicos regrabados que se publica el pr\u00f3ximo viernes 22. <\/p>\n<p><img alt=\"\" class=\"global-image\" decoding=\"async\"  src=\"https:\/\/www.europesays.com\/es\/wp-content\/uploads\/2025\/08\/H4MDCULBK5BPTMCUTSJ5UN7GDQ.png\"  fetchpriority=\"low\" loading=\"lazy\"\/><\/p>\n<p class=\"article-body__paragraph\">El ejercicio de versionar cl\u00e1sicos propios suele estar marcado por dinero y l\u00edos legales. Si el artista no posee los derechos sobre canciones de su autor\u00eda, una manera de redituar es recurriendo al estudio, <a href=\"https:\/\/www.latercera.com\/culto\/2021\/11\/15\/red-o-la-eterna-reinvencion-de-taylor-swift\/\" rel=\"nofollow noopener\" target=\"_blank\">como lo hizo Taylor Swift<\/a>. Fogerty atraves\u00f3 una amarga disputa con Fantasy Records de ribetes ins\u00f3litos, que le priv\u00f3 de derechos hasta 2022. En 1985 la disquera lo demand\u00f3 por plagio. Guitarra en mano explic\u00f3 en tribunales c\u00f3mo se diferenciaban dos composiciones suyas. <\/p>\n<p class=\"article-body__paragraph\"><a href=\"https:\/\/music.apple.com\/cl\/album\/legacy-the-creedence-clearwater-revival-years-johns\/1814697485\" rel=\"nofollow noopener\" target=\"_blank\">Los adelantos disponibles<\/a> en Apple Music son impresionantes. Esa garganta extraordinaria que emulaba la textura endurecida y altiva de pioneros del rock &amp; roll como Little Richard &#8211;<a href=\"https:\/\/music.apple.com\/cl\/album\/travelin-band-johns-version\/1814697485?i=1814697805\" rel=\"nofollow noopener\" target=\"_blank\">Travelin\u2019 band<\/a> es uno de varios ejemplos-, luce intacta a los 80 a\u00f1os. Respeta los arreglos, pero el aplomo interpretativo se aleja de las maneras rudimentarias de los ex compa\u00f1eros. <\/p>\n<p><img alt=\"\" class=\"global-image\" decoding=\"async\"  src=\"https:\/\/www.europesays.com\/es\/wp-content\/uploads\/2025\/08\/1755353588_657_53SNAZOLO5EMFENRMH2B2ICTXY.jpg\"  fetchpriority=\"low\" loading=\"lazy\"\/>John Fogerty. <\/p>\n<p class=\"article-body__paragraph\">Las cifras dicen que en 1969 <a href=\"https:\/\/www.latercera.com\/culto\/2022\/09\/22\/creedence-clearwater-revival-los-primeros-nostalgicos\/\" rel=\"nofollow noopener\" target=\"_blank\">Creedence super\u00f3 a Los Beatles en el mercado estadounidense<\/a>. El impacto cultural de ambas bandas difiere inapelablemente a favor de los ingleses, pero el arrastre popular del cuarteto de California persiste a m\u00e1s de medio siglo de sus \u00faltimas canciones. Tienen m\u00e1s oyentes que Led Zeppelin en Spotify -29 millones versus 21 de los brit\u00e1nicos-, y en Latinoam\u00e9rica est\u00e1n profundamente arraigados. Juan Gabriel y Andr\u00e9s Calamaro participaron del \u00e1lbum tributo <a href=\"https:\/\/open.spotify.com\/intl-es\/album\/2y5w3b9dwFlm2wa6ly12Ji?si=855e9710294a4f8f\" rel=\"nofollow noopener\" target=\"_blank\">Quiero Creedence<\/a> (2016), y la hinchada argentina adopt\u00f3 Bad moon rising como himno -\u201cBrasil, decime qu\u00e9 se siente\u201d, entonaron-, para el mundial de 2014. <\/p>\n<p class=\"article-body__paragraph\">En Chile se les asocia a carrete de propulsi\u00f3n et\u00edlica y arom\u00e1tica, veranos capturados en fotos descoloridas, y bandas sonoras de pel\u00edculas y series con soldados sudorosos y desorientados en Vietnam, como un portal a una dimensi\u00f3n de rock cl\u00e1sico tallada en piedra.<\/p>\n<p class=\"article-body__paragraph\">Esta enorme popularidad junto a su vigencia sostenida en una calidad indemne al calendario, podr\u00edan traer de regreso a John Fogerty a Chile. Solo se ha presentado una vez, en mayo de 2011. Calza perfecto en alguno de los grandes festivales del pa\u00eds como Vi\u00f1a del Mar o REC. Ese cargamento de cl\u00e1sicos la rompe donde sea.<\/p>\n","protected":false},"excerpt":{"rendered":"S\u00faper estrellas veteranas como Paul McCartney y Roger Waters -lo mismo Jorge Gonz\u00e1lez en Chile-, han visto la&hellip;\n","protected":false},"author":2,"featured_media":51510,"comment_status":"","ping_status":"","sticky":false,"template":"","format":"standard","meta":{"footnotes":""},"categories":[170],"tags":[20651,146,147,25,24,20650,7946,184,185,2792,9030,23,6620],"class_list":{"0":"post-51509","1":"post","2":"type-post","3":"status-publish","4":"format-standard","5":"has-post-thumbnail","7":"category-musica","8":"tag-creedence-clearwater-revival","9":"tag-entertainment","10":"tag-entretenimiento","11":"tag-es","12":"tag-espana","13":"tag-john-fogerty","14":"tag-john-lennon","15":"tag-music","16":"tag-musica","17":"tag-musica-culto","18":"tag-paul-mccartney","19":"tag-spain","20":"tag-the-beatles"},"share_on_mastodon":{"url":"","error":""},"_links":{"self":[{"href":"https:\/\/www.europesays.com\/es\/wp-json\/wp\/v2\/posts\/51509","targetHints":{"allow":["GET"]}}],"collection":[{"href":"https:\/\/www.europesays.com\/es\/wp-json\/wp\/v2\/posts"}],"about":[{"href":"https:\/\/www.europesays.com\/es\/wp-json\/wp\/v2\/types\/post"}],"author":[{"embeddable":true,"href":"https:\/\/www.europesays.com\/es\/wp-json\/wp\/v2\/users\/2"}],"replies":[{"embeddable":true,"href":"https:\/\/www.europesays.com\/es\/wp-json\/wp\/v2\/comments?post=51509"}],"version-history":[{"count":0,"href":"https:\/\/www.europesays.com\/es\/wp-json\/wp\/v2\/posts\/51509\/revisions"}],"wp:featuredmedia":[{"embeddable":true,"href":"https:\/\/www.europesays.com\/es\/wp-json\/wp\/v2\/media\/51510"}],"wp:attachment":[{"href":"https:\/\/www.europesays.com\/es\/wp-json\/wp\/v2\/media?parent=51509"}],"wp:term":[{"taxonomy":"category","embeddable":true,"href":"https:\/\/www.europesays.com\/es\/wp-json\/wp\/v2\/categories?post=51509"},{"taxonomy":"post_tag","embeddable":true,"href":"https:\/\/www.europesays.com\/es\/wp-json\/wp\/v2\/tags?post=51509"}],"curies":[{"name":"wp","href":"https:\/\/api.w.org\/{rel}","templated":true}]}}