{"id":5151,"date":"2025-07-26T17:37:07","date_gmt":"2025-07-26T17:37:07","guid":{"rendered":"https:\/\/www.europesays.com\/es\/5151\/"},"modified":"2025-07-26T17:37:07","modified_gmt":"2025-07-26T17:37:07","slug":"colombia-recibe-en-la-frontera-a-los-primeros-450-presos-deportados-por-ecuador","status":"publish","type":"post","link":"https:\/\/www.europesays.com\/es\/5151\/","title":{"rendered":"Colombia recibe en la frontera a los primeros 450 presos deportados por Ecuador"},"content":{"rendered":"<p>26\/07\/2025 a las 19:12h.<\/p>\n<p>      <a href=\"https:\/\/www.abc.es\/sociedad\/javascript:void(0)\" data-voc-component=\"modal-open\" data-target=\"open-comments\" class=\"voc-social__icon voc-social__icon--comments nibara-element\" title=\"Comentarios\" rel=\"nofollow noopener\" target=\"_blank\"><\/p>\n<p><\/a><\/p>\n<p class=\"voc-save-news__paragraph\">Esta funcionalidad es s\u00f3lo para suscriptores<\/p>\n<p><a href=\"https:\/\/secure.abc.es\/suscripcion#vca=suscribete&amp;vso=abc&amp;vmc=on&amp;vli=comentarios-btn-flujo\" data-voc-vtm-id=\"comienzoSuscripcionON\" data-voc-vtm-info=\"btncomentar\" class=\"voc-btn voc-btn--w voc-btn--xs voc-save-news__btn\" rel=\"nofollow noopener\" target=\"_blank\"><br \/>\nSuscribete<br \/>\n<\/a><\/p>\n<p class=\"voc-p\" style=\"\">Bogot\u00e1, 26 jul (EFE).- Cerca de 450 colombianos que estaban presos en c\u00e1rceles de Ecuador regresaron este s\u00e1bado a su pa\u00eds tras ser deportados por \u00f3rdenes del presidente ecuatoriano, Daniel Noboa, en un acto que, seg\u00fan la Canciller\u00eda colombiana, se tom\u00f3 de manera \u00abunilateral\u00bb por parte del pa\u00eds vecino. Imagen: Canciller\u00eda de Colombia IM\u00c1GENES APOYOS COLOMBIA RECIBE EN LA FRONTERA A PRESOS DEPORTADOS POR ECUADOR.<\/p>\n<p class=\"voc-btn__text\">\nVer comentarios<br \/>\n(0)\n<\/p>\n<p>Reportar un error<\/p>\n<p class=\"voc-save-news__paragraph\">Esta funcionalidad es s\u00f3lo para suscriptores<\/p>\n<p><a href=\"https:\/\/secure.abc.es\/suscripcion#vca=suscribete&amp;vso=abc&amp;vmc=on&amp;vli=comentarios-btn-flujo\" data-voc-vtm-id=\"comienzoSuscripcionON\" data-voc-vtm-info=\"btncomentar\" class=\"voc-btn voc-btn--w voc-btn--xs voc-save-news__btn\" rel=\"nofollow noopener\" target=\"_blank\"><br \/>\nSuscribete<br \/>\n<\/a><\/p>\n","protected":false},"excerpt":{"rendered":"26\/07\/2025 a las 19:12h. Esta funcionalidad es s\u00f3lo para suscriptores Suscribete Bogot\u00e1, 26 jul (EFE).- Cerca de 450&hellip;\n","protected":false},"author":2,"featured_media":5152,"comment_status":"","ping_status":"","sticky":false,"template":"","format":"standard","meta":{"footnotes":""},"categories":[42],"tags":[4529,17,18,1803,4530,2622,13,14,2972,11,61,62,63,64,19,20,9,10,15,16,2578,566,3684,12,21,22,65,66,67],"class_list":["post-5151","post","type-post","status-publish","format-standard","has-post-thumbnail","category-internacional","tag-4529","tag-breaking-news","tag-breakingnews","tag-colombia","tag-deportados","tag-ecuador","tag-featured-news","tag-featurednews","tag-frontera","tag-headlines","tag-internacional","tag-international","tag-international-news","tag-internationalnews","tag-latest-news","tag-latestnews","tag-news","tag-noticias","tag-noticias-destacadas","tag-noticiasdestacadas","tag-presos","tag-primeros","tag-recibe","tag-titulares","tag-ultimas-noticias","tag-ultimasnoticias","tag-world","tag-world-news","tag-worldnews"],"share_on_mastodon":{"url":"","error":""},"_links":{"self":[{"href":"https:\/\/www.europesays.com\/es\/wp-json\/wp\/v2\/posts\/5151","targetHints":{"allow":["GET"]}}],"collection":[{"href":"https:\/\/www.europesays.com\/es\/wp-json\/wp\/v2\/posts"}],"about":[{"href":"https:\/\/www.europesays.com\/es\/wp-json\/wp\/v2\/types\/post"}],"author":[{"embeddable":true,"href":"https:\/\/www.europesays.com\/es\/wp-json\/wp\/v2\/users\/2"}],"replies":[{"embeddable":true,"href":"https:\/\/www.europesays.com\/es\/wp-json\/wp\/v2\/comments?post=5151"}],"version-history":[{"count":0,"href":"https:\/\/www.europesays.com\/es\/wp-json\/wp\/v2\/posts\/5151\/revisions"}],"wp:featuredmedia":[{"embeddable":true,"href":"https:\/\/www.europesays.com\/es\/wp-json\/wp\/v2\/media\/5152"}],"wp:attachment":[{"href":"https:\/\/www.europesays.com\/es\/wp-json\/wp\/v2\/media?parent=5151"}],"wp:term":[{"taxonomy":"category","embeddable":true,"href":"https:\/\/www.europesays.com\/es\/wp-json\/wp\/v2\/categories?post=5151"},{"taxonomy":"post_tag","embeddable":true,"href":"https:\/\/www.europesays.com\/es\/wp-json\/wp\/v2\/tags?post=5151"}],"curies":[{"name":"wp","href":"https:\/\/api.w.org\/{rel}","templated":true}]}}