{"id":515433,"date":"2026-04-24T17:28:11","date_gmt":"2026-04-24T17:28:11","guid":{"rendered":"https:\/\/www.europesays.com\/es\/515433\/"},"modified":"2026-04-24T17:28:11","modified_gmt":"2026-04-24T17:28:11","slug":"xavier-lozano-y-la-historia-detras-de-la-flauta-silla-de-amaia-vinieron-a-verme-y-lo-hizo-bastante-bien-cultura","status":"publish","type":"post","link":"https:\/\/www.europesays.com\/es\/515433\/","title":{"rendered":"Xavier Lozano y la historia detr\u00e1s de la \u2018flauta silla\u2019 de Amaia: \u201cVinieron a verme y lo hizo bastante bien\u201d | Cultura"},"content":{"rendered":"<p class=\"\">Rodeada de su grupo de m\u00fasicos que la acompa\u00f1aban en la percusi\u00f3n, a la guitarra y al viol\u00edn, <a href=\"https:\/\/elpais.com\/cultura\/2025-03-16\/amaia-reinventa-el-concepto-de-estrella-pop-la-historia-de-un-encantamiento.html\" target=\"_self\" rel=\"nofollow noopener\" title=\"https:\/\/elpais.com\/cultura\/2025-03-16\/amaia-reinventa-el-concepto-de-estrella-pop-la-historia-de-un-encantamiento.html\">Amaia<\/a> tambi\u00e9n mostr\u00f3 este jueves en el <a href=\"https:\/\/www.youtube.com\/watch?v=6tCjflXY9CM\" target=\"_self\" rel=\"nofollow noopener\" title=\"https:\/\/www.youtube.com\/watch?v=6tCjflXY9CM\">Tiny Desk de NPR<\/a> sus habilidades como instrumentista. Fue la imagen m\u00e1s comentada de los 22 minutos que dur\u00f3 este concierto: la navarra <a href=\"https:\/\/elpais.com\/cultura\/2026-04-23\/amaia-sorprende-en-su-tiny-desk-usando-una-silla-como-flauta.html\" target=\"_self\" rel=\"nofollow noopener\" title=\"https:\/\/elpais.com\/cultura\/2026-04-23\/amaia-sorprende-en-su-tiny-desk-usando-una-silla-como-flauta.html\">haciendo sonar una silla plegable como una flauta<\/a> para la introducci\u00f3n de Nanai, una de las seis canciones que interpret\u00f3 en directo. Despu\u00e9s sonaron C\u2019est la vie, Zorongo, Auxiliar, Giratutto y Yamaguchi. <\/p>\n<p class=\"\">El polinstrumentista catal\u00e1n Xavier Lozano es el culpable de la \u2018flauta silla\u2019 de Amaia. \u201cMe llam\u00f3 su hermano. Estaban muy sorprendidos con lo que hac\u00eda y les apetec\u00eda que ella tocase alguno de mis instrumentos en el Tiny Desk. Vinieron a verme a Badalona, toc\u00f3 la silla y lo hizo bastante bien. Yo dud\u00e9, no la toc\u00f3 como yo, que llevo muchos a\u00f1os, pero es de una familia de m\u00fasicos y siempre ha estado rodeada de instrumentos\u201d, explica a EL PA\u00cdS. <\/p>\n<p class=\"\">Este artista es capaz de hacer m\u00fasica casi con cualquier cosa. Dice que empez\u00f3 con la muleta de su abuelo. \u201cLa mir\u00e9 y me di cuenta de que era un tubo con agujeros y que se pod\u00eda tocar como una flauta. La toqu\u00e9 y me son\u00f3 como siempre, bastante afinada\u201d, relata. Pens\u00f3 lo mismo de una pata de una silla: aunque no tuviese agujeros, se los pod\u00eda hacer \u00e9l. El detonante de un mundo de objetos que pod\u00eda agujerear. <\/p>\n<p class=\"\">Cuenta que le dise\u00f1\u00f3 una silla especial para este concierto con los agujeros que necesitaba para esta canci\u00f3n, para que le resultase m\u00e1s sencillo interpretarla: \u201cEs f\u00e1cil tocarla un poco, es d\u00edficil hacerlo muy bien, pero si eres flautista tienes muchos puntos, partes de arriba\u201d. Lozano insiste que hab\u00eda m\u00e1s propuestas sobre la mesa, como un taburete, una l\u00e1mpara o un bast\u00f3n pero la silla fascin\u00f3 a los hermanos. Una vez hecha, asegura que Amaia estuvo practicando y que le env\u00edo varios v\u00eddeos para que valorase c\u00f3mo la utilizaba: \u201cEs como si hubiese apadrinado su idea. Dijo que era una invenci\u00f3n m\u00eda, no es apropiaci\u00f3n de ideas. El d\u00eda 1 me la devuelve. Es todo de buen rollo\u201d. <\/p>\n<p class=\"\">Su magia puede hacer que salga m\u00fasica de una valla de obra, de una escoba, de una escalera, de una rueda, de una regadera o de un ladrillo. Siendo capaz de convertir todas estas cosas en flautas. \u201cMe encantan las flautas del mundo y empec\u00e9 a tocarlas cuando nadie las tocaba\u201d, <a href=\"https:\/\/www.3cat.cat\/3cat\/xavi-lozano-pots-fer-musica-amb-tot-sigui-un-stradivarius-o-una-cassola\/audio\/1270087\/\" target=\"_self\" rel=\"nofollow noopener\" title=\"https:\/\/www.3cat.cat\/3cat\/xavi-lozano-pots-fer-musica-amb-tot-sigui-un-stradivarius-o-una-cassola\/audio\/1270087\/\">insist\u00eda recientemente en TV3<\/a>. En su cuenta de Instagram afirma que \u201cvive del aire\u201d, porque s\u00ed, su m\u00fasica brota del aire y de cualquier objeto que permita jugar con \u00e9l y que termina siendo un instrumiento de viento m\u00e1s. <\/p>\n<p class=\"\">Lozano tambi\u00e9n ostenta un cargo muy especial porque dirige desde hace dos a\u00f1os la <a href=\"https:\/\/www.instagram.com\/cadeirasencartables\/?utm_source=ig_embed\" target=\"_self\" rel=\"nofollow noopener\" title=\"https:\/\/www.instagram.com\/cadeirasencartables\/?utm_source=ig_embed\">Real Banda de Cadeiras Encartables<\/a>, una formaci\u00f3n musical muy curiosa en la que las sillas plegables no solo suenan, si no que son las protagonistas: \u201cComo vivo en Galicia pens\u00e9 que ten\u00eda que hacer algo especial para aqu\u00ed. En realidad la pata de la silla es como una flauta normal con seis agujeros\u201d, afirma. El artista tambi\u00e9n ha llevado su arte a trav\u00e9s de su concierto participativo Quotidi\u00e0fons, donde toca los instrumentos de viento que se construye \u00e9l mismo. Lleva a\u00f1os de gira por Catalu\u00f1a y tambi\u00e9n por ciudades de otros pa\u00edses. Adem\u00e1s, ofrece conciertos en solitario y forma parte de un tr\u00edo, Bufa&amp;Sons.<\/p>\n<p class=\"\">La formaci\u00f3n cl\u00e1sica y de m\u00fasica para copla que tiene Xavi Lozano (toca el saxo, el tible y las flautas de bamb\u00fa), le llev\u00f3 a apasionarse por los instrumentos de viento. En sus m\u00e1s de 20 a\u00f1os de carrera, ha interpretado todo tipo de m\u00fasica, desde la tradicional hasta la experimental, pasando por la cl\u00e1sica y las fusiones de todo tipo. <\/p>\n<p class=\"\">Amaia no ha sido la primera que se ha atrevido con la silla. <a href=\"https:\/\/elpais.com\/cultura\/2024-01-31\/feten-feten-el-exito-inesperado-de-dos-musicos-que-saben-hacer-de-todo.html\" target=\"_self\" rel=\"nofollow noopener\" title=\"https:\/\/elpais.com\/cultura\/2024-01-31\/feten-feten-el-exito-inesperado-de-dos-musicos-que-saben-hacer-de-todo.html\">Fet\u00e9n Fet\u00e9n<\/a> hizo lo mismo hace a\u00f1os cuando revis\u00f3 su Jota del Wasabi y la interpret\u00f3 con una silla de camping, obra de Xavi Lozano que \u00e9l mismo les regal\u00f3: \u201cSon s\u00faper queridos por m\u00ed, siempre me mencionan, los tengo como referentes\u201d. Este d\u00fao de Burgos formado por Diego Galaz y Jorge Arribas suele utilizar instrumentos convencionales junto a instrumentos ins\u00f3litos hechos con objetos cotidianos y reciclados y entre los dos saben tocar unos 30 distintos.<\/p>\n<p><script async src=\"\/\/www.instagram.com\/embed.js\"><\/script><\/p>\n","protected":false},"excerpt":{"rendered":"Rodeada de su grupo de m\u00fasicos que la acompa\u00f1aban en la percusi\u00f3n, a la guitarra y al viol\u00edn,&hellip;\n","protected":false},"author":2,"featured_media":515434,"comment_status":"","ping_status":"","sticky":false,"template":"","format":"standard","meta":{"footnotes":""},"categories":[174],"tags":[48295,505,218,255,209,146,147,25,24,256,816,3672,185,725,23,7151],"class_list":["post-515433","post","type-post","status-publish","format-standard","has-post-thumbnail","category-famosos","tag-amaia-romero","tag-artistas","tag-canciones","tag-celebrities","tag-cultura","tag-entertainment","tag-entretenimiento","tag-es","tag-espana","tag-famosos","tag-galicia","tag-instrumentos-musicales","tag-musica","tag-musicos","tag-spain","tag-tv3"],"share_on_mastodon":{"url":"https:\/\/pubeurope.com\/@es\/116460867158160179","error":""},"_links":{"self":[{"href":"https:\/\/www.europesays.com\/es\/wp-json\/wp\/v2\/posts\/515433","targetHints":{"allow":["GET"]}}],"collection":[{"href":"https:\/\/www.europesays.com\/es\/wp-json\/wp\/v2\/posts"}],"about":[{"href":"https:\/\/www.europesays.com\/es\/wp-json\/wp\/v2\/types\/post"}],"author":[{"embeddable":true,"href":"https:\/\/www.europesays.com\/es\/wp-json\/wp\/v2\/users\/2"}],"replies":[{"embeddable":true,"href":"https:\/\/www.europesays.com\/es\/wp-json\/wp\/v2\/comments?post=515433"}],"version-history":[{"count":0,"href":"https:\/\/www.europesays.com\/es\/wp-json\/wp\/v2\/posts\/515433\/revisions"}],"wp:featuredmedia":[{"embeddable":true,"href":"https:\/\/www.europesays.com\/es\/wp-json\/wp\/v2\/media\/515434"}],"wp:attachment":[{"href":"https:\/\/www.europesays.com\/es\/wp-json\/wp\/v2\/media?parent=515433"}],"wp:term":[{"taxonomy":"category","embeddable":true,"href":"https:\/\/www.europesays.com\/es\/wp-json\/wp\/v2\/categories?post=515433"},{"taxonomy":"post_tag","embeddable":true,"href":"https:\/\/www.europesays.com\/es\/wp-json\/wp\/v2\/tags?post=515433"}],"curies":[{"name":"wp","href":"https:\/\/api.w.org\/{rel}","templated":true}]}}