{"id":515530,"date":"2026-04-24T18:52:12","date_gmt":"2026-04-24T18:52:12","guid":{"rendered":"https:\/\/www.europesays.com\/es\/515530\/"},"modified":"2026-04-24T18:52:12","modified_gmt":"2026-04-24T18:52:12","slug":"seguiremos-defendiendo-alianzas-que-sumen","status":"publish","type":"post","link":"https:\/\/www.europesays.com\/es\/515530\/","title":{"rendered":"\u00abSeguiremos defendiendo alianzas que sumen\u00bb"},"content":{"rendered":"<p style=\"\">La presidenta de la Comunidad de Madrid, <a href=\"https:\/\/www.abc.es\/noticias\/isabel-diaz-ayuso\/\" target=\"_self\" data-voc-vtm-id=\"in-text-traffic\" title=\"Isabel D\u00edaz Ayuso\" data-mrf-link=\"www.abc.es\" rel=\"nofollow noopener\">Isabel D\u00edaz Ayuso<\/a>, ha visitado este viernes en Alcobendas el nuevo &#8216;showroom&#8217; tecnol\u00f3gico de Samsung, donde ha puesto en valor la trayectoria de la multinacional coreana y su estrecha colaboraci\u00f3n con la Administraci\u00f3n regional. Durante su intervenci\u00f3n,  &#8230; ha recordado que Samsung celebra \u00absus 20 a\u00f1os entre nosotros y 30 en Espa\u00f1a\u00bb, y la ha definido como \u00abuna de las cinco empresas m\u00e1s importantes del mundo\u00bb y uno de los principales proveedores de dispositivos electr\u00f3nicos y tecnol\u00f3gicos de la Comunidad de Madrid. \u00abSeguiremos defendiendo alianzas que sumen\u00bb, ha a\u00f1adido.<\/p>\n<p class=\"v-d-p\" style=\"\">La jefa del Ejecutivo auton\u00f3mico ha destacado el impulso de la regi\u00f3n en materia digital, con la creaci\u00f3n de la primera Consejer\u00eda de Digitalizaci\u00f3n en Espa\u00f1a. En este sentido, ha puesto en valor herramientas como la Cuenta Digital, que ya cuenta con m\u00e1s de un mill\u00f3n de usuarios registrados y permite acceder a 277 servicios regionales, desde becas y ayudas hasta la b\u00fasqueda de empleo o las tarifas cero para aut\u00f3nomos.<\/p>\n<p class=\"v-d-p\" style=\"\">\u00abGracias a estos avances, los madrile\u00f1os ahorran en torno al 60 por ciento del tiempo en sus gestiones y el papeleo es ahora hasta siete veces menor\u00bb, ha se\u00f1alado. Adem\u00e1s, ha indicado que mediante el uso de la inteligencia artificial se han automatizado m\u00e1s de mil procedimientos administrativos, como ayudas al alquiler o tr\u00e1mites relacionados con la dependencia.<\/p>\n<ul class=\"v-cmp-rld__u\">\n<li class=\"v-cmp-rld__l\">\n<p><a class=\"v-a-lnk\" href=\"http:\/\/www.abc.es\/espana\/madrid\/madrid-region-universitaria-plan-ayuso-viviendas-jovenes-20260420133145-nt.html#vtm_modulosEngag=noticiasrelacionadas-cmp-uno:espana:noticia:1\" title=\"&#039;Madrid, regi\u00f3n universitaria&#039;, el plan de Ayuso con viviendas, IA y oferta cultural y deportiva\" data-voc-vtm-id=\"in-text-traffic\" rel=\"nofollow noopener\" target=\"_blank\"><br \/>\n<img decoding=\"async\" loading=\"lazy\" src=\"https:\/\/www.europesays.com\/es\/wp-content\/uploads\/2026\/04\/ayuso-rector-U38010035126Kxv-366x256@diario_abc.jpg\" class=\"v-a-img\" width=\"258\" height=\"180\" alt=\"'Madrid, regi\u00f3n universitaria', el plan de Ayuso con viviendas, IA y oferta cultural y deportiva\"\/><br \/>\n<\/a><\/p>\n<\/li>\n<\/ul>\n<p class=\"v-d-p\" style=\"\">En el \u00e1mbito sanitario, Ayuso se ha referido al Plan Estrat\u00e9gico de Salud Digital, con iniciativas como la tarjeta sanitaria virtual, y ha destacado las l\u00edneas de trabajo conjuntas con Samsung en campos como la investigaci\u00f3n farmac\u00e9utica, el diagn\u00f3stico del c\u00e1ncer de mama o las tecnolog\u00edas de radiodiagn\u00f3stico.<\/p>\n<p class=\"v-d-p\" style=\"\">La presidenta tambi\u00e9n ha puesto el foco en Digitaliza Madrid, el centro de innovaci\u00f3n regional destinado a desarrollar soluciones para los retos de la Administraci\u00f3n, as\u00ed como en el Plan Estrat\u00e9gico de Ciberseguridad y el nuevo Centro de Control de Infraestructuras Cr\u00edticas Digitales (CCIC), orientados a garantizar el funcionamiento ininterrumpido de los servicios p\u00fablicos y la protecci\u00f3n de los datos.<\/p>\n<p class=\"v-d-p\" style=\"\">Entre otras iniciativas, ha mencionado el sistema integrado de digitalizaci\u00f3n para la Administraci\u00f3n local y herramientas como la aplicaci\u00f3n eAgora, que facilita la gesti\u00f3n de impuestos y servicios en peque\u00f1os municipios, as\u00ed como programas de formaci\u00f3n como Aula Digital, que ha capacitado ya a m\u00e1s de 60.000 madrile\u00f1os.<\/p>\n<p class=\"v-a-t\">\nEn 2025 Madrid concentr\u00f3 m\u00e1s de 1.200 millones de euros de inversi\u00f3n extranjera en sectores de alta tecnolog\u00eda\n<\/p>\n<p class=\"v-d-p\" style=\"\">Ayuso ha subrayado el peso del sector tecnol\u00f3gico en la econom\u00eda madrile\u00f1a, con m\u00e1s de 20.000 empresas de alta tecnolog\u00eda, un cuarto del total nacional. \u00abLa libertad, la apertura y la apuesta por el talento y la innovaci\u00f3n son las claves por las que cada vez m\u00e1s estudiantes, artistas, investigadores y empresas eligen nuestra Comunidad para desarrollar sus proyectos vitales y profesionales\u00bb, ha indicado la presidenta, que ha destacado que Madrid concentr\u00f3 el a\u00f1o pasado m\u00e1s de 1.200 millones de euros de inversi\u00f3n extranjera en sectores de alta tecnolog\u00eda, la cuarta parte de toda Espa\u00f1a, 350.000 trabajadores relacionados con este sector. \u00abPor eso nos hemos consolidado como uno de los grandes polos de la econom\u00eda digital en Europa\u00bb, ha enfatizado.<\/p>\n","protected":false},"excerpt":{"rendered":"La presidenta de la Comunidad de Madrid, Isabel D\u00edaz Ayuso, ha visitado este viernes en Alcobendas el nuevo&hellip;\n","protected":false},"author":2,"featured_media":515531,"comment_status":"","ping_status":"","sticky":false,"template":"","format":"standard","meta":{"footnotes":""},"categories":[80],"tags":[1938,50031,6984,82,55972,1639,95,94,25,24,15562,205,9137,53911,23,102276],"class_list":["post-515530","post","type-post","status-publish","format-standard","has-post-thumbnail","category-economia","tag-alcobendas","tag-alianzas","tag-ayuso","tag-business","tag-defendiendo","tag-digital","tag-economia","tag-economy","tag-es","tag-espana","tag-liderazgo","tag-madrid","tag-reivindica","tag-seguiremos","tag-spain","tag-sumen"],"share_on_mastodon":{"url":"https:\/\/pubeurope.com\/@es\/116461197711942109","error":""},"_links":{"self":[{"href":"https:\/\/www.europesays.com\/es\/wp-json\/wp\/v2\/posts\/515530","targetHints":{"allow":["GET"]}}],"collection":[{"href":"https:\/\/www.europesays.com\/es\/wp-json\/wp\/v2\/posts"}],"about":[{"href":"https:\/\/www.europesays.com\/es\/wp-json\/wp\/v2\/types\/post"}],"author":[{"embeddable":true,"href":"https:\/\/www.europesays.com\/es\/wp-json\/wp\/v2\/users\/2"}],"replies":[{"embeddable":true,"href":"https:\/\/www.europesays.com\/es\/wp-json\/wp\/v2\/comments?post=515530"}],"version-history":[{"count":0,"href":"https:\/\/www.europesays.com\/es\/wp-json\/wp\/v2\/posts\/515530\/revisions"}],"wp:featuredmedia":[{"embeddable":true,"href":"https:\/\/www.europesays.com\/es\/wp-json\/wp\/v2\/media\/515531"}],"wp:attachment":[{"href":"https:\/\/www.europesays.com\/es\/wp-json\/wp\/v2\/media?parent=515530"}],"wp:term":[{"taxonomy":"category","embeddable":true,"href":"https:\/\/www.europesays.com\/es\/wp-json\/wp\/v2\/categories?post=515530"},{"taxonomy":"post_tag","embeddable":true,"href":"https:\/\/www.europesays.com\/es\/wp-json\/wp\/v2\/tags?post=515530"}],"curies":[{"name":"wp","href":"https:\/\/api.w.org\/{rel}","templated":true}]}}