{"id":515677,"date":"2026-04-24T20:50:08","date_gmt":"2026-04-24T20:50:08","guid":{"rendered":"https:\/\/www.europesays.com\/es\/515677\/"},"modified":"2026-04-24T20:50:08","modified_gmt":"2026-04-24T20:50:08","slug":"la-ue-refuerza-lazos-con-oriente-proximo-en-plena-crisis-por-la-guerra-con-iran","status":"publish","type":"post","link":"https:\/\/www.europesays.com\/es\/515677\/","title":{"rendered":"La UE refuerza lazos con Oriente Pr\u00f3ximo en plena crisis por la guerra con Ir\u00e1n"},"content":{"rendered":"<p>Varios dirigentes de la UE se ha comprometido a reforzar los lazos econ\u00f3micos y de seguridad con sus socios de Oriente Pr\u00f3ximo y a impulsar un final diplom\u00e1tico para la guerra de Ir\u00e1n, <a href=\"https:\/\/es.euronews.com\/my-europe\/2026\/04\/24\/chipre-la-avanzadilla-europea-en-el-convulso-oriente-proximo\" rel=\"nofollow noopener\" target=\"_blank\">tras una reuni\u00f3n en Chipre centrada en las secuelas del conflicto<\/a>.<\/p>\n<p>          <img decoding=\"async\" class=\"c-ad__placeholder__logo\" src=\"https:\/\/static.euronews.com\/website\/images\/logos\/logo-euronews-stacked-outlined-72x72-grey-9.svg\" width=\"72\" height=\"72\" alt=\"\" loading=\"lazy\"\/><br \/>\n          PUBLICIDAD<\/p>\n<p>          <img decoding=\"async\" class=\"c-ad__placeholder__logo\" src=\"https:\/\/static.euronews.com\/website\/images\/logos\/logo-euronews-stacked-outlined-72x72-grey-9.svg\" width=\"72\" height=\"72\" alt=\"\" loading=\"lazy\"\/><br \/>\n          PUBLICIDAD<\/p>\n<p>Los dirigentes de <strong>L\u00edbano, Egipto, Siria y Jordania<\/strong>, as\u00ed como el Secretario General del Consejo de Cooperaci\u00f3n del Golfo, se han reunido en Nicosia con sus hom\u00f3logos de la Uni\u00f3n Europea al margen de una cumbre de la UE.<\/p>\n<p>\u00abLa situaci\u00f3n actual pone claramente de relieve lo estrechamente vinculada que est\u00e1 la seguridad de Europa con la de Oriente Pr\u00f3ximo, y lo vital que se ha vuelto nuestra cooperaci\u00f3n en materia de seguridad y defensa\u00bb, ha declarado el presidente del Consejo Europeo, <strong>Ant\u00f3nio Costa<\/strong>, en una rueda de prensa posterior a las conversaciones diplom\u00e1ticas.<\/p>\n<p>Aunque no se tomaron decisiones formales, la cumbre brind\u00f3 la oportunidad de intercambiar puntos de vista sobre la guerra, la situaci\u00f3n en el L\u00edbano y en el Golfo, as\u00ed como sobre <strong>las consecuencias econ\u00f3micas para Europa del bloqueo estadounidense de los puertos iran\u00edes<\/strong> y el cierre efectivo por Teher\u00e1n del estrecho de Ormuz.<\/p>\n<p>\u00abLos recientes alto el fuego entre EE.UU. e Ir\u00e1n, <a href=\"https:\/\/es.euronews.com\/my-europe\/2026\/04\/24\/sanchez-acusa-ue-doble-rasero-israel-debilita-apoyo-ucrania\" rel=\"nofollow noopener\" target=\"_blank\">e Israel y L\u00edbano<\/a>, son avances bienvenidos. Ahora todas las partes deben comprometerse de buena fe para lograr la paz. <strong>La Uni\u00f3n Europea no forma parte del conflicto, pero formaremos parte de esta soluci\u00f3n<\/strong>\u00ab, ha declarado este viernes en rueda de prensa el Presidente del Consejo Europeo, Ant\u00f3nio Costa.<\/p>\n<p>A principios de esta semana, el presidente de Estados Unidos, Donald Trump, dijo que un alto el fuego con Ir\u00e1n que deb\u00eda expirar el 22 de abril <strong>se ha extendido indefinidamente<\/strong>, mientras que el jueves dijo que la suspensi\u00f3n de las hostilidades entre Israel y Hezbol\u00e1 en L\u00edbano se prolongar\u00e1 <strong>tres semanas<\/strong>. La Casa Blanca ha confirmado que los asesores exteriores de Trump, Steve Witkoff y su yerno Jared Kushner, se dirigen este viernes a Pakist\u00e1n para una segunda ronda de negociaciones de cara al s\u00e1bado.<\/p>\n<p>Varios funcionarios europeos han planteado la idea de una fuerza multinacional para escoltar buques comerciales y retirar minas en el estrecho de Ormuz, pero el plan sigue en una fase inicial y no est\u00e1 claro si se pondr\u00e1 en pr\u00e1ctica. Aunque los dirigentes de la UE evitan activamente implicarse directamente en la guerra, <strong>su objetivo es prestar apoyo a los pa\u00edses de Oriente Medio afectados por ella<\/strong>, a los que la UE considera socios estrat\u00e9gicos en energ\u00eda, migraci\u00f3n y digitalizaci\u00f3n.<\/p>\n<p><strong>El presidente no electo de Siria, Ahmed al Sharaa<\/strong>, ha sido una de las figuras regionales clave en las negociaciones, reiterando la importancia de las relaciones bilaterales con la UE y calific\u00e1ndolas de \u00abesenciales e inevitables, sobre todo para garantizar la seguridad mundial y la estabilidad de las cadenas de suministro\u00bb. Al mismo tiempo, pidi\u00f3 a la comunidad internacional que \u00abasuma sus responsabilidades frente a todas las formas de agresi\u00f3n israel\u00ed que afectan a nuestra tierra y nuestros territorios\u00bb.<\/p>\n<p>Un aumento de los precios de la energ\u00eda en Europa<\/p>\n<p>Otro tema de debate ha sido el aumento de los precios de la energ\u00eda en todo el mundo debido al cierre del estrecho de <strong>Ormuz<\/strong>. El bloqueo est\u00e1 bloqueando casi todas las exportaciones a trav\u00e9s de esta v\u00eda fluvial vital, por la que pasa alrededor del 20% del petr\u00f3leo comercializado en el mundo en tiempos de paz.<\/p>\n<p><strong>La interrupci\u00f3n ha disparado los precios de la energ\u00eda en toda Europa<\/strong>, provocando temores de escasez y declive econ\u00f3mico. Los l\u00edderes de la UE debatieron esta semana una serie de nuevas medidas presentadas por la Comisi\u00f3n Europea como planes sociales, reducciones fiscales y subvenciones a las tecnolog\u00edas verdes. <\/p>\n<p>\u00abDesde el comienzo de este conflicto, nuestra factura por la importaci\u00f3n de combustibles f\u00f3siles ha aumentado en m\u00e1s de 25.000 millones de euros sin que hayamos a\u00f1adido una sola mol\u00e9cula de energ\u00eda. Tenemos que reducir nuestra excesiva dependencia de importantes combustibles f\u00f3siles porque nos hacen vulnerables a las crisis\u00bb, ha declarado la presidenta de la Comisi\u00f3n Europea, <strong>Ursula von der Leyen<\/strong>.<\/p>\n<p>Von der Leyen tambi\u00e9n ha asegurado que se est\u00e1 trabajando para impulsar los lazos econ\u00f3micos, comerciales y pol\u00edticos con Jordania, Egipto, Siria y las naciones del Golfo, <strong>y ha propuesto ampliar esas asociaciones a asuntos de defensa<\/strong>. \u00abPodr\u00edamos plantearnos ampliar el alcance de misiones como la Operaci\u00f3n Aspides, evolucionando de la mera protecci\u00f3n a una sofisticada coordinaci\u00f3n mar\u00edtima conjunta\u00bb, ha declarado sin dar m\u00e1s detalles.<\/p>\n<p><a href=\"https:\/\/es.euronews.com\/my-europe\/2024\/02\/19\/la-ue-lanza-la-mision-aspides-para-proteger-a-los-buques-en-el-mar-rojo-de-los-ataques-hut\" rel=\"nofollow noopener\" target=\"_blank\">Aspides es la misi\u00f3n naval de la UE en el mar Rojo<\/a>, lanzada en 2024 para prevenir ataques a buques comerciales por parte de las fuerzas rebeldes hut\u00edes respaldadas por Ir\u00e1n. \u00abLa amenaza de la proliferaci\u00f3n masiva de drones y misiles es tristemente una realidad compartida. Deber\u00edamos establecer una cooperaci\u00f3n estructural para aumentar la producci\u00f3n de defensa\u00bb, ha a\u00f1adido Von der Leyen.<\/p>\n","protected":false},"excerpt":{"rendered":"Varios dirigentes de la UE se ha comprometido a reforzar los lazos econ\u00f3micos y de seguridad con sus&hellip;\n","protected":false},"author":2,"featured_media":515678,"comment_status":"","ping_status":"","sticky":false,"template":"","format":"standard","meta":{"footnotes":""},"categories":[42],"tags":[17,18,7413,5220,13,14,11,61,62,63,64,19,20,9,10,15,16,5403,1613,12,21,22,1617,65,66,67],"class_list":["post-515677","post","type-post","status-publish","format-standard","has-post-thumbnail","category-internacional","tag-breaking-news","tag-breakingnews","tag-chipre","tag-energia","tag-featured-news","tag-featurednews","tag-headlines","tag-internacional","tag-international","tag-international-news","tag-internationalnews","tag-latest-news","tag-latestnews","tag-news","tag-noticias","tag-noticias-destacadas","tag-noticiasdestacadas","tag-oriente-medio","tag-otan","tag-titulares","tag-ultimas-noticias","tag-ultimasnoticias","tag-union-europea","tag-world","tag-world-news","tag-worldnews"],"share_on_mastodon":{"url":"https:\/\/pubeurope.com\/@es\/116461661516868730","error":""},"_links":{"self":[{"href":"https:\/\/www.europesays.com\/es\/wp-json\/wp\/v2\/posts\/515677","targetHints":{"allow":["GET"]}}],"collection":[{"href":"https:\/\/www.europesays.com\/es\/wp-json\/wp\/v2\/posts"}],"about":[{"href":"https:\/\/www.europesays.com\/es\/wp-json\/wp\/v2\/types\/post"}],"author":[{"embeddable":true,"href":"https:\/\/www.europesays.com\/es\/wp-json\/wp\/v2\/users\/2"}],"replies":[{"embeddable":true,"href":"https:\/\/www.europesays.com\/es\/wp-json\/wp\/v2\/comments?post=515677"}],"version-history":[{"count":0,"href":"https:\/\/www.europesays.com\/es\/wp-json\/wp\/v2\/posts\/515677\/revisions"}],"wp:featuredmedia":[{"embeddable":true,"href":"https:\/\/www.europesays.com\/es\/wp-json\/wp\/v2\/media\/515678"}],"wp:attachment":[{"href":"https:\/\/www.europesays.com\/es\/wp-json\/wp\/v2\/media?parent=515677"}],"wp:term":[{"taxonomy":"category","embeddable":true,"href":"https:\/\/www.europesays.com\/es\/wp-json\/wp\/v2\/categories?post=515677"},{"taxonomy":"post_tag","embeddable":true,"href":"https:\/\/www.europesays.com\/es\/wp-json\/wp\/v2\/tags?post=515677"}],"curies":[{"name":"wp","href":"https:\/\/api.w.org\/{rel}","templated":true}]}}