{"id":516315,"date":"2026-04-25T07:06:40","date_gmt":"2026-04-25T07:06:40","guid":{"rendered":"https:\/\/www.europesays.com\/es\/516315\/"},"modified":"2026-04-25T07:06:40","modified_gmt":"2026-04-25T07:06:40","slug":"ganar-la-lucha-contra-la-malaria","status":"publish","type":"post","link":"https:\/\/www.europesays.com\/es\/516315\/","title":{"rendered":"Ganar la lucha contra la malaria"},"content":{"rendered":"<p><strong>Eloisa Molina, directora de Comunicaci\u00f3n de World Vision<\/strong><br \/>La malaria sigue siendo una enfermedad potencialmente mortal que se transmite a los seres humanos a trav\u00e9s de mosquitos infectados.<strong> Casi la mitad de la poblaci\u00f3n mundial est\u00e1 expuesta a esta enfermedad<\/strong>, pero supone un riesgo especial para las mujeres embarazadas y los ni\u00f1os y ni\u00f1as menores de cinco a\u00f1os. Aunque se est\u00e1n logrando avances en la lucha contra la malaria gracias a la mejora de los m\u00e9todos de diagn\u00f3stico y los tratamientos, al uso de mosquiteras tratadas con insecticida y a la vacuna contra la malaria, siguen existiendo retos.<\/p>\n<p>El <a href=\"https:\/\/www.who.int\/es\/campaigns\/world-malaria-day\/2026\" target=\"_blank\" rel=\"noopener nofollow\"><strong>D\u00eda Mundial contra la Malaria, que se celebra el 25 de abril,<\/strong><\/a> sirve para recordar el esfuerzo continuo que se necesita para erradicar esta enfermedad mortal, que afecta de manera desproporcionada a las poblaciones vulnerables con acceso limitado a la atenci\u00f3n sanitaria.<\/p>\n<p><strong>Datos clave: Malaria<\/strong><\/p>\n<p>En 2024, casi la mitad de la poblaci\u00f3n mundial se enfrentaba al riesgo de contraer malaria, seg\u00fan la <a href=\"https:\/\/www.who.int\/news-room\/fact-sheets\/detail\/malaria\" target=\"_blank\" rel=\"noopener nofollow\">Organizaci\u00f3n Mundial de la Salud<\/a> (OMS). Se estima que 282 millones de personas contrajeron malaria en 80 pa\u00edses en 2024, frente a los 249 millones de 2023. El <strong>n\u00famero total de muertes<\/strong> relacionadas con la malaria en 2024 alcanz\u00f3 las <strong>610.000<\/strong>. Los ni\u00f1os y ni\u00f1as menores de cinco a\u00f1os del \u00c1frica subsahariana son especialmente vulnerables a la malaria, ya que representan aproximadamente el 75 % de las muertes relacionadas con esta enfermedad.<\/p>\n<p><strong>\u00bfQu\u00e9 es la malaria y qu\u00e9 la causa?<\/strong><\/p>\n<p>La malaria es una enfermedad potencialmente mortal causada por el <strong>par\u00e1sito Plasmodium falciparum<\/strong> (P. falciparum). El par\u00e1sito se transmite a los seres humanos a trav\u00e9s de la <strong>picadura de un mosquito Anopheles<\/strong> hembra infectado. El mosquito debe haber adquirido el par\u00e1sito al picar previamente a una persona que lo porta en la sangre. Los par\u00e1sitos se multiplican en el h\u00edgado de la persona infectada antes de infectar y destruir finalmente los gl\u00f3bulos rojos.<\/p>\n<p><a class=\"gofollow\" data-track=\"MjcwLDc1LDEsNjA=\" href=\"https:\/\/isanidad.com\/362008\/anuario-isanidad-2025-la-sanidad-contada-por-sus-protagonistas\/\" target=\"_blank\" rel=\"nofollow noopener\"><img decoding=\"async\" width=\"600\" height=\"500\" src=\"data:image\/svg+xml,%3Csvg%20xmlns=\" http:=\"\" fetchpriority=\"high\" data-lazy-src=\"https:\/\/www.europesays.com\/es\/wp-content\/uploads\/2026\/04\/1777100798_702_BANNER-web-cuadrado-.gif\"\/><\/a><\/p>\n<p><img fetchpriority=\"high\" decoding=\"async\" class=\"wp-image-370226 alignleft\" src=\"data:image\/svg+xml,%3Csvg%20xmlns=\" http:=\"\" alt=\"vacunacion-malaria-foto-world-vision\" width=\"434\" height=\"289\" data-lazy-src=\"https:\/\/www.europesays.com\/es\/wp-content\/uploads\/2026\/04\/vacunacion-malaria-foto-world-vision.png\"\/><\/p>\n<p>Los s\u00edntomas de la malaria incluyen fiebre alta, escalofr\u00edos, dolor de cabeza y v\u00f3mitos. Estos s\u00edntomas similares a los de la gripe suelen aparecer entre 10 y 15 d\u00edas despu\u00e9s de que un mosquito infectado pique a una persona. Si no se trata, <strong>la malaria puede poner en peligro la vida<\/strong> al interrumpir el suministro de sangre a los \u00f3rganos vitales. Los signos de malaria grave incluyen piel muy p\u00e1lida, v\u00f3mitos intensos y convulsiones.<\/p>\n<p><strong>\u00bfPor qu\u00e9 es la malaria especialmente peligrosa para los beb\u00e9s y los ni\u00f1os y ni\u00f1as peque\u00f1os?<\/strong><\/p>\n<p>Durante el embarazo, la infecci\u00f3n de la madre puede provocar bajo peso al nacer y mortalidad infantil. Los reci\u00e9n nacidos en zonas propensas a la malaria adquieren cierta inmunidad de sus madres, pero esta disminuye al cabo de unos tres meses. En lugares donde la malaria es prevalente, los ni\u00f1os y ni\u00f1as que sobreviven a m\u00faltiples infecciones suelen desarrollar una inmunidad parcial cuando tienen entre dos y cinco a\u00f1os. Por eso, <strong>los casos m\u00e1s graves suelen afectar a menores de cinco a\u00f1os<\/strong>, antes de que hayan tenido tiempo de desarrollar una inmunidad suficiente. Adem\u00e1s, los ni\u00f1os y ni\u00f1as con malaria corren un mayor riesgo de padecer anemia, que puede ser mortal si no se trata.<\/p>\n<p><strong>\u00bfCu\u00e1les son las mejores medidas preventivas?<\/strong><\/p>\n<p>Para prevenir la malaria en pa\u00edses donde es end\u00e9mica, se pueden utilizar varias estrategias eficaces: dormir bajo mosquiteras tratadas con insecticida de larga duraci\u00f3n, tomar medicamentos contra la malaria,\u00a0eliminar el agua estancada ayuda a acabar con los criaderos de mosquitos, fumigaci\u00f3n de interiores con insecticida y diagn\u00f3stico precoz y tratamiento inmediato con medicamentos contra la malaria.<\/p>\n<p>La inmunizaci\u00f3n, con la <strong><a href=\"https:\/\/www.who.int\/news\/item\/06-10-2021-who-recommends-groundbreaking-malaria-vaccine-for-children-at-risk\" target=\"_blank\" rel=\"noopener nofollow\">vacuna RTS,S\/AS01 (RTS,S)<\/a><\/strong>, desarrollada tras 35 a\u00f1os de investigaci\u00f3n, se considera un gran avance para la salud infantil, seg\u00fan la <a href=\"https:\/\/www.unicef.org\/press-releases\/millions-more-children-benefit-malaria-vaccine-unicef-secures-supply\" target=\"_blank\" rel=\"noopener nofollow\">Unicef<\/a>. Est\u00e1 dirigida contra el par\u00e1sito de la malaria m\u00e1s letal, el P. falciparum, en \u00c1frica. La vacuna reduce la malaria grave y la mortalidad infantil, lo que supone un hito significativo.<\/p>\n<p><strong>\u00bfQu\u00e9 est\u00e1 haciendo World Vision?<\/strong><\/p>\n<p>World Vision trabaja para prevenir y garantizar que las personas de las zonas afectadas se mantengan seguras y sanas. Desempe\u00f1amos un papel importante en la lucha contra la malaria apoyando y ayudando a <strong>financiar programas locales en lugares donde la malaria es una amenaza<\/strong>, como Angola, la Rep\u00fablica Centroafricana, Malaui, Mozambique, Tailandia y Zimbabwe.<\/p>\n<p><img loading=\"lazy\" decoding=\"async\" class=\"wp-image-370227\" src=\"data:image\/svg+xml,%3Csvg%20xmlns=\" http:=\"\" alt=\"phales-sentada-frente-a-su-casa-malaria-world-vision\" width=\"502\" height=\"334\" data-lazy-src=\"https:\/\/www.europesays.com\/es\/wp-content\/uploads\/2026\/04\/phales-sentada-frente-a-su-casa-malaria-world-vision.png\"\/>Phales Mulinda, trabajadora sanitaria comunitaria<\/p>\n<p>Proporcionamos a las personas <strong>mosquiteras tratadas con insecticida de larga duraci\u00f3n<\/strong> para dormir, lo que reduce las picaduras de mosquitos y el riesgo de malaria. Nuestras iniciativas tambi\u00e9n abarcan la aplicaci\u00f3n de insecticidas en interiores, la formaci\u00f3n de trabajadores sanitarios comunitarios y medidas de control de mosquitos basadas en datos.<\/p>\n<p>En 2024, prestamos apoyo a m\u00e1s de 23 millones de personas a trav\u00e9s de nuestros programas de prevenci\u00f3n. Ese mismo a\u00f1o, World Vision distribuy\u00f3 m\u00e1s de un mill\u00f3n de mosquiteras en comunidades en riesgo, llegando a m\u00e1s de 1,9 millones de personas en Burundi y la Rep\u00fablica Centroafricana.<\/p>\n<p>En Zambia, <strong>Phales Mulinda<\/strong>, una trabajadora sanitaria comunitaria cualificada, ha tenido un impacto significativo en su comunidad al proporcionar servicios m\u00e9dicos esenciales y educaci\u00f3n. \u00abDesde que recib\u00ed la formaci\u00f3n, no solo he podido trabajar, sino que<strong> estoy bien informada, a diferencia de antes<\/strong>\u00ab, afirma. \u00abEstoy muy contenta por los conocimientos que he adquirido para ayudar a mi comunidad\u00bb.<\/p>\n<p>La Organizaci\u00f3n Mundial de la Salud se propone reducir los casos de malaria en un 90% para el a\u00f1o 2030. World Vision se suma a este objetivo protegiendo la salud en las comunidades m\u00e1s vulnerables y financiando y liderando iniciativas locales para erradicar la malaria y garantizar entornos seguros para todos.<\/p>\n","protected":false},"excerpt":{"rendered":"Eloisa Molina, directora de Comunicaci\u00f3n de World VisionLa malaria sigue siendo una enfermedad potencialmente mortal que se transmite&hellip;\n","protected":false},"author":2,"featured_media":516316,"comment_status":"","ping_status":"","sticky":false,"template":"","format":"standard","meta":{"footnotes":""},"categories":[42],"tags":[17,18,16480,13,14,11,61,62,63,64,19,20,2219,9,10,15,16,1925,12,21,22,7589,65,66,67],"class_list":["post-516315","post","type-post","status-publish","format-standard","has-post-thumbnail","category-internacional","tag-breaking-news","tag-breakingnews","tag-cooperacion","tag-featured-news","tag-featurednews","tag-headlines","tag-internacional","tag-international","tag-international-news","tag-internationalnews","tag-latest-news","tag-latestnews","tag-malaria","tag-news","tag-noticias","tag-noticias-destacadas","tag-noticiasdestacadas","tag-opinion","tag-titulares","tag-ultimas-noticias","tag-ultimasnoticias","tag-vacunacion","tag-world","tag-world-news","tag-worldnews"],"share_on_mastodon":{"url":"https:\/\/pubeurope.com\/@es\/116464083854127160","error":""},"_links":{"self":[{"href":"https:\/\/www.europesays.com\/es\/wp-json\/wp\/v2\/posts\/516315","targetHints":{"allow":["GET"]}}],"collection":[{"href":"https:\/\/www.europesays.com\/es\/wp-json\/wp\/v2\/posts"}],"about":[{"href":"https:\/\/www.europesays.com\/es\/wp-json\/wp\/v2\/types\/post"}],"author":[{"embeddable":true,"href":"https:\/\/www.europesays.com\/es\/wp-json\/wp\/v2\/users\/2"}],"replies":[{"embeddable":true,"href":"https:\/\/www.europesays.com\/es\/wp-json\/wp\/v2\/comments?post=516315"}],"version-history":[{"count":0,"href":"https:\/\/www.europesays.com\/es\/wp-json\/wp\/v2\/posts\/516315\/revisions"}],"wp:featuredmedia":[{"embeddable":true,"href":"https:\/\/www.europesays.com\/es\/wp-json\/wp\/v2\/media\/516316"}],"wp:attachment":[{"href":"https:\/\/www.europesays.com\/es\/wp-json\/wp\/v2\/media?parent=516315"}],"wp:term":[{"taxonomy":"category","embeddable":true,"href":"https:\/\/www.europesays.com\/es\/wp-json\/wp\/v2\/categories?post=516315"},{"taxonomy":"post_tag","embeddable":true,"href":"https:\/\/www.europesays.com\/es\/wp-json\/wp\/v2\/tags?post=516315"}],"curies":[{"name":"wp","href":"https:\/\/api.w.org\/{rel}","templated":true}]}}