{"id":51677,"date":"2025-08-16T15:49:08","date_gmt":"2025-08-16T15:49:08","guid":{"rendered":"https:\/\/www.europesays.com\/es\/51677\/"},"modified":"2025-08-16T15:49:08","modified_gmt":"2025-08-16T15:49:08","slug":"el-espectacular-posado-veraniego-de-mar-flores-desde-la-costa-amalfitana-la-voz-de-galicia","status":"publish","type":"post","link":"https:\/\/www.europesays.com\/es\/51677\/","title":{"rendered":"El espectacular posado veraniego de Mar Flores desde la Costa Amalfitana &#8211; La Voz de Galicia"},"content":{"rendered":"<ol>\n<li><a href=\"https:\/\/news.google.com\/rss\/articles\/CBMi1wFBVV95cUxNMmtHeW1ranZRZ2l5OEIxdFVmYjlQVjJFVjZicldvR2Y5SlF3U1NIa3RTYUZtNE9QWjIwS1Z0MWY3U21haTNDOUJCQmQzZjhkcTNUS1BaUUdjb053Y0tDWkRLQ29iM1dnWDhReVFiY0NtTzBaaVNmQ1hTYnpjdWlqem41NDNDOW5FTVZTWklTbkM0Q2JYOVFmZ0J4WUk0RXBBQWpCYWREZ0prdkxlSVhzM2JjWVJzTnVtbTJOa2ZfYkUwZEI5YThCVlh0VXJ6azlWd05JRlhRQQ?oc=5\" target=\"_blank\" rel=\"nofollow noopener\">El espectacular posado veraniego de Mar Flores desde la Costa Amalfitana<\/a>&nbsp;&nbsp;La Voz de Galicia<\/li>\n<li><a href=\"https:\/\/news.google.com\/rss\/articles\/CBMifkFVX3lxTE9JUk14akVWeVFoQkg1WlRua2N5Vm1YNk5WV1pmaXUwLVVXVnlveU9CUEc2X1FXQjB4WW9JYWg4c3dpT0Z6N2xMZW1fZnZqTnpMakZZc2tuZ0hFeTJsalBYR2ZDTWpUS011QlptVVR2bVRZUUFrU1BHcEpXbmFvdw?oc=5\" target=\"_blank\" rel=\"nofollow noopener\">El espectacular posado veraniego de Mar Flores en bikini a sus 56 a\u00f1os<\/a>&nbsp;&nbsp;HOLA<\/li>\n<li><a href=\"https:\/\/news.google.com\/rss\/articles\/CBMimwFBVV95cUxNTmJBd1RXbDlqOUI5WlFNZnZOc0R4MExseXRhVWJXYmlzdGE1SHdJeHVjSkFlYktmN3g3eGZRN1Z4N0pZQzdPQzBFY2NuN05XT2pHNkFVRjNtVV90T2tSdEY5RkF0WHlyT3dpU1VaWHR6QjhHdUpyS2RQMlBCN216SjlzMGFlR1QxYUdYYUFJblhSRloyZmpKaVpOOA?oc=5\" target=\"_blank\" rel=\"nofollow noopener\">Mar Flores abre el \u00e1lbum m\u00e1s sensual de su verano m\u00e1s indiscreto: \u00abLa belleza est\u00e1 en los detalles\u00bb<\/a>&nbsp;&nbsp;ABC<\/li>\n<li><a href=\"https:\/\/news.google.com\/rss\/articles\/CBMi1wFBVV95cUxOQzZzdlFJOFRxRGhtUnpsc2pxMnBiS2NpdXBCY1JOeGp5cU9IcV9odk9qWmdkTlREbjlrSkxwWm1TUEZJS0hFSGpUeHppazVyakFkUWlCOEotcVRoV1NDSDJYbERzZ1hUdmd3dE1IODJIa2hrMHJFcGZMRDc2dm5MWmh0M0dtVkozaWlXS2w1dmNkRGxTRDJyZlpuekFRRk9FWXpITmk1WEpOOXJUNGFfM05wUEN5WHlzc3BvZFRONHA2eEhzRmJwS1lQclNwSVVESkpfYkgwaw?oc=5\" target=\"_blank\" rel=\"nofollow noopener\">El espectacular \u00e1lbum de fotos de Mar Flores presumiendo de cuerpo en bikini a sus 56 a\u00f1os &#8211; Chic<\/a>&nbsp;&nbsp;Libertad Digital<\/li>\n<li><a href=\"https:\/\/news.google.com\/rss\/articles\/CBMizgFBVV95cUxQS1ZOVGt1SjZkazdVLVRubFgyMWpqak9aMXF2M2dDaWdYTGFaekFNalRuTU4wWlhKYzN3eXdEWnFRckZVRVdLdXIyN1ROeUozMnVqaEZFaEY1Uzk1TnpaZkQyc0F5TVZXRURLR3J2b3JyYk1wNUNXYTI5XzJlOGdNa3c5ZGdMUHg5Ti1XTU8zRTh6RTNGejd6clRtVXFYRzRocjE5dkRrb1JrTzR2dTZxWVVQYWN1WU5lb2RiTFZ5bnN3azQ2WkJyeGIwVUFEQQ?oc=5\" target=\"_blank\" rel=\"nofollow noopener\">Mar Flores abre el \u00e1lbum de fotos de sus vacaciones: \u00abEntre el azul infinito del mar y el sabor de cada instante\u00bb<\/a>&nbsp;&nbsp;Semana<\/li>\n<\/ol>\n","protected":false},"excerpt":{"rendered":"El espectacular posado veraniego de Mar Flores desde la Costa Amalfitana&nbsp;&nbsp;La Voz de Galicia El espectacular posado veraniego&hellip;\n","protected":false},"author":2,"featured_media":51678,"comment_status":"","ping_status":"","sticky":false,"template":"","format":"standard","meta":{"footnotes":""},"categories":[91],"tags":[9893,146,147,25,24,518,23],"class_list":{"0":"post-51677","1":"post","2":"type-post","3":"status-publish","4":"format-standard","5":"has-post-thumbnail","7":"category-entretenimiento","8":"tag-carlo-costanzia","9":"tag-entertainment","10":"tag-entretenimiento","11":"tag-es","12":"tag-espana","13":"tag-rtve","14":"tag-spain"},"share_on_mastodon":{"url":"","error":""},"_links":{"self":[{"href":"https:\/\/www.europesays.com\/es\/wp-json\/wp\/v2\/posts\/51677","targetHints":{"allow":["GET"]}}],"collection":[{"href":"https:\/\/www.europesays.com\/es\/wp-json\/wp\/v2\/posts"}],"about":[{"href":"https:\/\/www.europesays.com\/es\/wp-json\/wp\/v2\/types\/post"}],"author":[{"embeddable":true,"href":"https:\/\/www.europesays.com\/es\/wp-json\/wp\/v2\/users\/2"}],"replies":[{"embeddable":true,"href":"https:\/\/www.europesays.com\/es\/wp-json\/wp\/v2\/comments?post=51677"}],"version-history":[{"count":0,"href":"https:\/\/www.europesays.com\/es\/wp-json\/wp\/v2\/posts\/51677\/revisions"}],"wp:featuredmedia":[{"embeddable":true,"href":"https:\/\/www.europesays.com\/es\/wp-json\/wp\/v2\/media\/51678"}],"wp:attachment":[{"href":"https:\/\/www.europesays.com\/es\/wp-json\/wp\/v2\/media?parent=51677"}],"wp:term":[{"taxonomy":"category","embeddable":true,"href":"https:\/\/www.europesays.com\/es\/wp-json\/wp\/v2\/categories?post=51677"},{"taxonomy":"post_tag","embeddable":true,"href":"https:\/\/www.europesays.com\/es\/wp-json\/wp\/v2\/tags?post=51677"}],"curies":[{"name":"wp","href":"https:\/\/api.w.org\/{rel}","templated":true}]}}