{"id":516866,"date":"2026-04-25T14:25:17","date_gmt":"2026-04-25T14:25:17","guid":{"rendered":"https:\/\/www.europesays.com\/es\/516866\/"},"modified":"2026-04-25T14:25:17","modified_gmt":"2026-04-25T14:25:17","slug":"china-alerta-del-peligroso-avance-del-militarismo-japones-y-su-amenaza-a-la-seguridad-internacional","status":"publish","type":"post","link":"https:\/\/www.europesays.com\/es\/516866\/","title":{"rendered":"China alerta del \u00abpeligroso\u00bb avance del militarismo japon\u00e9s y su amenaza a la seguridad internacional"},"content":{"rendered":"<p class=\"c-paragraph\"><b><a href=\"https:\/\/www.20minutos.es\/internacional\/china-preparada-eeuu-lineas-rojas-un-conflicto_6934182_0.html\" title=\"China advierte que est\u00e1 preparada para actuar si EEUU &quot;cruza l\u00edneas rojas&quot; como Taiw\u00e1n: &quot;Llevar\u00eda a un conflicto&quot;\" rel=\"nofollow noopener\" target=\"_blank\">El Ministerio de Exteriores de China<\/a><\/b> ha alertado este viernes del \u00abr\u00e1pido y peligroso\u00bb auge que est\u00e1 experimentando <b><a href=\"https:\/\/www.20minutos.es\/internacional\/japon-despliega-su-sistema-misiles-largo-alcance-para-reforzar-su-capacidad-contraataque_6952846_0.html\" title=\"Jap\u00f3n despliega su sistema de misiles de largo alcance para reforzar su capacidad de contraataque\" rel=\"nofollow noopener\" target=\"_blank\">el militarismo en Jap\u00f3n<\/a><\/b>. Una tendencia que, a su juicio, constituye ya una amenaza tangible para la seguridad internacional.<\/p>\n<p class=\"c-paragraph\">El portavoz de la diplomacia china, Guo Jiakun, se ha pronunciado en estos t\u00e9rminos durante una rueda de prensa al ser preguntado por las recientes iniciativas de Tokio en materia de defensa y seguridad que Pek\u00edn present\u00f3 como <b>motivo de preocupaci\u00f3n<\/b>.<\/p>\n<p class=\"c-paragraph\">Guo ha recordado que, en el pasado, el militarismo japon\u00e9s protagoniz\u00f3 \u00ab<b>cr\u00edmenes horrendos<\/b>\u00bb tras \u00abinventar supuestas amenazas externas, incitar al nacionalismo, manipular el poder estatal, lanzar guerras de agresi\u00f3n contra pa\u00edses extranjeros y provocar la cat\u00e1strofe a los pueblos\u00bb de la regi\u00f3n Asia-Pac\u00edfico. En este sentido, ha criticado que en la actualidad Jap\u00f3n <b>no haya realizado una reflexi\u00f3n profunda<\/b> sobre ese legado hist\u00f3rico.<\/p>\n<p class=\"c-paragraph\">Seg\u00fan el portavoz, los sectores conservadores japoneses est\u00e1n promoviendo de forma constante un giro hacia pol\u00edticas de seguridad \u00ab<b>m\u00e1s ofensivas y expansionistas<\/b>\u00bb con el objetivo de acelerar la militarizaci\u00f3n del pa\u00eds mediante la reconfiguraci\u00f3n de su industria de defensa. Asimismo, desde Exteriores, se ha acusado a Tokio de tratar de \u00abconfundir lo correcto con lo incorrecto\u00bb a trav\u00e9s de sus iniciativas pol\u00edticas y diplom\u00e1ticas.<\/p>\n<p class=\"c-paragraph\">Entre las medidas se\u00f1aladas por Pek\u00edn figuran la propuesta de <b>reformar la Constituci\u00f3n pacifista japonesa<\/b>, la flexibilizaci\u00f3n de las normas sobre exportaci\u00f3n de armamento, el despliegue de capacidades misil\u00edsticas ofensivas y el notable incremento del gasto militar. Estas acciones, seg\u00fan Guo, evidencian la intenci\u00f3n de \u00ab<b>allanar el camino para la expansi\u00f3n militar<\/b>\u00ab. El portavoz ha subrayado tambi\u00e9n el acercamiento de Jap\u00f3n a la Organizaci\u00f3n del Tratado del Atl\u00e1ntico Norte, interpret\u00e1ndolo como un intento de involucrar a actores externos en la regi\u00f3n y fomentar din\u00e1micas de confrontaci\u00f3n.<\/p>\n<p class=\"c-paragraph\">Finalmente, Guo ha advertido de que las consecuencias hist\u00f3ricas del militarismo japon\u00e9s siguen presentes y ha instado a los pa\u00edses de la regi\u00f3n, incluida China, a <b>evitar su resurgimiento<\/b>. En sus palabras, no se debe permitir que \u00ablas tragedias de la historia se repitan\u00bb ni que \u00abnadie ni ninguna fuerza socave la paz en la regi\u00f3n\u00bb.<\/p>\n","protected":false},"excerpt":{"rendered":"El Ministerio de Exteriores de China ha alertado este viernes del \u00abr\u00e1pido y peligroso\u00bb auge que est\u00e1 experimentando&hellip;\n","protected":false},"author":2,"featured_media":516867,"comment_status":"","ping_status":"","sticky":false,"template":"","format":"standard","meta":{"footnotes":""},"categories":[42],"tags":[3830,7377,17,18,1615,13,14,11,61,62,63,64,19,20,102418,9,10,15,16,3379,12,21,22,65,66,67],"class_list":["post-516866","post","type-post","status-publish","format-standard","has-post-thumbnail","category-internacional","tag-alerta","tag-avance","tag-breaking-news","tag-breakingnews","tag-china","tag-featured-news","tag-featurednews","tag-headlines","tag-internacional","tag-international","tag-international-news","tag-internationalnews","tag-latest-news","tag-latestnews","tag-militarismo","tag-news","tag-noticias","tag-noticias-destacadas","tag-noticiasdestacadas","tag-peligroso","tag-titulares","tag-ultimas-noticias","tag-ultimasnoticias","tag-world","tag-world-news","tag-worldnews"],"share_on_mastodon":{"url":"https:\/\/pubeurope.com\/@es\/116465810140480451","error":""},"_links":{"self":[{"href":"https:\/\/www.europesays.com\/es\/wp-json\/wp\/v2\/posts\/516866","targetHints":{"allow":["GET"]}}],"collection":[{"href":"https:\/\/www.europesays.com\/es\/wp-json\/wp\/v2\/posts"}],"about":[{"href":"https:\/\/www.europesays.com\/es\/wp-json\/wp\/v2\/types\/post"}],"author":[{"embeddable":true,"href":"https:\/\/www.europesays.com\/es\/wp-json\/wp\/v2\/users\/2"}],"replies":[{"embeddable":true,"href":"https:\/\/www.europesays.com\/es\/wp-json\/wp\/v2\/comments?post=516866"}],"version-history":[{"count":0,"href":"https:\/\/www.europesays.com\/es\/wp-json\/wp\/v2\/posts\/516866\/revisions"}],"wp:featuredmedia":[{"embeddable":true,"href":"https:\/\/www.europesays.com\/es\/wp-json\/wp\/v2\/media\/516867"}],"wp:attachment":[{"href":"https:\/\/www.europesays.com\/es\/wp-json\/wp\/v2\/media?parent=516866"}],"wp:term":[{"taxonomy":"category","embeddable":true,"href":"https:\/\/www.europesays.com\/es\/wp-json\/wp\/v2\/categories?post=516866"},{"taxonomy":"post_tag","embeddable":true,"href":"https:\/\/www.europesays.com\/es\/wp-json\/wp\/v2\/tags?post=516866"}],"curies":[{"name":"wp","href":"https:\/\/api.w.org\/{rel}","templated":true}]}}