{"id":517081,"date":"2026-04-25T17:27:21","date_gmt":"2026-04-25T17:27:21","guid":{"rendered":"https:\/\/www.europesays.com\/es\/517081\/"},"modified":"2026-04-25T17:27:21","modified_gmt":"2026-04-25T17:27:21","slug":"sara-carbonero-reaparece-en-su-pueblo-para-honrar-a-su-madre","status":"publish","type":"post","link":"https:\/\/www.europesays.com\/es\/517081\/","title":{"rendered":"Sara Carbonero reaparece en su pueblo para honrar a su madre"},"content":{"rendered":"<p style=\"\">Sara Carbonero ha reaparecido tras la muerte de su madre. Solo trece d\u00edas despu\u00e9s del fallecimiento de <strong>Goyi Ar\u00e9valo<\/strong>, la periodista ha organizado una misa en su pueblo, Corral de Almaguer, para dar un \u00faltimo adi\u00f3s y recordar la figura de su progenitora. Por  &#8230; supuesto, ha estado acompa\u00f1ada de sus incondicionales. No solo su pareja, Jota Cabrera, tambi\u00e9n su gran amiga Isabel Jim\u00e9nez ha estado presente. <\/p>\n<p class=\"v-d-p\" style=\"\">A las 10 de la ma\u00f1ana de este s\u00e1bado se ha celebrado en la Iglesia Parroquial de Nuestra Se\u00f1ora de la Asunci\u00f3n una <strong>eucarist\u00eda<\/strong> en honor a Goyi, que muri\u00f3 con 66 a\u00f1os a causa de una enfermedad que la ten\u00eda desde hac\u00eda tiempo convaleciente. Es el mismo lugar en el que tuvo lugar tambi\u00e9n la misa funeral y el entierro el pasado 13 de abril, a donde tambi\u00e9n acudieron Iker Casillas e incluso el padre de Sara, que estaba distanciado de la familia. <\/p>\n<p class=\"v-d-p\" style=\"\">Sara y su hermana, Irene, eran las organizadoras de la cita, un acto \u00edntimo en el que solo han estado los m\u00e1s allegados. Entre ellos<strong> los hermanos de Goyi y los m\u00e1s cercanos de la presentadora<\/strong>, que han arropado a las dos hermanas en esta nueva despedida de uno de los pilares de su vida. <\/p>\n<ul class=\"v-cmp-rld__u\">\n<li class=\"v-cmp-rld__l\">\n<p><a class=\"v-a-lnk\" href=\"http:\/\/www.abc.es\/gente\/sara-carbonero-habla-enfermedad-sufrimiento-solo-sirve-20260424133817-nt.html#vtm_modulosEngag=noticiasrelacionadas-cmp-uno:gente:noticia:1\" title=\"Sara Carbonero habla de su enfermedad: \u00abHay sufrimiento que solo sirve para sufrir\u00bb\" data-voc-vtm-id=\"in-text-traffic\" rel=\"nofollow noopener\" target=\"_blank\"><br \/>\n<img decoding=\"async\" loading=\"lazy\" src=\"https:\/\/www.europesays.com\/es\/wp-content\/uploads\/2026\/04\/sara-carbonero-gtres-U65265018436xmc-366x256@diario_abc.jpg\" class=\"v-a-img\" width=\"258\" height=\"180\" alt=\"Sara Carbonero habla de su enfermedad: \u00abHay sufrimiento que solo sirve para sufrir\u00bb\"\/><br \/>\n<\/a><\/p>\n<\/li>\n<\/ul>\n<p class=\"v-d-p\" style=\"\">Corral de Almaguer se ha convertido una vez m\u00e1s en el refugio de Sara. El pueblo que la vio crecer y que ahora se convierte en el lugar en el que se despide de su madre.<strong> Acompa\u00f1ada de su pareja<\/strong> y de su gran amiga Isabel, estos nunca se han apartado de su lado. La presentadora de los informativos incluso ha asistido con sus hijos, y todos juntos han accedido al templo en el que se ha celebrado la sentida eucarist\u00eda. <\/p>\n<p><img decoding=\"async\" loading=\"lazy\" src=\"https:\/\/www.europesays.com\/es\/wp-content\/uploads\/2026\/04\/sara-carbonero-isabel-jimenez-U37720371754psa-680x476@diario_abc.jpg\" class=\"v-a-img\" width=\"680\" height=\"478\" alt=\"Sara Carbonero, acompa\u00f1ada de Jota Cabrera, Isabel Jim\u00e9nez y los hijos de esta.\" data-voc-vtm-id=\"in-text-traffic\"\/><\/p>\n<p>Sara Carbonero, acompa\u00f1ada de Jota Cabrera, Isabel Jim\u00e9nez y los hijos de esta.<\/p>\n<p>(Gtres)<\/p>\n<p>\nDiscreci\u00f3n ante todo\n<\/p>\n<p class=\"v-d-p\" style=\"\">A pesar de que este viernes se public\u00f3 una entrevista de Sara Carbonero en donde hablaba unos d\u00edas antes de la muerte de su madre, lo cierto es que la periodista ha permanecido en un segundo plano en estos \u00faltimos d\u00edas. Su reaparici\u00f3n en las redes sociales fue con una canci\u00f3n de Marco Antonio Sol\u00eds interpretada por Dani Fern\u00e1ndez. El tema se llama<a href=\"https:\/\/www.abc.es\/gente\/sara-carbonero-reaparece-redes-tras-muerte-madre-20260416132753-nt.html\" target=\"_self\" data-voc-vtm-id=\"in-text-traffic\" title=\" &#039;Si no te hubieras ido&#039;\" data-mrf-link=\"www.abc.es\" rel=\"nofollow noopener\"> &#8216;Si no te hubieras ido&#8217;<\/a> y habla, precisamente, del duelo de una p\u00e9rdida.<\/p>\n<p class=\"v-d-p\" style=\"\">La comunicadora tiene fijado en su perfil de Instagram un mensaje a su madre, con el que quiere dejar claro la importancia que ten\u00eda su progenitora en su vida. Durante el ingreso al que se enfrent\u00f3 hace unos meses, estando en Canarias, su madre no pudo acudir a acompa\u00f1arla o cuidar de ella debido a su deteriorado estado de salud. Desde que fuera <a href=\"https:\/\/www.abc.es\/gente\/primeras-imagenes-sara-carbonero-dada-alta-madrid-20260114123221-nt.html\" target=\"_self\" data-voc-vtm-id=\"in-text-traffic\" title=\"dada de alta\" data-mrf-link=\"www.abc.es\" rel=\"nofollow noopener\">dada de alta<\/a>, Sara volvi\u00f3 a Madrid y no se separ\u00f3 del lado de Goyi. <\/p>\n<p class=\"v-d-p\" style=\"\">Pero aunque la discreci\u00f3n de Sara es siempre la m\u00e1xima en su vida, su hijo mayor, que a\u00fan es menor, tambi\u00e9n ha acaparado los titulares en la \u00faltima semana. El peque\u00f1o, de 12 a\u00f1os, ofreci\u00f3 hace unos d\u00edas su primera entrevista como parte del Real Madrid, donde ya sigue los pasos de su padre en las categor\u00edas inferiores. <\/p>\n","protected":false},"excerpt":{"rendered":"Sara Carbonero ha reaparecido tras la muerte de su madre. Solo trece d\u00edas despu\u00e9s del fallecimiento de Goyi&hellip;\n","protected":false},"author":2,"featured_media":517082,"comment_status":"","ping_status":"","sticky":false,"template":"","format":"standard","meta":{"footnotes":""},"categories":[91],"tags":[72954,146,147,25,24,102459,3354,4899,6495,10406,23],"class_list":["post-517081","post","type-post","status-publish","format-standard","has-post-thumbnail","category-entretenimiento","tag-carbonero","tag-entertainment","tag-entretenimiento","tag-es","tag-espana","tag-honrar","tag-madre","tag-pueblo","tag-reaparece","tag-sara","tag-spain"],"share_on_mastodon":{"url":"https:\/\/pubeurope.com\/@es\/116466526384996786","error":""},"_links":{"self":[{"href":"https:\/\/www.europesays.com\/es\/wp-json\/wp\/v2\/posts\/517081","targetHints":{"allow":["GET"]}}],"collection":[{"href":"https:\/\/www.europesays.com\/es\/wp-json\/wp\/v2\/posts"}],"about":[{"href":"https:\/\/www.europesays.com\/es\/wp-json\/wp\/v2\/types\/post"}],"author":[{"embeddable":true,"href":"https:\/\/www.europesays.com\/es\/wp-json\/wp\/v2\/users\/2"}],"replies":[{"embeddable":true,"href":"https:\/\/www.europesays.com\/es\/wp-json\/wp\/v2\/comments?post=517081"}],"version-history":[{"count":0,"href":"https:\/\/www.europesays.com\/es\/wp-json\/wp\/v2\/posts\/517081\/revisions"}],"wp:featuredmedia":[{"embeddable":true,"href":"https:\/\/www.europesays.com\/es\/wp-json\/wp\/v2\/media\/517082"}],"wp:attachment":[{"href":"https:\/\/www.europesays.com\/es\/wp-json\/wp\/v2\/media?parent=517081"}],"wp:term":[{"taxonomy":"category","embeddable":true,"href":"https:\/\/www.europesays.com\/es\/wp-json\/wp\/v2\/categories?post=517081"},{"taxonomy":"post_tag","embeddable":true,"href":"https:\/\/www.europesays.com\/es\/wp-json\/wp\/v2\/tags?post=517081"}],"curies":[{"name":"wp","href":"https:\/\/api.w.org\/{rel}","templated":true}]}}