{"id":517485,"date":"2026-04-25T23:36:15","date_gmt":"2026-04-25T23:36:15","guid":{"rendered":"https:\/\/www.europesays.com\/es\/517485\/"},"modified":"2026-04-25T23:36:15","modified_gmt":"2026-04-25T23:36:15","slug":"francisco-rivera-acompana-a-su-hija-tana-al-hospital-para-visitar-a-roca-rey-me-ha-recordado-a-la-cogida-de-mi-padre","status":"publish","type":"post","link":"https:\/\/www.europesays.com\/es\/517485\/","title":{"rendered":"Francisco Rivera acompa\u00f1a a su hija Tana al hospital para visitar a Roca Rey: \u00abMe ha recordado a la cogida de mi padre\u00bb"},"content":{"rendered":"<p>Andr\u00e9s Roca Rey se recupera en el hospital tras resultar herido de gravedad al ser embestido en la plaza de toros de la Maestraza de  &#8230; Sevilla. Los allegados del diestro han querido acompa\u00f1arle y este s\u00e1bado ha sido el turno del exdiestro Francisco Rivera, quien acudi\u00f3 al centro sanitario para acompa\u00f1ar a su hija, Tana Rivera, y actual pareja de Roca. A este c\u00edrculo cercano se ha sumado tambi\u00e9n el influencer Tom\u00e1s P\u00e1ramo, amigo de Tana.<\/p>\n<p class=\"v-p\">Rivera ha destacado la gravedad del percance, aunque ha subrayado que la lesi\u00f3n no comprometi\u00f3 la arteria femoral. El incidente le ha recordado la tragedia mortal que sufri\u00f3 su padre, Paquirri, en 1984. Comparando los dos casos, el antiguo matador ha destacado la suerte de su yerno. \u00abUn padre quiere lo mejor para sus hijos y esta profesi\u00f3n es dura y complicada. El peligro est\u00e1 cuando sale a la plaza el torero, que tira la moneda al aire\u00bb, ha compartido Rivera.<\/p>\n<p class=\"v-p\">El parte m\u00e9dico confirma que Roca Rey sufri\u00f3 importantes da\u00f1os musculares, pero sin afectaci\u00f3n nerviosa ni vascular. El cirujano que le atendi\u00f3 destac\u00f3 la fortuna del diestro: \u00abLa herida pudo haber comprometido la arteria y la vena, pero afortunadamente no fue as\u00ed\u00bb, explic\u00f3. La recuperaci\u00f3n, a\u00f1adieron los especialistas, ser\u00e1 lenta y exigente, centrada en la regeneraci\u00f3n del m\u00fasculo afectado. <\/p>\n<p class=\"v-p\">A pesar de lo impactante de la embestida, Roca Rey se mantiene estable y ha podido abandonar la UCI, traslad\u00e1ndose a planta. Su equipo asegura que el \u00e1nimo del diestro permanece intacto.<\/p>\n","protected":false},"excerpt":{"rendered":"Andr\u00e9s Roca Rey se recupera en el hospital tras resultar herido de gravedad al ser embestido en la&hellip;\n","protected":false},"author":2,"featured_media":517486,"comment_status":"","ping_status":"","sticky":false,"template":"","format":"standard","meta":{"footnotes":""},"categories":[174],"tags":[255,24517,146,147,25,24,256,11826,3983,102525,10717,10787,1048,23,1570,575,2985],"class_list":["post-517485","post","type-post","status-publish","format-standard","has-post-thumbnail","category-famosos","tag-celebrities","tag-embestido","tag-entertainment","tag-entretenimiento","tag-es","tag-espana","tag-famosos","tag-francisco","tag-hija","tag-maestraza","tag-reina","tag-rivera","tag-roca","tag-spain","tag-torero","tag-tras","tag-visitan"],"share_on_mastodon":{"url":"https:\/\/pubeurope.com\/@es\/116467976523066621","error":""},"_links":{"self":[{"href":"https:\/\/www.europesays.com\/es\/wp-json\/wp\/v2\/posts\/517485","targetHints":{"allow":["GET"]}}],"collection":[{"href":"https:\/\/www.europesays.com\/es\/wp-json\/wp\/v2\/posts"}],"about":[{"href":"https:\/\/www.europesays.com\/es\/wp-json\/wp\/v2\/types\/post"}],"author":[{"embeddable":true,"href":"https:\/\/www.europesays.com\/es\/wp-json\/wp\/v2\/users\/2"}],"replies":[{"embeddable":true,"href":"https:\/\/www.europesays.com\/es\/wp-json\/wp\/v2\/comments?post=517485"}],"version-history":[{"count":0,"href":"https:\/\/www.europesays.com\/es\/wp-json\/wp\/v2\/posts\/517485\/revisions"}],"wp:featuredmedia":[{"embeddable":true,"href":"https:\/\/www.europesays.com\/es\/wp-json\/wp\/v2\/media\/517486"}],"wp:attachment":[{"href":"https:\/\/www.europesays.com\/es\/wp-json\/wp\/v2\/media?parent=517485"}],"wp:term":[{"taxonomy":"category","embeddable":true,"href":"https:\/\/www.europesays.com\/es\/wp-json\/wp\/v2\/categories?post=517485"},{"taxonomy":"post_tag","embeddable":true,"href":"https:\/\/www.europesays.com\/es\/wp-json\/wp\/v2\/tags?post=517485"}],"curies":[{"name":"wp","href":"https:\/\/api.w.org\/{rel}","templated":true}]}}