{"id":517564,"date":"2026-04-26T00:53:13","date_gmt":"2026-04-26T00:53:13","guid":{"rendered":"https:\/\/www.europesays.com\/es\/517564\/"},"modified":"2026-04-26T00:53:13","modified_gmt":"2026-04-26T00:53:13","slug":"laura-escanes-rompe-su-silencio-me-mentia-en-la-cara-y-me-miraba-a-los-ojos","status":"publish","type":"post","link":"https:\/\/www.europesays.com\/es\/517564\/","title":{"rendered":"Laura Escanes rompe su silencio: \u00abMe ment\u00eda en la cara y me miraba a los ojos\u00bb"},"content":{"rendered":"<p>El mes de abril ha sido un periodo de cambios para <strong>Laura Escanes<\/strong>. Tras soplar las velas de su 30\u00ba cumplea\u00f1os, la catalana ha decidido echar la vista atr\u00e1s con una madurez que ha dejado a sus seguidores impactados. En una profunda charla en el p\u00f3dcast A Solas Con&#8230; de <strong>Vicky Mart\u00edn Berrocal<\/strong>, Escanes ha desmontado el relato que ella misma defendi\u00f3 durante casi una d\u00e9cada.<\/p>\n<p>El giro de 180 grados sobre la diferencia de edad<\/p>\n<p>Lo que en 2015 comenz\u00f3 como un romance de cuento de hadas entre una joven de 19 a\u00f1os y un publicista de 41, hoy es analizado por Laura con una autocr\u00edtica. Si en su momento abander\u00f3 el lema de que \u00abel amor no tiene edad\u00bb, hoy la realidad es otra. \u00ab<strong>Lo cre\u00eda y lo defend\u00eda a muerte, me daba igual lo que dijera el mundo. Pero ahora no pienso lo mismo.<\/strong> Muchas cr\u00edticas intentaban avisarme o protegerme\u00bb, confiesa.<\/p>\n<p>Laura reconoce ahora que la <strong>relaci\u00f3n no era horizontal<\/strong> y que, al existir una brecha generacional de 22 a\u00f1os, termin\u00f3 renunciando a etapas vitales fundamentales. \u00abFaltaban muchas cosas y ten\u00eda que entender mucho a\u00fan\u00bb, admite sobre aquella joven que se cas\u00f3 en 2017.<\/p>\n<p>El espejo de su hija Roma: &#8216;Sentir\u00eda miedo&#8217;<\/p>\n<p>Uno de los momentos m\u00e1s tensos de la entrevista lleg\u00f3 cuando se plante\u00f3 la posibilidad de que <strong>su hija Roma repitiera su historia <\/strong>en el futuro. Ante la pregunta de c\u00f3mo reaccionar\u00eda si su hija apareciera con un hombre 20 a\u00f1os mayor, Laura no pudo ocultar su <strong>preocupaci\u00f3n materna<\/strong>: \u00abHar\u00eda lo que hizo mi madre, preguntarme si estoy bien\u00bb, dijo admitiendo que sentir\u00eda miedo por que su peque\u00f1a se saltase etapas.<\/p>\n<p>Aunque r\u00e1pidamente reflexiona: \u00ab<strong>\u00bfQu\u00e9 le podr\u00eda decir yo? Si yo lo he hecho. Justamente por eso s\u00ed que le puedo advertir de algunas cosas&#8230; es complicado\u00bb<\/strong>.<\/p>\n<p>Traici\u00f3n y &#8216;mentiras en la cara&#8217;<\/p>\n<p>Sin duda, la declaraci\u00f3n m\u00e1s demoledora de la influencer fue la referida a la falta de honestidad en su pasado sentimental. Aunque no dio nombres propios vinculados a episodios espec\u00edficos, Laura se sincer\u00f3 sobre el da\u00f1o emocional sufrido por la dependencia: \u00abLo he pasado muy mal. Tant\u00edsima dependencia en una persona que <strong>me ment\u00eda en la cara y me miraba a los ojos<\/strong>. \u00bfC\u00f3mo voy a confiar luego en la gente?\u00bb<\/p>\n<p>\u00abYa no sabes ni lo que te gusta ni qui\u00e9n eres\u00bb, relata sobre una etapa de su vida en la que la terapia y su c\u00edrculo \u00edntimo fueron su \u00fanica tabla de salvaci\u00f3n.<\/p>\n<p>Una nueva etapa junto a Joan Verd\u00fa<\/p>\n<p>A pesar de las cicatrices, el presente de Laura Escanes brilla con luz propia. Consolidada como presentadora en TV3 y con una <strong>estabilidad sentimental<\/strong> junto al piloto <strong>Joan Verd\u00fa<\/strong>, la influencer asegura haber recuperado su identidad.<\/p>\n<p>Atr\u00e1s qued\u00f3 el miedo a ser una \u00abmujer florero\u00bb a la sombra de un hombre medi\u00e1tico; hoy, <strong>Laura Escanes<\/strong> camina sola, con la lecci\u00f3n aprendida de que defender algo \u00aba muerte\u00bb no siempre significa que sea lo correcto.<\/p>\n","protected":false},"excerpt":{"rendered":"El mes de abril ha sido un periodo de cambios para Laura Escanes. Tras soplar las velas de&hellip;\n","protected":false},"author":2,"featured_media":517565,"comment_status":"","ping_status":"","sticky":false,"template":"","format":"standard","meta":{"footnotes":""},"categories":[91],"tags":[146,147,25,24,86293,13495,24468,23,7151,22271],"class_list":["post-517564","post","type-post","status-publish","format-standard","has-post-thumbnail","category-entretenimiento","tag-entertainment","tag-entretenimiento","tag-es","tag-espana","tag-joan-verdu","tag-laura-escanes","tag-risto-mejide","tag-spain","tag-tv3","tag-vicky-martin-berrocal"],"share_on_mastodon":{"url":"https:\/\/pubeurope.com\/@es\/116468279335673415","error":""},"_links":{"self":[{"href":"https:\/\/www.europesays.com\/es\/wp-json\/wp\/v2\/posts\/517564","targetHints":{"allow":["GET"]}}],"collection":[{"href":"https:\/\/www.europesays.com\/es\/wp-json\/wp\/v2\/posts"}],"about":[{"href":"https:\/\/www.europesays.com\/es\/wp-json\/wp\/v2\/types\/post"}],"author":[{"embeddable":true,"href":"https:\/\/www.europesays.com\/es\/wp-json\/wp\/v2\/users\/2"}],"replies":[{"embeddable":true,"href":"https:\/\/www.europesays.com\/es\/wp-json\/wp\/v2\/comments?post=517564"}],"version-history":[{"count":0,"href":"https:\/\/www.europesays.com\/es\/wp-json\/wp\/v2\/posts\/517564\/revisions"}],"wp:featuredmedia":[{"embeddable":true,"href":"https:\/\/www.europesays.com\/es\/wp-json\/wp\/v2\/media\/517565"}],"wp:attachment":[{"href":"https:\/\/www.europesays.com\/es\/wp-json\/wp\/v2\/media?parent=517564"}],"wp:term":[{"taxonomy":"category","embeddable":true,"href":"https:\/\/www.europesays.com\/es\/wp-json\/wp\/v2\/categories?post=517564"},{"taxonomy":"post_tag","embeddable":true,"href":"https:\/\/www.europesays.com\/es\/wp-json\/wp\/v2\/tags?post=517564"}],"curies":[{"name":"wp","href":"https:\/\/api.w.org\/{rel}","templated":true}]}}