{"id":517654,"date":"2026-04-26T02:06:14","date_gmt":"2026-04-26T02:06:14","guid":{"rendered":"https:\/\/www.europesays.com\/es\/517654\/"},"modified":"2026-04-26T02:06:14","modified_gmt":"2026-04-26T02:06:14","slug":"cada-dia-de-huelga-de-medicos-los-andaluces-pierden-50-000-pruebas-y-consultas","status":"publish","type":"post","link":"https:\/\/www.europesays.com\/es\/517654\/","title":{"rendered":"Cada d\u00eda de huelga de m\u00e9dicos los andaluces pierden 50.000 pruebas y consultas"},"content":{"rendered":"<p style=\"\">El consejero de Sanidad, Presidencia y Emergencias de la Junta de Andaluc\u00eda,<strong> Antonio Sanz<\/strong>, ha respaldado la huelga m\u00e9dica que comienza el lunes en rechazo al Estatuto Marco acordado entre el Ministerio de Sanidad y varios sindicatos profesionales y ha solicitado la dimisi\u00f3n  &#8230; de la ministra de Sanidad, M\u00f3nica Garc\u00eda, por su \u00abincapacidad negociadora\u00bb e \u00abirresponsabilidad\u00bb para resolver el conflicto, inst\u00e1ndole por carta a que \u00abse siente a negociar\u00bb. Adem\u00e1s, ha advertido de que las distintas convocatorias de huelga han provocado ya la suspensi\u00f3n de 767.000 actos asistenciales.<\/p>\n<p class=\"v-d-p\" style=\"\">En declaraciones a los medios tras presidir la reuni\u00f3n del Puesto de Mando Avanzado del Gran Premio de Espa\u00f1a de Motociclismo en Jerez, Sanz ha criticado lo que considera una \u00abdejaci\u00f3n de responsabilidades\u00bb por parte de la ministra. En este sentido, ha subrayado que \u00ablos m\u00e9dicos llevan meses pidiendo negociar un Estatuto Marco que refleje la realidad de la profesi\u00f3n\u00bb, mientras que, a su juicio, la \u00fanica respuesta del Ministerio ha sido \u00abatribuir responsabilidades a otros, tanto a los profesionales como a las comunidades aut\u00f3nomas\u00bb.<\/p>\n<p class=\"v-d-p\" style=\"\">El consejero ha afirmado que la ministra \u00abno tiene inter\u00e9s en buscar una soluci\u00f3n al conflicto\u00bb, al tiempo que ha considerado que \u00abhay una intencionalidad pol\u00edtica para que las consecuencias de la huelga recaigan en las comunidades aut\u00f3nomas\u00bb, de modo que \u00ablos ciudadanos perciban el problema como responsabilidad de los gobiernos auton\u00f3micos, cuando responde a la gesti\u00f3n del Gobierno central\u00bb.<\/p>\n<p class=\"v-d-p\" style=\"\">Asimismo, ha advertido de que esta situaci\u00f3n \u00abperjudica gravemente a los ciudadanos andaluces\u00bb, que podr\u00edan verse afectados en la atenci\u00f3n sanitaria, al tiempo que ha insistido en que, \u00absi no es capaz de resolver el conflicto, deber\u00eda dimitir y dar paso a alguien con voluntad de encontrar una soluci\u00f3n\u00bb, reproch\u00e1ndole \u00abfalta de competencia, de capacidad y de disposici\u00f3n para sentarse con los interlocutores\u00bb.<\/p>\n<p class=\"v-d-p\" style=\"\">En este contexto, Sanz ha responsabilizado a la ministra de la suspensi\u00f3n de consultas externas, intervenciones quir\u00fargicas y pruebas diagn\u00f3sticas derivadas de la huelga, advirtiendo de que <strong>\u00aben Andaluc\u00eda esto se traduce en la cancelaci\u00f3n de una media de m\u00e1s de 50.000 actos sanitarios por cada d\u00eda<\/strong> de paro\u00bb. Asimismo, ha cifrado en \u00ab767.000 los actos asistenciales perdidos\u00bb a causa de las distintas convocatorias de huelga,<strong> con un impacto econ\u00f3mico estimado de \u00ab111 millones de euros\u00bb.<\/strong><\/p>\n<p class=\"v-d-p\" style=\"\">El consejero ha a\u00f1adido que la suspensi\u00f3n de pruebas, consultas y operaciones durante esta semana a causa de la huelga perjudica a las listas de espera en Andaluc\u00eda y \u00abresponde exclusivamente a la falta de acuerdo por parte del Ministerio\u00bb, defendiendo que la Junta de Andaluc\u00eda \u00abs\u00ed ha sido capaz de alcanzar acuerdos con los sindicatos\u00bb.<\/p>\n<p class=\"v-d-p\" style=\"\">En esta l\u00ednea, ha instado a la secretaria general del PSOE-A y candidata a la Presidencia de la Junta, <strong>Mar\u00eda Jes\u00fas Montero<\/strong>, a que interceda ante la ministra de Sanidad para que \u00abse siente a negociar de una vez\u00bb, con el objetivo de evitar que los andaluces, \u00aba los que dice defender, tengan que soportar las consecuencias de la huelga\u00bb.<\/p>\n<p class=\"v-d-p\" style=\"\">Por \u00faltimo, ha reclamado que se priorice el di\u00e1logo para alcanzar un acuerdo que ponga fin al conflicto. \u00abLa huelga solo se puede evitar negociando y llegando a consensos, pero no puede ser que los andaluces tengan que perder m\u00e1s de 50.000 pruebas, operaciones y consultas externas que, lamentablemente, necesitan\u00bb, ha concluido.<\/p>\n","protected":false},"excerpt":{"rendered":"El consejero de Sanidad, Presidencia y Emergencias de la Junta de Andaluc\u00eda, Antonio Sanz, ha respaldado la huelga&hellip;\n","protected":false},"author":2,"featured_media":517655,"comment_status":"","ping_status":"","sticky":false,"template":"","format":"standard","meta":{"footnotes":""},"categories":[8],"tags":[56115,20086,1247,17,18,18732,978,25,24,13,14,11,13181,19,20,6016,9,10,15,16,22748,677,7457,23,12,21,22],"class_list":["post-517654","post","type-post","status-publish","format-standard","has-post-thumbnail","category-espana","tag-56115","tag-andaluces","tag-antonio","tag-breaking-news","tag-breakingnews","tag-consultas","tag-dia","tag-es","tag-espana","tag-featured-news","tag-featurednews","tag-headlines","tag-huelga","tag-latest-news","tag-latestnews","tag-medicos","tag-news","tag-noticias","tag-noticias-destacadas","tag-noticiasdestacadas","tag-pierden","tag-pruebas","tag-sanz","tag-spain","tag-titulares","tag-ultimas-noticias","tag-ultimasnoticias"],"share_on_mastodon":{"url":"https:\/\/pubeurope.com\/@es\/116468566412723652","error":""},"_links":{"self":[{"href":"https:\/\/www.europesays.com\/es\/wp-json\/wp\/v2\/posts\/517654","targetHints":{"allow":["GET"]}}],"collection":[{"href":"https:\/\/www.europesays.com\/es\/wp-json\/wp\/v2\/posts"}],"about":[{"href":"https:\/\/www.europesays.com\/es\/wp-json\/wp\/v2\/types\/post"}],"author":[{"embeddable":true,"href":"https:\/\/www.europesays.com\/es\/wp-json\/wp\/v2\/users\/2"}],"replies":[{"embeddable":true,"href":"https:\/\/www.europesays.com\/es\/wp-json\/wp\/v2\/comments?post=517654"}],"version-history":[{"count":0,"href":"https:\/\/www.europesays.com\/es\/wp-json\/wp\/v2\/posts\/517654\/revisions"}],"wp:featuredmedia":[{"embeddable":true,"href":"https:\/\/www.europesays.com\/es\/wp-json\/wp\/v2\/media\/517655"}],"wp:attachment":[{"href":"https:\/\/www.europesays.com\/es\/wp-json\/wp\/v2\/media?parent=517654"}],"wp:term":[{"taxonomy":"category","embeddable":true,"href":"https:\/\/www.europesays.com\/es\/wp-json\/wp\/v2\/categories?post=517654"},{"taxonomy":"post_tag","embeddable":true,"href":"https:\/\/www.europesays.com\/es\/wp-json\/wp\/v2\/tags?post=517654"}],"curies":[{"name":"wp","href":"https:\/\/api.w.org\/{rel}","templated":true}]}}