{"id":51767,"date":"2025-08-16T16:39:07","date_gmt":"2025-08-16T16:39:07","guid":{"rendered":"https:\/\/www.europesays.com\/es\/51767\/"},"modified":"2025-08-16T16:39:07","modified_gmt":"2025-08-16T16:39:07","slug":"asturias-cantabria-y-castilla-y-leon-envian-una-alerta-a-los-moviles-para-evitar-actividades-en-los-picos-de-europa","status":"publish","type":"post","link":"https:\/\/www.europesays.com\/es\/51767\/","title":{"rendered":"Asturias, Cantabria y Castilla y Le\u00f3n env\u00edan una alerta a los m\u00f3viles para evitar actividades en los Picos de Europa"},"content":{"rendered":"<p class=\"article-text\">\n        Tres comunidades aut\u00f3nomas, Castilla y Le\u00f3n, Asturias y Cantabria, han utilizado por primera vez en Espa\u00f1a de forma coordinada el sistema de comunicaci\u00f3n masiva de una emergencia a trav\u00e9s de los tel\u00e9fonos m\u00f3viles Es-Alert para pedir a los ciudadanos cercanos a los <a href=\"https:\/\/ileon.eldiario.es\/turismo\/asturias-cierra-ruta-cares-picos-europa-riesgo-desprendimientos-incendio_1_12531835.html\" data-mrf-recirculation=\"links-noticia\" class=\"link\" target=\"_blank\" rel=\"nofollow noopener\">Picos de Europa<\/a> que abandonen cualquier actividad en la monta\u00f1a. Seg\u00fan informa EFE y han confirmado fuentes de la agencia de Protecci\u00f3n Civil de Castilla y Le\u00f3n, el mensaje se ha enviado poco antes de las 11:30 horas de este s\u00e1bado.\n    <\/p>\n<p>    <a href=\"https:\/\/www.eldiario.es\/sociedad\/recalificacion-terrenos-tramas-terrorismo-piromano-bulos-incendios-arden-redes_1_12534434.html\" data-mrf-recirculation=\"saber-mas\" data-dl-event=\"saber-mas\" rel=\"nofollow noopener\" target=\"_blank\"><\/p>\n<p class=\"know-more__title\">De la recalificaci\u00f3n de terrenos a las tramas de terrorismo pir\u00f3mano, los bulos sobre incendios que arden en redes<\/p>\n<p>            <img decoding=\"async\" class=\"lazy\" loading=\"lazy\" data-src=\"https:\/\/static.eldiario.es\/clip\/494b6b24-8f7c-4252-a9cb-0cfa1034bf57_16-9-aspect-ratio_default_0.jpg\" src=\"data:image\/svg+xml,%3Csvg xmlns=\" http:=\"\" viewbox=\"0 0 880 495\" alt=\"De la recalificaci\u00f3n de terrenos a las tramas de terrorismo pir\u00f3mano, los bulos sobre incendios que arden en redes\"\/><\/p>\n<p>                        <\/a><\/p>\n<p class=\"article-text\">\n        \u201cGrave peligro por incendios forestales en Picos de Europa. Abandone toda actividad recreativa y deportiva en el medio rural. Evite el tr\u00e1nsito en todo el \u00e1rea. Siga las instrucciones de las autoridades. Cerrado previamente el telef\u00e9rico de Fuente D\u00e9\u201d, dice el mensaje de alerta.\n    <\/p>\n<blockquote class=\"twitter-tweet\" data-lang=\"es\"><p><a href=\"https:\/\/twitter.com\/X\/status\/1956642454595092691?ref_src=twsrc%5Etfw\" rel=\"nofollow noopener\" target=\"_blank\"><\/p><\/blockquote>\n<p class=\"article-text\">\n        La Junta de Castilla y Le\u00f3n est\u00e1 coordinando la emisi\u00f3n de estas alertas conjuntas con Asturias y Cantabria a trav\u00e9s de la herramienta ES-Alert para la prevenci\u00f3n de la poblaci\u00f3n en zonas afectadas por incendios con el fin de que se adopten <a href=\"https:\/\/ileon.eldiario.es\/actualidad\/nuevas-medidas-incendios-leon-no-acudir-montana-parte-oriental-no-banarse-embalses_1_12537880.html\" data-mrf-recirculation=\"links-noticia\" class=\"link\" target=\"_blank\" rel=\"nofollow noopener\">medidas de seguridad<\/a>. Este s\u00e1bado, tras la correspondiente valoraci\u00f3n t\u00e9cnica desde el Centro Coordinador de Protecci\u00f3n Civil, la Agencia de Protecci\u00f3n Civil y Emergencias de Castilla y Le\u00f3n, en coordinaci\u00f3n con Asturias y Cantabria, ha procedido al env\u00edo conjunto de este aviso a la poblaci\u00f3n dirigido a los municipios que comparten el Parque Regional de Picos de Europa.\n    <\/p>\n<p>    <a href=\"https:\/\/www.eldiario.es\/sociedad\/ola-incendios-directo-evolucion-fuego-comunidad-comunidad_1_12538107.html\" data-mrf-recirculation=\"saber-mas-abajo\" data-dl-event=\"saber-mas-abajo\" rel=\"nofollow noopener\" target=\"_blank\"><\/p>\n<p class=\"know-more__title\">La evoluci\u00f3n de la ola de incendios, comunidad por comunidad<\/p>\n<p>            <img decoding=\"async\" class=\"lazy\" loading=\"lazy\" data-src=\"https:\/\/static.eldiario.es\/clip\/3f8b7ba5-147e-43d7-b069-c48d9ec1482c_16-9-aspect-ratio_default_0_x1413y2412.jpg\" src=\"data:image\/svg+xml,%3Csvg xmlns=\" http:=\"\" viewbox=\"0 0 880 495\" alt=\"La ola de incendios, en directo: la evoluci\u00f3n del fuego, comunidad por comunidad\"\/><\/p>\n<p>                        <\/a><\/p>\n<blockquote class=\"twitter-tweet\" data-lang=\"es\"><p><a href=\"https:\/\/twitter.com\/X\/status\/1956654282721075700?ref_src=twsrc%5Etfw\" rel=\"nofollow noopener\" target=\"_blank\"><\/p><\/blockquote>\n<p class=\"article-text\">\n        Este pasado s\u00e1bado tambi\u00e9n se emitieron varios avisos espec\u00edficos. En primer lugar, se prohibi\u00f3 el ba\u00f1o y las actividades acu\u00e1ticas en el embalse de Ria\u00f1o, dado que los medios de extinci\u00f3n estaban realizando recargas de agua en la zona. Y se difundi\u00f3 una segunda notificaci\u00f3n en la que se instaba a la poblaci\u00f3n a cesar cualquier actividad en el monte y evitar el tr\u00e1nsito por caminos y senderos, con el fin de garantizar la seguridad de las personas y facilitar las labores de extinci\u00f3n. Estas medidas se aplicaron en los municipios de Boca de Hu\u00e9rgano, Ria\u00f1o, Bur\u00f3n, Acebedo, Posada de Valde\u00f3n y Oseja de Sajambre, en la provincia de Le\u00f3n.\n    <\/p>\n<p>                                <script async src=\"https:\/\/platform.twitter.com\/widgets.js\" charset=\"utf-8\"><\/script><\/p>\n","protected":false},"excerpt":{"rendered":"Tres comunidades aut\u00f3nomas, Castilla y Le\u00f3n, Asturias y Cantabria, han utilizado por primera vez en Espa\u00f1a de forma&hellip;\n","protected":false},"author":2,"featured_media":51768,"comment_status":"","ping_status":"","sticky":false,"template":"","format":"standard","meta":{"footnotes":""},"categories":[8],"tags":[17137,1770,7377,17,18,2771,4107,22888,22889,25,24,13,14,11,4342,19,20,4108,16396,13368,9,10,15,16,23,12,21,22],"class_list":{"0":"post-51767","1":"post","2":"type-post","3":"status-publish","4":"format-standard","5":"has-post-thumbnail","7":"category-espana","8":"tag-alertas","9":"tag-asturias","10":"tag-avance","11":"tag-breaking-news","12":"tag-breakingnews","13":"tag-cantabria","14":"tag-castilla","15":"tag-coordinan","16":"tag-envio","17":"tag-es","18":"tag-espana","19":"tag-featured-news","20":"tag-featurednews","21":"tag-headlines","22":"tag-incendios","23":"tag-latest-news","24":"tag-latestnews","25":"tag-leon","26":"tag-masivo","27":"tag-moviles","28":"tag-news","29":"tag-noticias","30":"tag-noticias-destacadas","31":"tag-noticiasdestacadas","32":"tag-spain","33":"tag-titulares","34":"tag-ultimas-noticias","35":"tag-ultimasnoticias"},"share_on_mastodon":{"url":"","error":""},"_links":{"self":[{"href":"https:\/\/www.europesays.com\/es\/wp-json\/wp\/v2\/posts\/51767","targetHints":{"allow":["GET"]}}],"collection":[{"href":"https:\/\/www.europesays.com\/es\/wp-json\/wp\/v2\/posts"}],"about":[{"href":"https:\/\/www.europesays.com\/es\/wp-json\/wp\/v2\/types\/post"}],"author":[{"embeddable":true,"href":"https:\/\/www.europesays.com\/es\/wp-json\/wp\/v2\/users\/2"}],"replies":[{"embeddable":true,"href":"https:\/\/www.europesays.com\/es\/wp-json\/wp\/v2\/comments?post=51767"}],"version-history":[{"count":0,"href":"https:\/\/www.europesays.com\/es\/wp-json\/wp\/v2\/posts\/51767\/revisions"}],"wp:featuredmedia":[{"embeddable":true,"href":"https:\/\/www.europesays.com\/es\/wp-json\/wp\/v2\/media\/51768"}],"wp:attachment":[{"href":"https:\/\/www.europesays.com\/es\/wp-json\/wp\/v2\/media?parent=51767"}],"wp:term":[{"taxonomy":"category","embeddable":true,"href":"https:\/\/www.europesays.com\/es\/wp-json\/wp\/v2\/categories?post=51767"},{"taxonomy":"post_tag","embeddable":true,"href":"https:\/\/www.europesays.com\/es\/wp-json\/wp\/v2\/tags?post=51767"}],"curies":[{"name":"wp","href":"https:\/\/api.w.org\/{rel}","templated":true}]}}