{"id":51771,"date":"2025-08-16T16:41:08","date_gmt":"2025-08-16T16:41:08","guid":{"rendered":"https:\/\/www.europesays.com\/es\/51771\/"},"modified":"2025-08-16T16:41:08","modified_gmt":"2025-08-16T16:41:08","slug":"el-rocasa-bate-al-boden-hand-y-se-proclama-campeon-del-iv-torneo-gran-canaria-isla-europea-del-deporte-de-balonmano","status":"publish","type":"post","link":"https:\/\/www.europesays.com\/es\/51771\/","title":{"rendered":"El Rocasa bate al Boden Hand y se proclama campe\u00f3n del IV Torneo Gran Canaria Isla Europea del Deporte de balonmano"},"content":{"rendered":"<p class=\"ft-text\">El <strong>Pabell\u00f3n Insular Antonio <\/strong>Moreno<strong> <\/strong>dio por cerrado el <strong>IV Torneo Internacional Gran Canaria Isla Europea del Deporte<\/strong>, donde el <a class=\"ft-link ft-link--decoration\" href=\"https:\/\/www.laprovincia.es\/deportes-canarias\/2025\/08\/16\/rocasa-impone-zonzamas-carplus-lanzarote-120671667.html\" rel=\"nofollow noopener\" target=\"_blank\">Rocasa Gran Canaria<\/a> se proclam\u00f3 campe\u00f3n tras imponerse en la \u00faltima jornada al Boden Handboll sueco por 21-19 en un partido bastante igualado. El conjunto dirigido por <a class=\"ft-link ft-link--decoration\" href=\"https:\/\/www.laprovincia.es\/tags\/carlos-herrera\/\" rel=\"nofollow noopener\" target=\"_blank\"><strong>Carlos Herrera<\/strong><\/a> sum\u00f3 as\u00ed su segundo trofeo de la pretemporada, confirmando las buenas sensaciones previas al inminente inicio de la <strong>Liga Guerreras Iberdrola<\/strong> el s\u00e1bado 30 de agosto ante el <strong>KH-7 Balonmano Granollers<\/strong>.<\/p>\n<p class=\"ft-text\">El encuentro decisivo frente al cuadro n\u00f3rdico comenz\u00f3 con un ritmo intenso y con alternativas en el marcador. El Boden aprovech\u00f3 los errores iniciales del Rocasa para adelantarse en los primeros compases, pero la reacci\u00f3n local no se hizo esperar. Bajo la direcci\u00f3n t\u00e1ctica de Carlos Herrera y con una <a class=\"ft-link ft-link--decoration\" href=\"https:\/\/www.laprovincia.es\/tags\/silvia-navarro\/\" rel=\"nofollow noopener\" target=\"_blank\"><strong>Silvia Navarro<\/strong><\/a> providencial bajo palos, las teldenses lograron remontar antes del descanso y encaminar un partido que acabar\u00edan resolviendo en la segunda mitad gracias a su solidez defensiva.<\/p>\n<p class=\"ft-text ft-helper-align-justify\">La jornada final del torneo tambi\u00e9n dej\u00f3 un vibrante duelo entre el <strong>Zonzamas Pluscar Lanzarote<\/strong> y el <strong>Conservas Orbe Zendal Porri\u00f1o<\/strong>, resuelto en los \u00faltimos segundos a favor del equipo lanzarote\u00f1o. La portera <strong>Valentina Menucci<\/strong>, clave con sus intervenciones, <strong>fue reconocida como MVP del encuentro<\/strong>, en un choque que reflej\u00f3 la igualdad del certamen.<\/p>\n<p class=\"ft-text ft-helper-align-justify\">En el balance global del torneo, el Rocasa Gran Canaria finaliz\u00f3 en primera posici\u00f3n, seguido por el Zonzamas Pluscar Lanzarote, mientras que el Porri\u00f1o ocup\u00f3 la tercera plaza y el Boden Handboll complet\u00f3 la clasificaci\u00f3n.<\/p>\n<p>La Copa de Canarias, \u00faltima parada de la pretemporada<\/p>\n<p class=\"ft-text ft-helper-align-justify\">Con este triunfo, el Rocasa afronta con confianza su pr\u00f3ximo reto inmediato: la <strong>Copa de Canarias<\/strong>, que se disputar\u00e1 en Lanzarote los d\u00edas jueves 21 y viernes 22 de agosto frente al<strong> San Jos\u00e9 Obrero<\/strong> y el propio Zonzamas Pluscar Lanzarote. Una \u00faltima prueba exigente antes del arranque oficial del curso, donde el club grancanario aspira a competir al m\u00e1ximo nivel y recuperar un puesto que lo devuelva a las competiciones europeas.<\/p>\n","protected":false},"excerpt":{"rendered":"El Pabell\u00f3n Insular Antonio Moreno dio por cerrado el IV Torneo Internacional Gran Canaria Isla Europea del Deporte,&hellip;\n","protected":false},"author":2,"featured_media":51772,"comment_status":"","ping_status":"","sticky":false,"template":"","format":"standard","meta":{"footnotes":""},"categories":[278],"tags":[376,4721,22890,168,25,24,1897,3769,375,3643,3641,20329,4493,23,167],"class_list":{"0":"post-51771","1":"post","2":"type-post","3":"status-publish","4":"format-standard","5":"has-post-thumbnail","7":"category-balonmano","8":"tag-balonmano","9":"tag-bate","10":"tag-boden","11":"tag-deportes","12":"tag-es","13":"tag-espana","14":"tag-gran-canaria","15":"tag-hand","16":"tag-handball","17":"tag-isla","18":"tag-lanzarote","19":"tag-proclama","20":"tag-rocasa","21":"tag-spain","22":"tag-sports"},"share_on_mastodon":{"url":"","error":""},"_links":{"self":[{"href":"https:\/\/www.europesays.com\/es\/wp-json\/wp\/v2\/posts\/51771","targetHints":{"allow":["GET"]}}],"collection":[{"href":"https:\/\/www.europesays.com\/es\/wp-json\/wp\/v2\/posts"}],"about":[{"href":"https:\/\/www.europesays.com\/es\/wp-json\/wp\/v2\/types\/post"}],"author":[{"embeddable":true,"href":"https:\/\/www.europesays.com\/es\/wp-json\/wp\/v2\/users\/2"}],"replies":[{"embeddable":true,"href":"https:\/\/www.europesays.com\/es\/wp-json\/wp\/v2\/comments?post=51771"}],"version-history":[{"count":0,"href":"https:\/\/www.europesays.com\/es\/wp-json\/wp\/v2\/posts\/51771\/revisions"}],"wp:featuredmedia":[{"embeddable":true,"href":"https:\/\/www.europesays.com\/es\/wp-json\/wp\/v2\/media\/51772"}],"wp:attachment":[{"href":"https:\/\/www.europesays.com\/es\/wp-json\/wp\/v2\/media?parent=51771"}],"wp:term":[{"taxonomy":"category","embeddable":true,"href":"https:\/\/www.europesays.com\/es\/wp-json\/wp\/v2\/categories?post=51771"},{"taxonomy":"post_tag","embeddable":true,"href":"https:\/\/www.europesays.com\/es\/wp-json\/wp\/v2\/tags?post=51771"}],"curies":[{"name":"wp","href":"https:\/\/api.w.org\/{rel}","templated":true}]}}