{"id":517811,"date":"2026-04-26T04:48:13","date_gmt":"2026-04-26T04:48:13","guid":{"rendered":"https:\/\/www.europesays.com\/es\/517811\/"},"modified":"2026-04-26T04:48:13","modified_gmt":"2026-04-26T04:48:13","slug":"vox-sustituye-la-cruzada-contra-el-feminismo-por-la-inmigracion","status":"publish","type":"post","link":"https:\/\/www.europesays.com\/es\/517811\/","title":{"rendered":"Vox sustituye la cruzada contra el feminismo por la inmigraci\u00f3n"},"content":{"rendered":"<p style=\"\">En el acuerdo de Castilla y Le\u00f3n de 2022 -el primero que firmaron PP y Vox en una autonom\u00eda- aparec\u00eda por primera vez una nueva ley contra \u00abla violencia intrafamiliar\u00bb. Era un t\u00e9rmino clave para el partido de Santiago Abascal y fue un quebradero de  &#8230; cabeza para Alfonso Fern\u00e1ndez Ma\u00f1ueco. Un a\u00f1o despu\u00e9s, tras las elecciones auton\u00f3micas de 2023, llegar\u00edan otros tantos en cascada. Los dirigentes del PP buscaban la manera de sortear la imposici\u00f3n de su nuevo socio, que quer\u00eda cambiar los t\u00e9rminos de violencia machista y ampliarla, m\u00e1s all\u00e1 de las mujeres, para combatir la guerra cultural de la izquierda con el feminismo. Y la mantuvo durante un tiempo como gran bandera ideol\u00f3gica. El resultado fue un surtido de conceptos en funci\u00f3n de la autonom\u00eda, pero consiguieron colocar su mensaje. El PSOE lo utiliz\u00f3 como una de las grandes palancas de cara a las generales: los acuerdos de la derecha pon\u00edan en riesgo a las mujeres y sus derechos, llegaron a decir.<\/p>\n<p class=\"v-d-p\" style=\"\">En la Comunidad Valenciana, Carlos Maz\u00f3n volvi\u00f3 a asumir la violencia intrafamiliar. En Extremadura el forcejeo fue m\u00e1s lejos. Mar\u00eda Guardiola, que lleg\u00f3 a decir que no pod\u00eda permitir que un partido que \u00abnegaba la violencia machista y que deshumanizaba a los inmigrantes\u00bb entrara en su Gobierno, acab\u00f3 cediendo; pero consigui\u00f3 evitar el concepto estrella de Vox e introducir en el texto la necesidad de \u00aberradicar los discursos machistas\u00bb. En Arag\u00f3n el pacto s\u00ed recog\u00eda la necesidad de promover pol\u00edticas para acabar \u00abtanto <strong>la violencia dom\u00e9stica como la intrafamiliar<\/strong>\u00bb, en la que inclu\u00edan a todas las v\u00edctimas, desde mujeres a ni\u00f1os o ancianos. En esta comunidad aut\u00f3noma el acuerdo recog\u00eda tambi\u00e9n la reforma de la Ley de Identidad de G\u00e9nero. Tres a\u00f1os despu\u00e9s, las prioridades de Vox han cambiado sustancialmente.<\/p>\n<p class=\"v-d-p\" style=\"\">El partido de Abascal lleva tiempo poniendo <a href=\"https:\/\/www.abc.es\/espana\/extremadura\/vox-cuela-tesis-inmigracion-respeta-lineas-rojas-20260416223050-nt.html\" target=\"_self\" data-voc-vtm-id=\"in-text-traffic\" title=\"el foco en la inmigraci\u00f3n\" data-mrf-link=\"www.abc.es\" rel=\"nofollow noopener\">el foco en la inmigraci\u00f3n<\/a> como gran asunto pol\u00edtico. La advertencia de una \u00abinvasi\u00f3n migratoria\u00bb en Europa que sustenta tambi\u00e9n el discurso de algunos de sus grandes referentes europeos -el &#8216;lepenismo&#8217; en Francia o V\u00edktor Orb\u00e1n en Hungr\u00eda, que perdi\u00f3 el poder hace escasos d\u00edas tras 16 a\u00f1os como primer ministro- lleva a\u00f1os en la agenda de Vox. Pero ahora el protagonismo es absoluto. La formaci\u00f3n de Abascal vincula el fen\u00f3meno, a sus ojos descontrolado, a los grandes problemas que sufre hoy la ciudadan\u00eda: los precios de la vivienda y los servicios p\u00fablicos, cada vez m\u00e1s tensionados. En este contexto se enmarca el concepto que est\u00e1 marcando los nuevos acuerdos con el PP y que, probablemente se convertir\u00e1 en el leitmotiv de su campa\u00f1a en Andaluc\u00eda:<strong> la \u00abprioridad nacional\u00bb<\/strong>.<\/p>\n<ul class=\"v-cmp-rld__u\">\n<li class=\"v-cmp-rld__l\">\n<p><a class=\"v-a-lnk\" href=\"http:\/\/www.abc.es\/espana\/pactos-vox-obligaran-feijoo-diez-grandes-reformas-20260424023055-nt.html#vtm_modulosEngag=noticiasrelacionadas-cmp-uno:noticias:noticia:1\" title=\"Los pactos auton\u00f3micos con Vox obligar\u00e1n a Feij\u00f3o a diez grandes reformas si llega a la Moncloa\" data-voc-vtm-id=\"in-text-traffic\" rel=\"nofollow noopener\" target=\"_blank\"><br \/>\n<img decoding=\"async\" loading=\"lazy\" src=\"https:\/\/www.europesays.com\/es\/wp-content\/uploads\/2026\/04\/1506787432-U11277454354Iuz-366x256@diario_abc.jpg\" class=\"v-a-img\" width=\"258\" height=\"180\" alt=\"Los pactos auton\u00f3micos con Vox obligar\u00e1n a Feij\u00f3o a diez grandes reformas si llega a la Moncloa\"\/><br \/>\n<\/a><\/p>\n<\/li>\n<\/ul>\n<p class=\"v-d-p\" style=\"\">El concepto es ambiguo, no tiene base legal y para su desarrollo completo se necesita una reforma de la ley de Extranjer\u00eda (ley org\u00e1nica) desde el \u00e1mbito estatal. Pero Vox ya ha conseguido atar al PP a ese compromiso y, sobre todo, lanzar el mensaje de \u00ablos espa\u00f1oles primero\u00bb a la hora de recibir ayudas p\u00fablicas, subvenciones o acceder a viviendas protegidas. Por contra, en los \u00faltimos acuerdos de Extremadura y Arag\u00f3n <strong>no hay ni rastro<\/strong> del concepto de \u00abviolencia intrafamiliar\u00bb ni tampoco la urgencia de combatir los discursos de la izquierda en cuestiones de ideolog\u00eda de g\u00e9nero, que en otro momento les resultaba esencial. <\/p>\n<p>\nUn partido mayoritario\n<\/p>\n<p class=\"v-d-p\" style=\"\">Fuentes populares aseguran que es \u00abuna victoria propia\u00bb. Pero todo apunta a que tampoco es un tema en el que Vox quiera seguir incidiendo. Las encuestas demuestran que el partido de Abascal sigue creciendo. Quiz\u00e1 a un ritmo menor de lo esperado desde este ciclo auton\u00f3mico. Pero en la sala de m\u00e1quinas del partido derechista llegar al 20% del voto a nivel nacional siempre ha sido el gran objetivo. Ese dato le mete de lleno en la liga de los dos grandes partidos, incluso aunque todav\u00eda sea el socio minoritario del PP. Y algunas fuentes de Vox llevan tiempo reconociendo que ser un partido grande y tener la voluntad de representar a un electorado amplio implica tambi\u00e9n modular parte del discurso y abrazar banderas mayoritarias, que <strong>no espanten a una parte de la poblaci\u00f3n<\/strong>. <\/p>\n<p class=\"v-d-p\" style=\"\">Hace meses el diputado Carlos Hern\u00e1ndez Quero, una de las voces al alza dentro del partido, respond\u00eda en <a href=\"https:\/\/www.abc.es\/espana\/atajar-compra-masiva-vivienda-parte-grandes-fortunas-20251207040900-nt.html\" target=\"_self\" data-voc-vtm-id=\"in-text-traffic\" title=\"una entrevista en ABC\" data-mrf-link=\"www.abc.es\" rel=\"nofollow noopener\">una entrevista en ABC<\/a> que su partido ten\u00eda que \u00abseguir afinando muchas cosas\u00bb a la pregunta de si las mujeres j\u00f3venes pod\u00edan llegar a entender el planteamiento de Vox con la violencia de g\u00e9nero. Por ejemplo, faltar de manera sistem\u00e1tica a las convocatorias de minutos de silencio en ayuntamientos cuando asesinaban a una mujer.<\/p>\n<p class=\"v-d-p\" style=\"\">En estos nuevos acuerdos la preferencia est\u00e1 en otro lado. A la \u00abprioridad nacional\u00bb se suma la oposici\u00f3n frontal \u00abcon medios legales y pol\u00edticos\u00bb a cualquier mecanismo de reparto de inmigrantes ilegales -mayores o menores de edad- que promueva el Gobierno central. El motivo de la ruptura de los gobiernos auton\u00f3micos en 2024 tuvo su origen, precisamente, en la aceptaci\u00f3n de m\u00e1s extranjeros menores en los territorios.<\/p>\n<p class=\"v-d-p\" style=\"\">Los pactos establecen tambi\u00e9n que no habr\u00e1 nuevos centros de acogida en estas comunidades, ni tampoco se incrementar\u00e1n las plazas en los que ya existen a lo largo de la legislatura. Otra medida que suscita mucha pol\u00e9mica apunta a cortar de ra\u00edz las subvenciones y los convenios de la administraci\u00f3n con aquellas organizaciones sociales que \u00abparticipen o sostengan\u00bb la inmigraci\u00f3n ilegal. El PP ha sido tajante al respecto de si esta medida podr\u00eda afectar a C\u00e1ritas, dejando claro que no. En Vox no son, ni de lejos, tan contundentes. Y, de hecho, el l\u00edder de Vox <a href=\"https:\/\/www.abc.es\/espana\/abascal-20260322040351-nt.html\" target=\"_self\" data-voc-vtm-id=\"in-text-traffic\" title=\"ha acusado a la Iglesia abiertamente de financiarse\" data-mrf-link=\"www.abc.es\" rel=\"nofollow noopener\">ha acusado a la Iglesia abiertamente de financiarse<\/a> a trav\u00e9s de esa invasi\u00f3n migratoria.<\/p>\n<p class=\"v-d-p\" style=\"\">El foco en la pol\u00edtica migratoria es muy amplio y lleva a exigir una reforma del padr\u00f3n -esto conllevar\u00eda una reforma legislativa nacional, como public\u00f3 ABC-, prohibir en los edificios de titularidad auton\u00f3mica <strong>el uso del burka y el niqab<\/strong>, el fin del programas de Lengua \u00c1rabe y Cultura Marroqu\u00ed en los centros educativos que existen o dar <strong>\u00abprioridad al producto espa\u00f1ol\u00bb en los comedores escolares,<\/strong> introduciendo este concepto como requisito en las licitaciones.<\/p>\n","protected":false},"excerpt":{"rendered":"En el acuerdo de Castilla y Le\u00f3n de 2022 -el primero que firmaron PP y Vox en una&hellip;\n","protected":false},"author":2,"featured_media":517812,"comment_status":"","ping_status":"","sticky":false,"template":"","format":"standard","meta":{"footnotes":""},"categories":[8],"tags":[17,18,1838,54975,25,24,13,14,4910,11,590,19,20,9,10,15,16,1790,23,9832,12,21,22,624],"class_list":["post-517811","post","type-post","status-publish","format-standard","has-post-thumbnail","category-espana","tag-breaking-news","tag-breakingnews","tag-cambia","tag-cruzada","tag-es","tag-espana","tag-featured-news","tag-featurednews","tag-feminismo","tag-headlines","tag-inmigracion","tag-latest-news","tag-latestnews","tag-news","tag-noticias","tag-noticias-destacadas","tag-noticiasdestacadas","tag-prioridad","tag-spain","tag-sustituye","tag-titulares","tag-ultimas-noticias","tag-ultimasnoticias","tag-vox"],"share_on_mastodon":{"url":"https:\/\/pubeurope.com\/@es\/116469203367359581","error":""},"_links":{"self":[{"href":"https:\/\/www.europesays.com\/es\/wp-json\/wp\/v2\/posts\/517811","targetHints":{"allow":["GET"]}}],"collection":[{"href":"https:\/\/www.europesays.com\/es\/wp-json\/wp\/v2\/posts"}],"about":[{"href":"https:\/\/www.europesays.com\/es\/wp-json\/wp\/v2\/types\/post"}],"author":[{"embeddable":true,"href":"https:\/\/www.europesays.com\/es\/wp-json\/wp\/v2\/users\/2"}],"replies":[{"embeddable":true,"href":"https:\/\/www.europesays.com\/es\/wp-json\/wp\/v2\/comments?post=517811"}],"version-history":[{"count":0,"href":"https:\/\/www.europesays.com\/es\/wp-json\/wp\/v2\/posts\/517811\/revisions"}],"wp:featuredmedia":[{"embeddable":true,"href":"https:\/\/www.europesays.com\/es\/wp-json\/wp\/v2\/media\/517812"}],"wp:attachment":[{"href":"https:\/\/www.europesays.com\/es\/wp-json\/wp\/v2\/media?parent=517811"}],"wp:term":[{"taxonomy":"category","embeddable":true,"href":"https:\/\/www.europesays.com\/es\/wp-json\/wp\/v2\/categories?post=517811"},{"taxonomy":"post_tag","embeddable":true,"href":"https:\/\/www.europesays.com\/es\/wp-json\/wp\/v2\/tags?post=517811"}],"curies":[{"name":"wp","href":"https:\/\/api.w.org\/{rel}","templated":true}]}}