{"id":517911,"date":"2026-04-26T06:29:14","date_gmt":"2026-04-26T06:29:14","guid":{"rendered":"https:\/\/www.europesays.com\/es\/517911\/"},"modified":"2026-04-26T06:29:14","modified_gmt":"2026-04-26T06:29:14","slug":"masters-de-madrid-2026-jodar-merida-y-landaluce-un-joven-tridente-para-la-ultima-regeneracion-del-tenis-espanol-tenis-deportes","status":"publish","type":"post","link":"https:\/\/www.europesays.com\/es\/517911\/","title":{"rendered":"Masters de Madrid 2026: J\u00f3dar, M\u00e9rida y Landaluce, un joven tridente para la \u00faltima regeneraci\u00f3n del tenis espa\u00f1ol | Tenis | Deportes"},"content":{"rendered":"<p class=\"\">El polen revolotea sin parar por toda la Caja M\u00e1gica, donde estos d\u00edas abundan los picores, los estornudos y las narices rojas. Rojo no, pero s\u00ed de llamativo color platino, luce el pelo desde hace unos meses el atrevido Dani M\u00e9rida, brillante incorporaci\u00f3n para el presente y el porvenir del tenis espa\u00f1ol. \u201cEs un sue\u00f1o haber entrado en el top-100 y <a href=\"https:\/\/elpais.com\/deportes\/tenis\/2026-04-23\/daniel-merida-firma-su-primera-gran-tarde-en-madrid-con-su-primer-triunfo-en-un-masters-1000.html\" target=\"_self\" rel=\"nofollow noopener\" title=\"https:\/\/elpais.com\/deportes\/tenis\/2026-04-23\/daniel-merida-firma-su-primera-gran-tarde-en-madrid-con-su-primer-triunfo-en-un-masters-1000.html\">haber ganado mi primer partido aqu\u00ed<\/a>, pero bueno, yo siempre voy paso a paso. Ya estoy pensando en trabajar m\u00e1s y en alcanzar el siguiente nivel. Quiero ir subiendo cada vez m\u00e1s\u201d, dec\u00eda el madrile\u00f1o, tenista especial, despu\u00e9s de sortear el jueves la primera ronda del torneo, haber firmado su primera victoria en un Masters 1000 y haber reforzado el estir\u00f3n que le ha permitido romper varias barreras.<\/p>\n<p class=\"\">Sintom\u00e1tico su caso. M\u00e9rida, de 21 a\u00f1os y alcala\u00edno de origen, es uno de los grandes talentos nacionales de su generaci\u00f3n. Sin embargo, como sucede en muchos casos, a su vuelo progresivo en la antesala al profesionalismo no le acompa\u00f1aban <a href=\"https:\/\/elpais.com\/especiales\/2020\/carlos-alcaraz-la-luz-para-el-tenis-del-manana\/\" target=\"_self\" rel=\"nofollow noopener\" title=\"https:\/\/elpais.com\/especiales\/2020\/carlos-alcaraz-la-luz-para-el-tenis-del-manana\/\">los recursos econ\u00f3micos necesarios<\/a> hasta que a \u00e9l y su entorno no les qued\u00f3 otra salida y se vieron obligados a maniobrar para sostenerse: movimiento, o probablemente la nada. Otra carrera truncada. No hubiera sido la primera. As\u00ed que el jugador se puso en contacto con la Real Federaci\u00f3n Espa\u00f1ola de Tenis (RFET) para solicitar una ayuda que a posteriori ha resultado determinante en este florecer actual que le ha aupado al puesto 86 del circuito.<\/p>\n<p>M\u00e1s informaci\u00f3n<\/p>\n<p class=\"\">De no haber sido por los 50.000 euros que percibi\u00f3, M\u00e9rida hoy no hubiera estado donde est\u00e1, se\u00f1alado ahora como uno de los integrantes llamados a protagonizar el futuro del tenis masculino espa\u00f1ol durante la pr\u00f3xima d\u00e9cada. Del mismo modo que cuando Rafael Nadal y la vieja guardia iban apag\u00e1ndose cund\u00eda el pesimismo, a la despampanante irrupci\u00f3n de Carlos Alcaraz parec\u00eda acompa\u00f1arle el escepticismo en t\u00e9rminos colectivos. Asom\u00f3 el nombre del j\u00fanior Daniel Rinc\u00f3n en 2021, pero este no terminaba de romper y cuando Mart\u00edn Landaluce dio <a href=\"https:\/\/elpais.com\/deportes\/2022-09-10\/martin-landaluce-un-socio-para-alcaraz.html\" target=\"_self\" rel=\"nofollow noopener\" title=\"https:\/\/elpais.com\/deportes\/2022-09-10\/martin-landaluce-un-socio-para-alcaraz.html\">otra dentellada juvenil en el US Open, 2022<\/a>, se tem\u00eda por un estancamiento. La mala costumbre del todo ahora.<\/p>\n<p class=\"\">Tambi\u00e9n se produjo en Nueva York (2024) <a href=\"https:\/\/elpais.com\/deportes\/tenis\/2024-09-07\/rafa-jodar-campeon-junior-del-us-open-y-otro-talento-a-seguir.html\" target=\"_self\" rel=\"nofollow noopener\" title=\"https:\/\/elpais.com\/deportes\/tenis\/2024-09-07\/rafa-jodar-campeon-junior-del-us-open-y-otro-talento-a-seguir.html\">la campanada de Rafa J\u00f3dar<\/a>, cuya apuesta por el modelo universitario (Estados Unidos) se acogi\u00f3 con dudas. \u00bfRetroceso o impulso? A juzgar por el presente, todo un acierto. Hoy d\u00eda, el madrile\u00f1o reluce y en menos de cinco meses ha firmado una ascensi\u00f3n extraordinaria que le ha incluido entre los 40 mejores del mundo. \u00c9l, Landaluce \u201496\u00ba y cuartofinalista en el Masters de Miami\u2014 y M\u00e9rida ya figuran en el top-100, y en un abrir y cerrar de ojos la perspectiva es muy diferente. Brotes verdes. Si hace poco m\u00e1s de un mes la representaci\u00f3n espa\u00f1ola en dicha franja era m\u00e1s bien escu\u00e1lida, solo cuatro tenistas \u2014cifra que retrotra\u00eda a 1988\u2014, ahora ha recuperado m\u00fasculo, con ocho.<\/p>\n<p><img alt=\"\" decoding=\"auto\" class=\"_re lazyload a_m-h\" height=\"276\"  width=\"414\"  src=\"https:\/\/www.europesays.com\/es\/wp-content\/uploads\/2026\/04\/3JBZYRVS65N4TOG3WWAZAVKVZU.jpg\" loading=\"lazy\" fetchpriority=\"low\"\/>J\u00f3dar, el viernes ante De Mi\u00f1aur.AFP7 v\u00eda Europa Press (AFP7 v\u00eda Europa Press)<\/p>\n<p class=\"\">\u201cPensamos que esta explosi\u00f3n es fruto del trabajo de muchos a\u00f1os de la RFET, de los deportistas y de clubes, t\u00e9cnicos y territoriales. Todos estos chicos empezaron a destacar <a href=\"https:\/\/elpais.com\/deportes\/2016\/07\/09\/actualidad\/1468067001_768995.html\" target=\"_self\" rel=\"nofollow noopener\" title=\"https:\/\/elpais.com\/deportes\/2016\/07\/09\/actualidad\/1468067001_768995.html\">cuando comenzamos nuestra legislatura en 2016<\/a>\u201d, transmiten fuentes federativas a este peri\u00f3dico. \u201cEn aquel momento nos propusimos incrementar los torneos profesionales y hoy tenemos la Pir\u00e1mide [el programa de torneos base] m\u00e1s s\u00f3lida del mundo: desde pruebas ITF 15.000 (d\u00f3lares) a ATP Challengers de 175.000. De estas pruebas hemos pasado de dos a 15 en estos a\u00f1os, y adem\u00e1s los jugadores espa\u00f1oles lo han aprovechado bien\u201d, exponen desde el organismo presidido por Miguel D\u00edaz Rom\u00e1n.<\/p>\n<p>Alcaraz, 150.000 euros<\/p>\n<p class=\"\">En 2015, palabras mayores entonces, el tenis espa\u00f1ol fue capaz de incluir hasta 17 jugadores entre los cien m\u00e1s fuertes y 15 de ellos cerraron el curso dentro de esa horquilla de los cien mejores. A pesar de que ahora esas cifras queden lejos, tanto el aficionado como desde los despachos federativos se contempla el d\u00eda de ma\u00f1ana de otra forma. \u201c80\u00ba espa\u00f1ol de la historia que entra en el top-100\u201d, tuite\u00f3 M\u00e9rida, superior este s\u00e1bado al franc\u00e9s<a href=\"https:\/\/elpais.com\/deportes\/tenis\/2026-01-22\/corentin-moutet-imaginacion-y-anarquia-enfrente-de-alcaraz-solo-intento-ser-autentico.html\" target=\"_self\" rel=\"nofollow noopener\" title=\"https:\/\/elpais.com\/deportes\/tenis\/2026-01-22\/corentin-moutet-imaginacion-y-anarquia-enfrente-de-alcaraz-solo-intento-ser-autentico.html\"> Corentin Moutet<\/a> (6-3 y 6-4, en 1h 51). \u201cY con un poco de suerte, pronto podr\u00eda estar ah\u00ed tambi\u00e9n Pablo Llamas\u201d, precisan desde la RFET, acord\u00e1ndose del andaluz (23 a\u00f1os) y las lesiones que han ido neg\u00e1ndole el despegue definitivo.<\/p>\n<p class=\"\">Desde la apertura de este \u00faltimo ciclo federativo, se ha cuidado con mimo el semillero gracias a la extensi\u00f3n progresiva de un tejido de torneos y ayudas fundamentales para el despegue. Sin ir m\u00e1s lejos, otro de los beneficiados fue Alcaraz, quien cont\u00f3 con una doble aportaci\u00f3n excepcional de 70.000 y 80.000 euros (150.000 en total) que contribuyeron de manera decisiva en la preparaci\u00f3n y el enfoque de su carrera. En su caso, no obstante, tambi\u00e9n intervino el respaldo temprano de los patrocinios. El murciano <a href=\"https:\/\/elpais.com\/especiales\/2020\/carlos-alcaraz-la-luz-para-el-tenis-del-manana\/\" target=\"_self\" rel=\"nofollow noopener\" title=\"https:\/\/elpais.com\/especiales\/2020\/carlos-alcaraz-la-luz-para-el-tenis-del-manana\/\">se incorpor\u00f3 en 2018 a la Academia de Juan Carlos Ferrero<\/a> en Villena (Alicante), donde lo cincelaron, y en paralelo ha ido creciendo \u2014pero a un ritmo m\u00e1s racional, m\u00e1s l\u00f3gico\u2014 una camada que ahora tiene nombres y apellidos. Forma.<\/p>\n<p><img alt=\"\" decoding=\"auto\" class=\"_re lazyload a_m-h\" height=\"277\"  width=\"414\"  src=\"https:\/\/www.europesays.com\/es\/wp-content\/uploads\/2026\/04\/FVL4SSNOG5IIZMMBVEKIOCQ4AA.jpg\" loading=\"lazy\" fetchpriority=\"low\"\/>Landaluce, al servicio durante un partido reciente.Enric Fontcuberta (EFE)<\/p>\n<p class=\"\">\u201cEs fant\u00e1stico que salgan jugadores de esta edad y de este nivel. Creo que los tres [J\u00f3dar, M\u00e9rida y Landaluce] son fant\u00e1sticos jugadores\u201d, contesta Jaume Munar (35\u00ba). \u201cJ\u00f3dar tiene un impacto de bola especial y una claridad de ideas incre\u00edble; compite sin ning\u00fan complejo y puede hacer pr\u00e1cticamente cualquier cosa. Mart\u00edn ha sido el que m\u00e1s focos ha tenido encima y eso a veces es dif\u00edcil de llevar, pero creo que se mantendr\u00e1 muchos a\u00f1os y a ver hasta d\u00f3nde es capaz de ascender. Y a Dani es el que menos conoc\u00eda, pero ya ha hecho una final ATP [<a href=\"https:\/\/elpais.com\/deportes\/tenis\/2026-04-05\/rafa-jodar-conquista-en-marrakech-su-primer-trofeo-de-la-atp.html\" target=\"_self\" rel=\"nofollow noopener\" title=\"https:\/\/elpais.com\/deportes\/tenis\/2026-04-05\/rafa-jodar-conquista-en-marrakech-su-primer-trofeo-de-la-atp.html\">este mes, en Bucarest<\/a>]. Estoy seguro de que cuando yo no est\u00e9, a\u00fan seguir\u00e9 viendo a estos jugadores, as\u00ed que contento\u2026\u201d, agrega el mallorqu\u00edn.<\/p>\n<p class=\"\">Munar explica que, aunque \u201ca veces se ponga en entredicho el trabajo de los j\u00f3venes\u201d, la regeneraci\u00f3n demuestra que la factor\u00eda funciona adecuadamente, as\u00ed que \u201ccuando menos te lo esperas, te aparecen tres\u201d. El asturiano Pablo Carre\u00f1o, por su parte, augura un \u201cbuen futuro\u201d y reivindica que \u201cel tenis espa\u00f1ol siempre tiene gente\u201d. \u201cCuando yo empezaba\u201d, prosigue el ya veterano, \u201chab\u00eda much\u00edsimos y ahora quiz\u00e1s no hay tantos, pero sigue habiendo bastantes j\u00f3venes\u201d y esa es \u201cuna noticia muy positiva\u201d. Y as\u00ed es como un panorama que hasta hace poco pintaba complicado, m\u00e1s all\u00e1 de la silueta ganadora de Alcaraz, se contempla ahora de una manera m\u00e1s optimista gracias al tridente gestado en el Club de Tenis Chamart\u00edn, donde lo celebran y enumeran orgullosos: Rafa, Dani, Mart\u00edn. Ni uno ni dos, sino hasta tres activos de valor.<\/p>\n<p>3 MILLONES EN AYUDAS DIRECTAS<\/p>\n<p>A. C. | Madrid<\/p>\n<p class=\"ql-align-justify\">Desde la federaci\u00f3n se incide en que hoy d\u00eda, la estructura dise\u00f1ada por la directiva actual incluye 300 torneos de car\u00e1cter internacional. \u201cDe hecho, somos el pa\u00eds con m\u00e1s ITF j\u00fanior del mundo y con m\u00e1s sub-12, 14 y 16 de Europa\u201d.<\/p>\n<p class=\"ql-align-justify\">A\u00f1aden que \u201cel a\u00f1o pasado, por ejemplo, batimos r\u00e9cord de ayudas directas a jugadores y torneos con 3 millones de euros invertidos\u201d, y especifican que esa cantidad, en un contexto de precariedad, \u201ces casi un tercio del total del presupuesto\u201d.<\/p>\n<p class=\"ql-align-justify\">\u201cCuando el tenista est\u00e1 a punto de lograr ser profesional, pero todav\u00eda no est\u00e1 en el top-100, es cuando m\u00e1s dinero necesitan\u201d, recalcan las fuentes consultadas, \u201cy es cuando nosotros tratamos de ayudarles en todo lo que podemos\u201d.<\/p>\n<p class=\"ql-align-justify\">\u201cLuego est\u00e1 el enorme talento de los jugadores y esa capacidad de ganar, que hace a los tenistas espa\u00f1oles \u00fanicos en el mundo\u201d, zanjan acord\u00e1ndose de campeones como Santana, Orantes, Nadal, Alcaraz, Lil\u00ed, Arantxa, Conchita, Muguruza&#8230;<\/p>\n<p class=\"ql-align-justify\">Como ya sucediera el jueves, el tenis de M\u00e9rida electriz\u00f3 la Pista 3. Bati\u00f3 al galo Moutet y se enfrentar\u00e1 el lunes al griego Stefanos Tsitsipas (6-2 y 7-5 a Alexander Bublik). Este domingo recoger\u00e1 el testigo J\u00f3dar, citado (no antes de las 21.30, Teledeporte y Movistar+) con Jo\u00e3o Fonseca.<\/p>\n","protected":false},"excerpt":{"rendered":"El polen revolotea sin parar por toda la Caja M\u00e1gica, donde estos d\u00edas abundan los picores, los estornudos&hellip;\n","protected":false},"author":2,"featured_media":517912,"comment_status":"","ping_status":"","sticky":false,"template":"","format":"standard","meta":{"footnotes":""},"categories":[274],"tags":[17145,1540,91403,168,25,24,205,95150,9188,48355,69993,23,167,327,11759,326],"class_list":["post-517911","post","type-post","status-publish","format-standard","has-post-thumbnail","category-tenis","tag-atp-tour","tag-competiciones","tag-daniel-merida","tag-deportes","tag-es","tag-espana","tag-madrid","tag-martin-lanzaluce","tag-masters-1000","tag-mutua-madrid-open","tag-rafa-jodar","tag-spain","tag-sports","tag-tenis","tag-tenistas","tag-tennis"],"share_on_mastodon":{"url":"https:\/\/pubeurope.com\/@es\/116469601051116917","error":""},"_links":{"self":[{"href":"https:\/\/www.europesays.com\/es\/wp-json\/wp\/v2\/posts\/517911","targetHints":{"allow":["GET"]}}],"collection":[{"href":"https:\/\/www.europesays.com\/es\/wp-json\/wp\/v2\/posts"}],"about":[{"href":"https:\/\/www.europesays.com\/es\/wp-json\/wp\/v2\/types\/post"}],"author":[{"embeddable":true,"href":"https:\/\/www.europesays.com\/es\/wp-json\/wp\/v2\/users\/2"}],"replies":[{"embeddable":true,"href":"https:\/\/www.europesays.com\/es\/wp-json\/wp\/v2\/comments?post=517911"}],"version-history":[{"count":0,"href":"https:\/\/www.europesays.com\/es\/wp-json\/wp\/v2\/posts\/517911\/revisions"}],"wp:featuredmedia":[{"embeddable":true,"href":"https:\/\/www.europesays.com\/es\/wp-json\/wp\/v2\/media\/517912"}],"wp:attachment":[{"href":"https:\/\/www.europesays.com\/es\/wp-json\/wp\/v2\/media?parent=517911"}],"wp:term":[{"taxonomy":"category","embeddable":true,"href":"https:\/\/www.europesays.com\/es\/wp-json\/wp\/v2\/categories?post=517911"},{"taxonomy":"post_tag","embeddable":true,"href":"https:\/\/www.europesays.com\/es\/wp-json\/wp\/v2\/tags?post=517911"}],"curies":[{"name":"wp","href":"https:\/\/api.w.org\/{rel}","templated":true}]}}