{"id":518002,"date":"2026-04-26T07:35:31","date_gmt":"2026-04-26T07:35:31","guid":{"rendered":"https:\/\/www.europesays.com\/es\/518002\/"},"modified":"2026-04-26T07:35:31","modified_gmt":"2026-04-26T07:35:31","slug":"muere-un-hombre-de-33-anos-tras-ser-corneado-por-un-toro-en-un-festejo-en-jaen","status":"publish","type":"post","link":"https:\/\/www.europesays.com\/es\/518002\/","title":{"rendered":"Muere un hombre de 33 a\u00f1os tras ser corneado por un toro en un festejo en Ja\u00e9n"},"content":{"rendered":"<p class=\"c-paragraph\">Un hombre de 33 a\u00f1os ha muerto este viernes por la tarde en <b>Beas de Segura (Ja\u00e9n)<\/b> por las heridas recibidas al ser corneado por un astado durante los festejos de los toros &#8216;ensogaos&#8217; de San Marcos, que est\u00e1n declarados Fiestas de Inter\u00e9s Tur\u00edstico de Andaluc\u00eda.<\/p>\n<p class=\"c-paragraph\">Seg\u00fan se ha informado desde la Hermandad de San Marcos (organizadora de los festejos) y el Ayuntamiento del municipio, ha sido sobre las 19 horas cuando un toro ha embestido contra un hombre al que le propin\u00f3 varias cornadas con diferentes trayectorias provoc\u00e1ndole heridas <b>abdominales, inguinales y tor\u00e1cicas.<\/b><\/p>\n<p class=\"c-paragraph\">Tras el grave suceso, el herido fue trasladado de inmediato a la enfermer\u00eda instalada junto a la explanada de San Marcos, donde el equipo m\u00e9dico intervino de urgencia ante <b>la extrema gravedad de las heridas que presentaba. <\/b>Pese a los esfuerzos del personal sanitario por estabilizarle, su estado no mejor\u00f3 y, en el intento de trasladarle a un centro hospitalario, falleci\u00f3 alrededor de las 20:00 horas.<\/p>\n<p class=\"c-paragraph\">El Servicio de Emergencias 112 de Andaluc\u00eda alert\u00f3 a Protecci\u00f3n Civil, Polic\u00eda Local y Guardia Civil, que <b>se desplazaron hasta el lugar de los hechos.<\/b><\/p>\n<p class=\"c-paragraph\"><b>El fallecido es un conocido ganadero local,<\/b> miembro de la conocida ganader\u00eda taurina de San Rom\u00e1n.<\/p>\n<p class=\"c-paragraph\">Tras conocerse la muerte de este hombre,<b> se han suspendido los festejos previstos para este viernes<\/b>, aunque en principio la jornada del s\u00e1bado se desarrollar\u00e1 con normalidad aunque se guardar\u00e1 un minuto de silencio en memoria de la v\u00edctima de estos festejos taurinos.<\/p>\n","protected":false},"excerpt":{"rendered":"Un hombre de 33 a\u00f1os ha muerto este viernes por la tarde en Beas de Segura (Ja\u00e9n) por&hellip;\n","protected":false},"author":2,"featured_media":518003,"comment_status":"","ping_status":"","sticky":false,"template":"","format":"standard","meta":{"footnotes":""},"categories":[5],"tags":[6416,988,17,18,25,24,13,14,11,366,19,20,8938,9,10,15,16,23,12,21,22,16743],"class_list":["post-518002","post","type-post","status-publish","format-standard","has-post-thumbnail","category-titulares","tag-6416","tag-anos","tag-breaking-news","tag-breakingnews","tag-es","tag-espana","tag-featured-news","tag-featurednews","tag-headlines","tag-hombre","tag-latest-news","tag-latestnews","tag-muere","tag-news","tag-noticias","tag-noticias-destacadas","tag-noticiasdestacadas","tag-spain","tag-titulares","tag-ultimas-noticias","tag-ultimasnoticias","tag-un"],"share_on_mastodon":{"url":"https:\/\/pubeurope.com\/@es\/116469859967859225","error":""},"_links":{"self":[{"href":"https:\/\/www.europesays.com\/es\/wp-json\/wp\/v2\/posts\/518002","targetHints":{"allow":["GET"]}}],"collection":[{"href":"https:\/\/www.europesays.com\/es\/wp-json\/wp\/v2\/posts"}],"about":[{"href":"https:\/\/www.europesays.com\/es\/wp-json\/wp\/v2\/types\/post"}],"author":[{"embeddable":true,"href":"https:\/\/www.europesays.com\/es\/wp-json\/wp\/v2\/users\/2"}],"replies":[{"embeddable":true,"href":"https:\/\/www.europesays.com\/es\/wp-json\/wp\/v2\/comments?post=518002"}],"version-history":[{"count":0,"href":"https:\/\/www.europesays.com\/es\/wp-json\/wp\/v2\/posts\/518002\/revisions"}],"wp:featuredmedia":[{"embeddable":true,"href":"https:\/\/www.europesays.com\/es\/wp-json\/wp\/v2\/media\/518003"}],"wp:attachment":[{"href":"https:\/\/www.europesays.com\/es\/wp-json\/wp\/v2\/media?parent=518002"}],"wp:term":[{"taxonomy":"category","embeddable":true,"href":"https:\/\/www.europesays.com\/es\/wp-json\/wp\/v2\/categories?post=518002"},{"taxonomy":"post_tag","embeddable":true,"href":"https:\/\/www.europesays.com\/es\/wp-json\/wp\/v2\/tags?post=518002"}],"curies":[{"name":"wp","href":"https:\/\/api.w.org\/{rel}","templated":true}]}}