{"id":51803,"date":"2025-08-16T17:00:08","date_gmt":"2025-08-16T17:00:08","guid":{"rendered":"https:\/\/www.europesays.com\/es\/51803\/"},"modified":"2025-08-16T17:00:08","modified_gmt":"2025-08-16T17:00:08","slug":"fraude-alquiler-vacaciones-baleares-disputa-inmobiliaria-en-mallorca-no-somos-estafadores-ella-quiso-comprar-la-casa-de-campo-y-conocia-las-condiciones","status":"publish","type":"post","link":"https:\/\/www.europesays.com\/es\/51803\/","title":{"rendered":"FRAUDE ALQUILER VACACIONES BALEARES | Disputa inmobiliaria en Mallorca: \u201cNo somos estafadores, ella quiso comprar la casa de campo y conoc\u00eda las condiciones\u201d"},"content":{"rendered":"<p class=\"ft-text ft-helper-closenews ft-helper-align-justify\">\u201c<strong>No somos ningunos estafadores<\/strong>, nosotros quisimos vender la casa de campo de Llucmajor por circunstancias familiares. Fuimos a una inmobiliaria y a esta mujer, que trabajaba all\u00ed, <strong>le encant\u00f3 la finca,<\/strong> en seguida dijo que se la quedaba. Fue a verla muchas veces, nos dijo que era <a href=\"https:\/\/www.diariodemallorca.es\/mallorca\/2025\/07\/04\/victima-lujo-casa-perder-61-119329129.html\" class=\"ft-link ft-link--decoration\" rel=\"nofollow noopener\" target=\"_blank\">la casa<\/a> de sus sue\u00f1os. <strong>Conoc\u00eda las condiciones, estaba al corriente de la situaci\u00f3n de la casa<\/strong>\u201d. Una familia propietaria del inmueble que a mediados de este a\u00f1o ha resultado <a href=\"https:\/\/www.diariodemallorca.es\/mallorca\/2025\/05\/20\/joven-denuncia-estafa-inmobiliaria-mallorca-117575013.html\" class=\"ft-link ft-link--decoration\" rel=\"nofollow noopener\" target=\"_blank\">querellada por una presunta estafa<\/a> en una operaci\u00f3n inmobiliaria en la isla se defiende y va a pleitear contra la inquilina por incumplimiento de contrato.<\/p>\n<p class=\"ft-text ft-helper-align-justify\">\u201cElla <strong>ha incumplido el contrato de arrendamiento con opci\u00f3n de compra<\/strong>, no ha pagado 10.000 euros que deb\u00eda abonar antes de marzo de 2025. Por tanto, pierde la opci\u00f3n de compra\u201d, se\u00f1alan.<\/p>\n<p class=\"ft-text ft-helper-align-justify\">\u201cNosotros quer\u00edamos vender la finca desde un primer momento, ni nos plante\u00e1bamos una opci\u00f3n de compra. Como ella no pod\u00eda pagar todo el precio, nos pidi\u00f3 una opci\u00f3n de compra. <strong>Se lo hicimos como un favor.<\/strong> Al principio, le dimos muchas facilidades\u201d, reconoce uno de los antiguos propietarios, refiri\u00e9ndose al contrato de alquiler con opci\u00f3n de compra que ambas partes suscribieron a mediados de <strong>marzo de 2024<\/strong>.<\/p>\n<p class=\"ft-text ft-helper-align-justify\">Seg\u00fan se desprende del documento, el precio establecido para la compraventa de la finca r\u00fastica, situada a las afueras de Llucmajor, fue de <strong>cerca de 300.000 euros<\/strong>. La opci\u00f3n de compra comprend\u00eda un primer pago de 25.000 euros junto con una mensualidad de 1.200 euros por el alquiler y se acord\u00f3 otro pago de 10.000 euros en el segundo a\u00f1o, \u201cque deber\u00e1 ser abonado mediante transferencia bancaria antes de marzo de 2025\u201d.<\/p>\n<p class=\"ft-text ft-helper-align-justify\">\u201c<strong>Estos 10.000 euros a\u00fan no los ha pagado<\/strong> y tampoco abona la mensualidad entre el d\u00eda 1 y 5 de cada mes. Por tanto, ha incumplido el contrato. Despu\u00e9s de este incumplimiento, ella nos puso la <strong>querella por estafa<\/strong>. Ahora, est\u00e1 haciendo negocio con la casa y no est\u00e1 al corriente de los pagos. Ha realquilado una parte de la propiedad. Ella quiere revender la finca\u201d, se quejan los due\u00f1os.<\/p>\n<p class=\"ft-text ft-helper-align-justify\">\u201cElla quer\u00eda la casa para volverla a vender, para hacer negocio. La opci\u00f3n de compra finaliza en marzo de 2027. Ahora, <strong>realquila una caseta y una caravana. <\/strong>La caravana la alquila para fiestas, se anuncia por Internet. Ha puesto la <a href=\"https:\/\/www.diariodemallorca.es\/mallorca\/2025\/08\/14\/estafa-casas-vacacionales-mallorca-agencia-120596346.html\" class=\"ft-link ft-link--decoration\" rel=\"nofollow noopener\" target=\"_blank\">casa en <\/a><a href=\"https:\/\/www.diariodemallorca.es\/mallorca\/2025\/08\/14\/estafa-casas-vacacionales-mallorca-agencia-120596346.html\" class=\"ft-link ft-link--decoration\" rel=\"nofollow noopener\" target=\"_blank\"><strong>alquiler vacacional<\/strong><\/a> en p\u00e1ginas tipo como Airbnb. Nunca ha sido su finalidad tener una granja escuela all\u00ed, sino venderla\u201d, aclaran.<\/p>\n<p class=\"ft-text ft-helper-align-justify\">La joven inquilina se querell\u00f3 contra los propietarios por un supuesto delito de estafa. Seg\u00fan su versi\u00f3n, <strong>quer\u00eda crear una granja escuela<\/strong>\u00a0en el campo, en Llucmajor. \u201cPor eso, adquir\u00ed esa finca. Pero, despu\u00e9s de firmar el contrato de alquiler con opci\u00f3n a compra y empezar a mover papeles, me di cuenta de que no lo pod\u00eda hacer porque hay <strong>infracciones urban\u00edsticas<\/strong>\u201d, indic\u00f3 la afectada. \u201c<strong>Si hubiera sabido que la vivienda era ilegal, no la hubiera comprado<\/strong>\u201d, agreg\u00f3.<\/p>\n<p class=\"ft-text ft-helper-align-justify\">Por el contrario, los querellados sostienen que la mujer \u201cera conocedora de la situaci\u00f3n de la casa, ella estaba al corriente, pero suponemos que se pensaba que con la<strong> nueva ley de la <\/strong><a href=\"https:\/\/www.diariodemallorca.es\/tags\/amnistia-urbanistica\/\" class=\"ft-link ft-link--decoration\" rel=\"nofollow noopener\" target=\"_blank\"><strong>amnist\u00eda urban\u00edstica<\/strong><\/a> del <a href=\"https:\/\/www.diariodemallorca.es\/tags\/govern-balear\/\" class=\"ft-link ft-link--decoration\" rel=\"nofollow noopener\" target=\"_blank\">Govern balear <\/a>lo iba a poder arreglar m\u00e1s f\u00e1cilmente\u201d.<\/p>\n<p>Casa sin c\u00e9dula de habitabilidad<\/p>\n<p class=\"ft-text ft-helper-align-justify\">Los familiares detallan al respecto: \u201cNosotros no sab\u00edamos nada de las infracciones. <strong>Nunca nos lleg\u00f3 una carta ni una notificaci\u00f3n.<\/strong> Nuestro padre compr\u00f3 la finca en 2005 y las infracciones son m\u00e1s antiguas. La casa no tiene c\u00e9dula de habitabilidad. <strong>Eso ella lo sab\u00eda, ella acept\u00f3 las condiciones<\/strong>\u201d.<\/p>\n<p class=\"ft-text ft-helper-align-justify\">Adem\u00e1s, \u201cella trabaja en el sector inmobiliario, <strong>pod\u00eda haber ido a verificarlo antes, ella se dedica a esto<\/strong>, trabajaba en la inmobiliaria a la que fuimos\u201d, subrayan los querellados, quienes a\u00f1aden que la inquilina ha hecho un ba\u00f1o y ha embaldosado en la propiedad.<\/p>\n<p class=\"ft-text ft-helper-align-justify\">En el contrato firmado el pasado a\u00f1o se especifica que la parte compradora \u201cconoce la finca r\u00fastica por haberla<strong> visitado personalmente y haberse informado de su calificaci\u00f3n urban\u00edstica en el Ayuntamiento <\/strong>y a trav\u00e9s de sus asesores jur\u00eddicos y t\u00e9cnicos urban\u00edsticos\u201d. Adem\u00e1s, en el documento, declara conocer \u201cel estado f\u00edsico, urban\u00edstico y jur\u00eddico en el que se encuentra el inmueble, <strong>aceptando las condiciones en las que se encuentra<\/strong> y de las cuales reconoce hallarse plenamente informada\u201d. Mientras, los due\u00f1os manifiestan que el inmueble no est\u00e1 sujeto a ning\u00fan r\u00e9gimen especial ni tiene ning\u00fan tipo de restricci\u00f3n. <strong>La propiedad debe transmitirse libe de cargas y grav\u00e1menes. <\/strong><\/p>\n<p class=\"ft-text ft-helper-align-justify\"><strong>Si la <\/strong><a href=\"https:\/\/www.diariodemallorca.es\/mallorca\/2025\/05\/21\/condenada-inquilina-estafar-casero-le-117614403.html\" class=\"ft-link ft-link--decoration\" rel=\"nofollow noopener\" target=\"_blank\"><strong>inquilina<\/strong><\/a><strong> \u201cincumpliera con la modalidad y obligaciones de pago<\/strong>, a la tercera mensualidad pendiente, la parte concedente podr\u00e1 dar por resuelto el contrato, haci\u00e9ndose suyas las cantidades entregadas y recuperando la posesi\u00f3n del inmueble\u201d, por lo que la arrendataria deber\u00e1 desalojar el inmueble y entregar las llaves al propietario, seg\u00fan indica el contrato.<\/p>\n<p class=\"ft-text ft-helper-align-justify\">La <strong>abogada de la familia propietaria,<\/strong> Deborah de Prada, ha tratado de alcanzar un <strong>acuerdo amistoso<\/strong> con la otra parte antes de interponer una <strong>demanda por incumplimiento contractual.<\/strong> La letrada ha propuesto que la inquilina reconozca que debe 10.000 euros y el pago tard\u00edo del alquiler cada mes, lo que supone un incumplimiento del contrato y, por consiguiente, la <strong>extinci\u00f3n definitiva del derecho de opci\u00f3n de compra.<\/strong> As\u00ed, seg\u00fan la abogada, la inquilina ya habr\u00eda perdido ese derecho, como tambi\u00e9n la facultad de cederlo a terceros, ya sea una persona f\u00edsica o jur\u00eddica.<\/p>\n<p class=\"ft-text ft-helper-align-justify\"><strong>La parte contraria no est\u00e1 de acuerdo<\/strong>, ya que pretende recuperar todo el dinero que puso, antes de abandonar la casa.<\/p>\n<p data-close=\"closedContent\" class=\"subscribeHideForDisplay\">Suscr\u00edbete para seguir leyendo<\/p>\n","protected":false},"excerpt":{"rendered":"\u201cNo somos ningunos estafadores, nosotros quisimos vender la casa de campo de Llucmajor por circunstancias familiares. Fuimos a&hellip;\n","protected":false},"author":2,"featured_media":51804,"comment_status":"","ping_status":"","sticky":false,"template":"","format":"standard","meta":{"footnotes":""},"categories":[80],"tags":[22911,22910,22902,82,15516,22906,22908,1376,95,94,25,24,22903,22900,367,7828,7155,22901,10417,22904,2457,22905,8325,23,3633,22907,22909],"class_list":{"0":"post-51803","1":"post","2":"type-post","3":"status-publish","4":"format-standard","5":"has-post-thumbnail","7":"category-economia","8":"tag-alquiler-de-vivienda","9":"tag-alquiler-en-mallorca","10":"tag-amnistia-urbanistica","11":"tag-business","12":"tag-compraventa","13":"tag-construccion-en-suelo-rustico","14":"tag-copraventa-de-viviendas","15":"tag-disputa","16":"tag-economia","17":"tag-economy","18":"tag-es","19":"tag-espana","20":"tag-estafa-inmobiliaria","21":"tag-estafadores","22":"tag-familia","23":"tag-finca","24":"tag-govern","25":"tag-infracciones","26":"tag-inmobiliaria","27":"tag-juzgados-de-palma","28":"tag-mallorca","29":"tag-propietarios","30":"tag-quiso","31":"tag-spain","32":"tag-vivienda","33":"tag-vivienda-en-mallorca","34":"tag-viviendas-en-baleares"},"share_on_mastodon":{"url":"","error":""},"_links":{"self":[{"href":"https:\/\/www.europesays.com\/es\/wp-json\/wp\/v2\/posts\/51803","targetHints":{"allow":["GET"]}}],"collection":[{"href":"https:\/\/www.europesays.com\/es\/wp-json\/wp\/v2\/posts"}],"about":[{"href":"https:\/\/www.europesays.com\/es\/wp-json\/wp\/v2\/types\/post"}],"author":[{"embeddable":true,"href":"https:\/\/www.europesays.com\/es\/wp-json\/wp\/v2\/users\/2"}],"replies":[{"embeddable":true,"href":"https:\/\/www.europesays.com\/es\/wp-json\/wp\/v2\/comments?post=51803"}],"version-history":[{"count":0,"href":"https:\/\/www.europesays.com\/es\/wp-json\/wp\/v2\/posts\/51803\/revisions"}],"wp:featuredmedia":[{"embeddable":true,"href":"https:\/\/www.europesays.com\/es\/wp-json\/wp\/v2\/media\/51804"}],"wp:attachment":[{"href":"https:\/\/www.europesays.com\/es\/wp-json\/wp\/v2\/media?parent=51803"}],"wp:term":[{"taxonomy":"category","embeddable":true,"href":"https:\/\/www.europesays.com\/es\/wp-json\/wp\/v2\/categories?post=51803"},{"taxonomy":"post_tag","embeddable":true,"href":"https:\/\/www.europesays.com\/es\/wp-json\/wp\/v2\/tags?post=51803"}],"curies":[{"name":"wp","href":"https:\/\/api.w.org\/{rel}","templated":true}]}}