{"id":51813,"date":"2025-08-16T17:05:09","date_gmt":"2025-08-16T17:05:09","guid":{"rendered":"https:\/\/www.europesays.com\/es\/51813\/"},"modified":"2025-08-16T17:05:09","modified_gmt":"2025-08-16T17:05:09","slug":"la-2a-corrida-de-toros-de-guijuelo-en-directo","status":"publish","type":"post","link":"https:\/\/www.europesays.com\/es\/51813\/","title":{"rendered":"La 2\u00aa corrida de toros de Guijuelo, en directo"},"content":{"rendered":"<p>Cartel \u00edntegramente salmantino<\/p>\n<p class=\"v-p \"><strong><br \/>\nJavier Casta\u00f1o tom\u00f3 la alternativa en San Sebasti\u00e1n el 1 de abril de 2001,<\/strong><br \/>\nde manos de Enrique Ponce y en presencia de El Juli. Afronta este a\u00f1o la temporada de su despedida de los ruedos, que est\u00e1 anunciada ya para el pr\u00f3ximo 5 de octubre en la feria de El Pilar de Zaragoza (en una corrida concurso de ganader\u00edas junto a Antonio Ferrera y Rafaelillo). El propio <strong><br \/>\nJavier Casta\u00f1o fue el padrino de la alternativa de Dami\u00e1n Casta\u00f1o el 14 de agosto de 2012<\/strong><br \/>\nen la plaza de toros de Gij\u00f3n, en presencia de Mat\u00edas Tejela con toros de Conde de Mayalde. Le cort\u00f3 las dos orejas al toro de la ceremonia, Buzonero, y sali\u00f3 a hombros. Esta temporada es la m\u00e1s intensa de su carrera, ha toreado ya dos tardes en Madrid, y lo ha hecho en ferias de la importancia de Pamplona, Santander\u2026 y esta anunciado tambi\u00e9n el martes en Bilbao y en septiembre su regreso a la feria de Salamanca. <\/p>\n<p class=\"v-p is-hidden\" is-hidden=\"\">\nCierra el cartel <strong><br \/>\nIsmael Mart\u00edn, que apenas lleva un a\u00f1o de alternativa, la tom\u00f3 el 29 de junio de 2024 en la feria de Burgos,<\/strong><br \/>\nde manos de El Fandi y en presencia de Manuel Escribano. La pasada temporada sali\u00f3 a hombros en todas las corridas de toros que tore\u00f3: Burgos, Ar\u00e9valo, Pe\u00f1aranda, Valladolid, Salamanca y Alba de Tormes. Este a\u00f1o confirm\u00f3 su alternativa con solvencia en la feria de San Isidro de Madrid y est\u00e1 reci\u00e9n llegado de un periplo triunfal en Per\u00fa.    <\/p>\n","protected":false},"excerpt":{"rendered":"Cartel \u00edntegramente salmantino Javier Casta\u00f1o tom\u00f3 la alternativa en San Sebasti\u00e1n el 1 de abril de 2001, de&hellip;\n","protected":false},"author":2,"featured_media":51814,"comment_status":"","ping_status":"","sticky":false,"template":"","format":"standard","meta":{"footnotes":""},"categories":[277],"tags":[373,1569,168,2125,25,24,4203,23,167,374,444],"class_list":{"0":"post-51813","1":"post","2":"type-post","3":"status-publish","4":"format-standard","5":"has-post-thumbnail","7":"category-toreo","8":"tag-bullfighting","9":"tag-corrida","10":"tag-deportes","11":"tag-directo","12":"tag-es","13":"tag-espana","14":"tag-guijuelo","15":"tag-spain","16":"tag-sports","17":"tag-toreo","18":"tag-toros"},"share_on_mastodon":{"url":"","error":""},"_links":{"self":[{"href":"https:\/\/www.europesays.com\/es\/wp-json\/wp\/v2\/posts\/51813","targetHints":{"allow":["GET"]}}],"collection":[{"href":"https:\/\/www.europesays.com\/es\/wp-json\/wp\/v2\/posts"}],"about":[{"href":"https:\/\/www.europesays.com\/es\/wp-json\/wp\/v2\/types\/post"}],"author":[{"embeddable":true,"href":"https:\/\/www.europesays.com\/es\/wp-json\/wp\/v2\/users\/2"}],"replies":[{"embeddable":true,"href":"https:\/\/www.europesays.com\/es\/wp-json\/wp\/v2\/comments?post=51813"}],"version-history":[{"count":0,"href":"https:\/\/www.europesays.com\/es\/wp-json\/wp\/v2\/posts\/51813\/revisions"}],"wp:featuredmedia":[{"embeddable":true,"href":"https:\/\/www.europesays.com\/es\/wp-json\/wp\/v2\/media\/51814"}],"wp:attachment":[{"href":"https:\/\/www.europesays.com\/es\/wp-json\/wp\/v2\/media?parent=51813"}],"wp:term":[{"taxonomy":"category","embeddable":true,"href":"https:\/\/www.europesays.com\/es\/wp-json\/wp\/v2\/categories?post=51813"},{"taxonomy":"post_tag","embeddable":true,"href":"https:\/\/www.europesays.com\/es\/wp-json\/wp\/v2\/tags?post=51813"}],"curies":[{"name":"wp","href":"https:\/\/api.w.org\/{rel}","templated":true}]}}