{"id":518343,"date":"2026-04-26T12:07:46","date_gmt":"2026-04-26T12:07:46","guid":{"rendered":"https:\/\/www.europesays.com\/es\/518343\/"},"modified":"2026-04-26T12:07:46","modified_gmt":"2026-04-26T12:07:46","slug":"rapero-gallego-gana-la-voz-finlandia","status":"publish","type":"post","link":"https:\/\/www.europesays.com\/es\/518343\/","title":{"rendered":"RAPERO GALLEGO GANA LA VOZ FINLANDIA"},"content":{"rendered":"<p class=\"ft-text\">Se llama\u00a0<strong>Jos\u00e9 Carlos Pardo Suomi<\/strong>. Tiene 33 a\u00f1os, es rapero de\u00a0origen\u00a0<a class=\"ft-link ft-link--decoration\" href=\"https:\/\/www.elcorreogallego.es\/tags\/galicia\/\" target=\"_blank\" rel=\"nofollow noopener\"><strong>gallego<\/strong><\/a>\u00a0y, esta semana, ha hecho historia en el popular concurso televisivo de\u00a0<strong>La voz\u00a0<\/strong>al convertirse en el <strong>primer artista de hip hop en ganar una de las diferentes versiones de este reconocido <\/strong><strong>talent show<\/strong>.<\/p>\n<p>Galicia triunfa en la versi\u00f3n finlandesa de \u2018La voz\u2019<\/p>\n<p class=\"ft-text\">Eso s\u00ed, lo m\u00e1s llamativo es que Pardo se ha impuesto en la edici\u00f3n de <strong>La voz<\/strong> de\u00a0<a class=\"ft-link ft-link--decoration\" href=\"https:\/\/www.elcorreogallego.es\/tags\/finlandia\/\" target=\"_blank\" rel=\"nofollow noopener\"><strong>Finlandia<\/strong><\/a>, pa\u00eds n\u00f3rdico en el que este rapero de padre gallego nacido en Inglaterra y criado en varias ciudades de Espa\u00f1a\u00a0reside desde hace a\u00f1os por amor.<\/p>\n<p><img decoding=\"async\" src=\"https:\/\/www.europesays.com\/es\/wp-content\/uploads\/2026\/04\/cb424908-9c4e-483e-8f39-854d6e4a528d_alta-libre-aspect-ratio_default_0_x600y225.jpg\" width=\"1200\" height=\"675\" alt=\"Jos\u00e9 Carlos Pardo Suomi\" class=\"ft-helper-img-rd\" loading=\"lazy\" fetchpriority=\"auto\"\/><\/p>\n<p class=\"ft-helper-fontColor-quaternary ft-helper-fontSize-body-S ft-helper-spacer-t-xxs\">Jos\u00e9 Carlos Pardo Suomi  \/ Cedida<\/p>\n<p class=\"ft-text\">Un amor que, precisamente, le impuls\u00f3 a participar en\u00a0<strong>La voz Finlandia<\/strong>, programa en el que, el pasado viernes, no solo logr\u00f3 la victoria y los 10.000 euros que se le otorgan al ganador, tambi\u00e9n hizo historia consiguiendo que el g\u00e9nero urbano triunfe, por primera vez, en la gran final de una de las diferentes versiones que\u00a0<a class=\"ft-link ft-link--decoration\" href=\"https:\/\/www.antena3.com\/programas\/la-voz\/\" target=\"_blank\" rel=\"nofollow noopener\"><strong>La voz<\/strong><\/a>\u00a0tiene en canales de televisi\u00f3n de todo el mundo.<\/p>\n","protected":false},"excerpt":{"rendered":"Se llama\u00a0Jos\u00e9 Carlos Pardo Suomi. Tiene 33 a\u00f1os, es rapero de\u00a0origen\u00a0gallego\u00a0y, esta semana, ha hecho historia en el&hellip;\n","protected":false},"author":2,"featured_media":518344,"comment_status":"","ping_status":"","sticky":false,"template":"","format":"standard","meta":{"footnotes":""},"categories":[171],"tags":[146,147,25,24,8741,816,785,5138,1783,31015,675,23,102705,214,1447],"class_list":["post-518343","post","type-post","status-publish","format-standard","has-post-thumbnail","category-tv","tag-entertainment","tag-entretenimiento","tag-es","tag-espana","tag-finlandia","tag-galicia","tag-gallego","tag-ganador","tag-la","tag-la-voz","tag-rapero","tag-spain","tag-talents-shows","tag-tv","tag-voz"],"share_on_mastodon":{"url":"https:\/\/pubeurope.com\/@es\/116470929689038346","error":""},"_links":{"self":[{"href":"https:\/\/www.europesays.com\/es\/wp-json\/wp\/v2\/posts\/518343","targetHints":{"allow":["GET"]}}],"collection":[{"href":"https:\/\/www.europesays.com\/es\/wp-json\/wp\/v2\/posts"}],"about":[{"href":"https:\/\/www.europesays.com\/es\/wp-json\/wp\/v2\/types\/post"}],"author":[{"embeddable":true,"href":"https:\/\/www.europesays.com\/es\/wp-json\/wp\/v2\/users\/2"}],"replies":[{"embeddable":true,"href":"https:\/\/www.europesays.com\/es\/wp-json\/wp\/v2\/comments?post=518343"}],"version-history":[{"count":0,"href":"https:\/\/www.europesays.com\/es\/wp-json\/wp\/v2\/posts\/518343\/revisions"}],"wp:featuredmedia":[{"embeddable":true,"href":"https:\/\/www.europesays.com\/es\/wp-json\/wp\/v2\/media\/518344"}],"wp:attachment":[{"href":"https:\/\/www.europesays.com\/es\/wp-json\/wp\/v2\/media?parent=518343"}],"wp:term":[{"taxonomy":"category","embeddable":true,"href":"https:\/\/www.europesays.com\/es\/wp-json\/wp\/v2\/categories?post=518343"},{"taxonomy":"post_tag","embeddable":true,"href":"https:\/\/www.europesays.com\/es\/wp-json\/wp\/v2\/tags?post=518343"}],"curies":[{"name":"wp","href":"https:\/\/api.w.org\/{rel}","templated":true}]}}