{"id":518349,"date":"2026-04-26T12:10:13","date_gmt":"2026-04-26T12:10:13","guid":{"rendered":"https:\/\/www.europesays.com\/es\/518349\/"},"modified":"2026-04-26T12:10:13","modified_gmt":"2026-04-26T12:10:13","slug":"sawe-rompe-la-barrera-de-las-2-horas-en-el-maraton-de-londres-y-reescribe-la-historia-del-atletismo","status":"publish","type":"post","link":"https:\/\/www.europesays.com\/es\/518349\/","title":{"rendered":"Sawe rompe la barrera de las 2 horas en el marat\u00f3n de Londres y reescribe la historia del atletismo"},"content":{"rendered":"<p>\n                    Publicado                 26\/04\/2026 &#8211; 13:32 CEST\u2022Ultima actualizaci\u00f3n<br \/>\n                                     13:40\n                                        <\/p>\n<p>Durante a\u00f1os, la barrera de las dos horas en el marat\u00f3n fue tratada como una especie de l\u00edmite psicol\u00f3gico y f\u00edsico que parec\u00eda fuera del alcance humano. <strong>Eliud Kipchoge<\/strong> lo intent\u00f3 <a href=\"https:\/\/es.euronews.com\/2017\/05\/06\/kipchoge-a-25-segundos-de-romper-el-muro-de-las-2-horas-en-maraton\" rel=\"nofollow noopener\" target=\"_blank\">en condiciones controladas en Monza en 2017<\/a> y <a href=\"https:\/\/es.euronews.com\/2019\/10\/12\/el-extraterrestre-kipchoge-corre-el-maraton-en-menos-de-dos-horas\" rel=\"nofollow noopener\" target=\"_blank\">en Viena en 2019<\/a>, pero aquellas marcas no eran homologables por World Athletics. Lo de este domingo en Londres es distinto: es oficial, competitivo, y con el mundo entero mirando.<\/p>\n<p>          <img decoding=\"async\" class=\"c-ad__placeholder__logo\" src=\"https:\/\/static.euronews.com\/website\/images\/logos\/logo-euronews-stacked-outlined-72x72-grey-9.svg\" width=\"72\" height=\"72\" alt=\"\" loading=\"lazy\"\/><br \/>\n          PUBLICIDAD<\/p>\n<p>          <img decoding=\"async\" class=\"c-ad__placeholder__logo\" src=\"https:\/\/static.euronews.com\/website\/images\/logos\/logo-euronews-stacked-outlined-72x72-grey-9.svg\" width=\"72\" height=\"72\" alt=\"\" loading=\"lazy\"\/><br \/>\n          PUBLICIDAD<\/p>\n<p>El keniano <strong>Sabastian Sawe se convirti\u00f3 en el primer hombre en lograr finalizar de manera oficial<\/strong> un marat\u00f3n por debajo de las dos horas, con una marca pendiente a\u00fan de ratificaci\u00f3n por World Athletics. <\/p>\n<p>Su tiempo, <strong>1h59:30<\/strong>, reduce en 65 segundos el registro anterior, que pertenec\u00eda al fallecido Kelvin Kiptum desde el marat\u00f3n de Chicago de octubre de 2023, donde hab\u00eda parado el crono en 2:00:35.<\/p>\n<p>Una carrera con tres hombres por debajo del antiguo r\u00e9cord<\/p>\n<p>Lo que ocurri\u00f3 en las calles de Londres este domingo no tiene precedentes. No solo Sawe baj\u00f3 de dos horas: el et\u00edope <strong>Yomif Kejelcha tambi\u00e9n complet\u00f3 la distancia en menos de ese tiempo, con un registro de 1:59:41<\/strong>, 11 segundos por detr\u00e1s del ganador.<\/p>\n<p>El ugand\u00e9s <strong>Jacob Kiplimo fue tercero con 2:00:28<\/strong>, de modo que los tres primeros clasificados acabaron por debajo de la anterior plusmarca mundial. <\/p>\n<p>Sawe ya hab\u00eda ganado en Londres el a\u00f1o pasado, pero esta vez fue a otro nivel. Desde la segunda mitad de la carrera marc\u00f3 el ritmo junto a Kejelcha, y en el kil\u00f3metro 35 ambos comenzaron a abrir hueco sobre el resto. El podio qued\u00f3 cerrado mucho antes de la meta.<\/p>\n<p>Assefa tambi\u00e9n bate su propio r\u00e9cord en la categor\u00eda femenina<\/p>\n<p>La jornada no fue solo masculina. La et\u00edope Tigst Assefa gan\u00f3 por segundo a\u00f1o consecutivo en Londres y lo hizo mejorando su propio r\u00e9cord mundial en categor\u00eda femenina, con un tiempo de 2:15:41. La carrera termin\u00f3 con una llegada ajustada: Hellen Obiri fue segunda en 2:15:53 y Joyciline Jepkosgei tercera en 2:15:55. <\/p>\n<p><strong>Assefa<\/strong> ya pose\u00eda el r\u00e9cord en la modalidad femenina desde la edici\u00f3n de 2025, donde hab\u00eda corrido en 2:15:50. Esta vez <strong>lo mejor\u00f3 en nueve segundos<\/strong>. La diferencia con su mejor marca personal, lograda en Berl\u00edn 2023 con 2:11:53, recuerda que en carreras mixtas los tiempos son habitualmente m\u00e1s r\u00e1pidos al beneficiarse de la presencia de liebres masculinas.<\/p>\n<p>Una edici\u00f3n hist\u00f3rica tambi\u00e9n en silla de ruedas y en participaci\u00f3n<\/p>\n<p>Un total de <strong>59.000 personas tomaron parte en la carrera<\/strong>, una cifra r\u00e9cord para el marat\u00f3n de Londres. En la categor\u00eda de silla de ruedas, el suizo Marcel Hug gan\u00f3 por octava vez, igualando su propio r\u00e9cord de victorias en la prueba. Catherine Debrunner se impuso en la categor\u00eda femenina.<\/p>\n<p>La <a href=\"https:\/\/es.euronews.com\/tag\/maraton\" rel=\"nofollow noopener\" target=\"_blank\">46\u00aa edici\u00f3n del TCS London Marathon<\/a> quedar\u00e1 en los libros de historia del atletismo no por uno, sino por varios motivos. Por primera vez, <strong>dos hombres completaron un marat\u00f3n en competici\u00f3n oficial en menos de dos horas<\/strong>. Y en categor\u00eda femenina, la dominancia de Assefa reluce, sigue sin tener rival.<\/p>\n","protected":false},"excerpt":{"rendered":"Publicado 26\/04\/2026 &#8211; 13:32 CEST\u2022Ultima actualizaci\u00f3n 13:40 Durante a\u00f1os, la barrera de las dos horas en el marat\u00f3n&hellip;\n","protected":false},"author":2,"featured_media":518350,"comment_status":"","ping_status":"","sticky":false,"template":"","format":"standard","meta":{"footnotes":""},"categories":[93],"tags":[168,25,24,7228,23906,10410,23,167],"class_list":["post-518349","post","type-post","status-publish","format-standard","has-post-thumbnail","category-deportes","tag-deportes","tag-es","tag-espana","tag-londres","tag-maraton","tag-record-mundial","tag-spain","tag-sports"],"share_on_mastodon":{"url":"https:\/\/pubeurope.com\/@es\/116470941525242605","error":""},"_links":{"self":[{"href":"https:\/\/www.europesays.com\/es\/wp-json\/wp\/v2\/posts\/518349","targetHints":{"allow":["GET"]}}],"collection":[{"href":"https:\/\/www.europesays.com\/es\/wp-json\/wp\/v2\/posts"}],"about":[{"href":"https:\/\/www.europesays.com\/es\/wp-json\/wp\/v2\/types\/post"}],"author":[{"embeddable":true,"href":"https:\/\/www.europesays.com\/es\/wp-json\/wp\/v2\/users\/2"}],"replies":[{"embeddable":true,"href":"https:\/\/www.europesays.com\/es\/wp-json\/wp\/v2\/comments?post=518349"}],"version-history":[{"count":0,"href":"https:\/\/www.europesays.com\/es\/wp-json\/wp\/v2\/posts\/518349\/revisions"}],"wp:featuredmedia":[{"embeddable":true,"href":"https:\/\/www.europesays.com\/es\/wp-json\/wp\/v2\/media\/518350"}],"wp:attachment":[{"href":"https:\/\/www.europesays.com\/es\/wp-json\/wp\/v2\/media?parent=518349"}],"wp:term":[{"taxonomy":"category","embeddable":true,"href":"https:\/\/www.europesays.com\/es\/wp-json\/wp\/v2\/categories?post=518349"},{"taxonomy":"post_tag","embeddable":true,"href":"https:\/\/www.europesays.com\/es\/wp-json\/wp\/v2\/tags?post=518349"}],"curies":[{"name":"wp","href":"https:\/\/api.w.org\/{rel}","templated":true}]}}