{"id":518370,"date":"2026-04-26T12:26:15","date_gmt":"2026-04-26T12:26:15","guid":{"rendered":"https:\/\/www.europesays.com\/es\/518370\/"},"modified":"2026-04-26T12:26:15","modified_gmt":"2026-04-26T12:26:15","slug":"extrana-demanda-del-madrid-contra-laliga-por-el-protocolo-contra-la-discriminacion-acoso-y-violencia-en-el-futbol","status":"publish","type":"post","link":"https:\/\/www.europesays.com\/es\/518370\/","title":{"rendered":"Extra\u00f1a demanda del Madrid contra LaLiga por el protocolo contra la discriminaci\u00f3n, acoso y violencia en el f\u00fatbol"},"content":{"rendered":"<p class=\"ft-text\"><strong>El Real Madrid, con su presidente Florentino P\u00e9rez al frente, ha sorprendido demandando a LaLiga<\/strong>, seg\u00fan adelanta Marca, <strong>por querer <\/strong><a href=\"https:\/\/www.sport.es\/es\/noticias\/laliga\/cerco-ultras-persecucion-violencia-machista-laliga-gobierno-128437680\" class=\"ft-link ft-link--decoration\" rel=\"nofollow noopener\" target=\"_blank\"><strong>implementar el protocolo<\/strong><\/a><strong> <\/strong>contra la discriminaci\u00f3n, acoso y violencia en el f\u00fatbol, <strong>recogido por la Ley del Deporte y que tiene el apoyo incluso del Ministerio del Interior <\/strong><\/p>\n<p>Compromiso general<\/p>\n<p class=\"ft-text\"><strong>LaLiga present\u00f3 dicho protocolo con el \u00e1nimo de \u201creforzar el compromiso con la seguridad y el bienestar del campeonato\u201d,<\/strong> seg\u00fan manifest\u00f3 Javier Tebas, y que fue respaldado por el Ministro de\u00a0Interior Fernando Grande-Marlaska: \u201cLa Comisi\u00f3n Estatal contra la Violencia en el Deporte est\u00e1 <strong>trabajando en la reforma de la ley contra la violencia, <\/strong><a href=\"https:\/\/www.sport.es\/es\/noticias\/real-madrid\/postura-real-madrid-polemica-racista-vinicius-prestianni-126980482\" class=\"ft-link ft-link--decoration\" rel=\"nofollow noopener\" target=\"_blank\"><strong>el racismo<\/strong><\/a><strong>, la xenofobia y la intolerancia en el deporte,<\/strong> vigente desde 2007, con el fin de estrechar la persecuci\u00f3n contra los grupos ultras y la seguridad en las inmediaciones de los estadios\u201d.<\/p>\n<p class=\"ft-text\"><strong>\u201cEl f\u00fatbol debe desarrollarse en un entorno de convivencia, <\/strong><a href=\"https:\/\/www.sport.es\/es\/noticias\/futbol\/arbitros-crean-gesto-denunciar-racismo-108046570\" class=\"ft-link ft-link--decoration\" rel=\"nofollow noopener\" target=\"_blank\"><strong>tolerancia<\/strong><\/a><strong> y seguridad.<\/strong> La iniciativa de LaLiga refuerza el mensaje de que no hay margen para el acoso ni la violencia.\u00a0<strong>La formaci\u00f3n y la anticipaci\u00f3n son claves para que los protocolos no se queden en un papel<\/strong>, sino que funcionen de verdad\u201d, <strong>apoy\u00f3 Enrique Cerezo, presidente del At. Madrid,<\/strong> en el anuncio de la iniciativa que tuvo el Metropolitano como punto de encuentro.<\/p>\n<p><img decoding=\"async\" src=\"https:\/\/www.europesays.com\/es\/wp-content\/uploads\/2026\/04\/471d41b2-953f-4098-8df6-2abc47be8d45_alta-libre-aspect-ratio_default_0_x550y244.jpg\" width=\"1200\" height=\"800\" alt=\"Enrique Cerezo, Fernando Grande-Marlaska y Javier Tebas, este jueves en Madrid.\" class=\"ft-helper-img-rd\" loading=\"lazy\" fetchpriority=\"auto\"\/><\/p>\n<p class=\"ft-helper-fontColor-quaternary ft-helper-fontSize-body-S ft-helper-spacer-t-xxs\">Enrique Cerezo, Fernando Grande-Marlaska y Javier Tebas  \/ Pablo Moreno | LaLiga<\/p>\n<p class=\"ft-text\">El Madrid, seg\u00fan Marca, <strong>\u201csolicita la nulidad del acuerdo de la Comisi\u00f3n Delegada de LaLiga del 20 de febrero de 2026 en la que se aprob\u00f3 este \u2018protocolo-gu\u00eda\u2019 <\/strong>contra la discriminaci\u00f3n, violencia y acoso en el f\u00fatbol profesional\u201d y con ello exige medidas cautelares \u2018inaudita parte\u2019, aunque estas han sido desestimadas por el juez, que quiere escuchar la versi\u00f3n de LaLiga.<\/p>\n<p>Protocolo propio<\/p>\n<p class=\"ft-text\">El Madrid opina que \u201c<strong>el protocolo tiene que ser puesto a disposici\u00f3n de los clubes para su suscripci\u00f3n voluntaria,<\/strong> y LaLiga habr\u00eda transformado eso en <strong>un sistema coercitivo que impone a los clubes la implementaci\u00f3n<\/strong>\u201d.\u00a0La entidad madridista tiene su propio protocolo, y considera que est\u00e1 fuera de l\u00f3gica otra operativa. \u00a0<\/p>\n<p class=\"ft-text\"><strong>El caso est\u00e1 en manos del juez ante esta nueva iniciativa y extra\u00f1a maniobra del Real Madrid,<\/strong> que ha sorprendido a todos, incluidos otros deportes que han tomado el protocolo de LaLiga como gu\u00eda para incluirlo en sus propias competiciones como es el caso la Liga Asobal de balonmano<\/p>\n","protected":false},"excerpt":{"rendered":"El Real Madrid, con su presidente Florentino P\u00e9rez al frente, ha sorprendido demandando a LaLiga, seg\u00fan adelanta Marca,&hellip;\n","protected":false},"author":2,"featured_media":481616,"comment_status":"","ping_status":"","sticky":false,"template":"","format":"standard","meta":{"footnotes":""},"categories":[268],"tags":[6386,168,25,24,43820,280,282,653,288,205,28545,3941,281,23,167,432],"class_list":["post-518370","post","type-post","status-publish","format-standard","has-post-thumbnail","category-futbol","tag-demanda","tag-deportes","tag-es","tag-espana","tag-extrana","tag-football","tag-futbol","tag-javier-tebas","tag-laliga","tag-madrid","tag-protocolo","tag-racismo","tag-soccer","tag-spain","tag-sports","tag-violencia"],"share_on_mastodon":{"url":"https:\/\/pubeurope.com\/@es\/116471004406347063","error":""},"_links":{"self":[{"href":"https:\/\/www.europesays.com\/es\/wp-json\/wp\/v2\/posts\/518370","targetHints":{"allow":["GET"]}}],"collection":[{"href":"https:\/\/www.europesays.com\/es\/wp-json\/wp\/v2\/posts"}],"about":[{"href":"https:\/\/www.europesays.com\/es\/wp-json\/wp\/v2\/types\/post"}],"author":[{"embeddable":true,"href":"https:\/\/www.europesays.com\/es\/wp-json\/wp\/v2\/users\/2"}],"replies":[{"embeddable":true,"href":"https:\/\/www.europesays.com\/es\/wp-json\/wp\/v2\/comments?post=518370"}],"version-history":[{"count":0,"href":"https:\/\/www.europesays.com\/es\/wp-json\/wp\/v2\/posts\/518370\/revisions"}],"wp:featuredmedia":[{"embeddable":true,"href":"https:\/\/www.europesays.com\/es\/wp-json\/wp\/v2\/media\/481616"}],"wp:attachment":[{"href":"https:\/\/www.europesays.com\/es\/wp-json\/wp\/v2\/media?parent=518370"}],"wp:term":[{"taxonomy":"category","embeddable":true,"href":"https:\/\/www.europesays.com\/es\/wp-json\/wp\/v2\/categories?post=518370"},{"taxonomy":"post_tag","embeddable":true,"href":"https:\/\/www.europesays.com\/es\/wp-json\/wp\/v2\/tags?post=518370"}],"curies":[{"name":"wp","href":"https:\/\/api.w.org\/{rel}","templated":true}]}}