{"id":51838,"date":"2025-08-16T17:21:08","date_gmt":"2025-08-16T17:21:08","guid":{"rendered":"https:\/\/www.europesays.com\/es\/51838\/"},"modified":"2025-08-16T17:21:08","modified_gmt":"2025-08-16T17:21:08","slug":"el-sorprendente-mensaje-de-matt-damon-al-dueno-de-un-restaurante-de-barcelona-tras-su-visita-tienes-que-trabajar-mas","status":"publish","type":"post","link":"https:\/\/www.europesays.com\/es\/51838\/","title":{"rendered":"El sorprendente mensaje de Matt Damon al due\u00f1o de un restaurante de Barcelona tras su visita: \u00abTienes que trabajar m\u00e1s\u00bb"},"content":{"rendered":"<p class=\"voc-p\" style=\"\">Espa\u00f1a es, a\u00f1o tras a\u00f1o, uno de los destinos favoritos del <strong>turismo internacional<\/strong>. Tanto es as\u00ed, que ocupa el <strong>segundo lugar<\/strong> en el mundo, solo por detr\u00e1s de Francia, en <strong>n\u00famero de visitantes<\/strong>. El buen <strong>clima<\/strong>, su rica <strong>arquitectura<\/strong>, la variada <strong>gastronom\u00eda<\/strong> y la vida cultural hacen que millones de personas elijan pasar sus vacaciones en nuestras costas y ciudades. Entre ellos, no faltan las <strong>estrellas de Hollywood<\/strong>, que suelen aprovechar el verano para dejarse ver en lugares tan emblem\u00e1ticos como <a href=\"https:\/\/www.abc.es\/gente\/ibiza-famosos-quieren-20250813195215-nt.html\" target=\"_self\" data-voc-vtm-id=\"in-text-traffic\" title=\"Ibiza\" data-mrf-link=\"www.abc.es\" rel=\"nofollow noopener\">Ibiza<\/a>, la Costa del Sol o Barcelona.<\/p>\n<p class=\"voc-p\" style=\"\">Uno de los \u00faltimos en hacerlo ha sido <strong>Matt Damon<\/strong>, protagonista de pel\u00edculas como &#8216;El indomable Will Hunting&#8217; o la saga Bourne. Despu\u00e9s de pasar unos d\u00edas de descanso en la isla de Ibiza, el int\u00e9rprete viaj\u00f3 a <strong>Barcelona<\/strong>, donde disfrut\u00f3 de la capital catalana y, en especial, de su <strong>oferta gastron\u00f3mica<\/strong>. All\u00ed, el pasado viernes por la noche, visit\u00f3 un peque\u00f1o <a href=\"https:\/\/www.abc.es\/recreo\/hostelero-lanza-aviso-bebas-vino-bar-restaurante-20250719113000-nt.html\" target=\"_self\" data-voc-vtm-id=\"in-text-traffic\" title=\"restaurante\" data-mrf-link=\"www.abc.es\" rel=\"nofollow noopener\">restaurante<\/a> del barrio de Poble Sec y, tras cenar, dej\u00f3 una <strong>nota<\/strong> dedicada a uno de los <strong>due\u00f1os<\/strong> con un mensaje que se ha viralizado.<\/p>\n<p class=\"voc-p\" style=\"\">El actor, asesorado por el personal del hotel en el que se alojaba en la Ciudad Condal y tambi\u00e9n por el conductor que le llev\u00f3 hasta la zona, termin\u00f3 cenando en <strong>Denassus<\/strong>, un local abierto hace seis a\u00f1os por Sergi Ruiz y Alejo Mailan. Sin embargo, el azar quiso que la an\u00e9cdota no se limitara a la mera <strong>presencia de una estrella en el local<\/strong>. Y es que, poco antes de la llegada del actor, <strong>uno de los due\u00f1os hab\u00eda decidido marcharse<\/strong> a casa pensando que la noche iba a ser tranquila. El propio Alejo Mailan lo relat\u00f3 en la Cadena Ser: \u00abSolo ten\u00edamos tres reservas para las 22.00, as\u00ed que le dije al director que me iba porque no hab\u00eda faena. Pero dos horas m\u00e1s tarde me llama Jordi y me dice que est\u00e1 ah\u00ed Matt Damon\u00bb.<\/p>\n<p>\nEl humor de Matt Damon conquista Barcelona\n<\/p>\n<p class=\"voc-p\" style=\"\">La sorpresa fue may\u00fascula, un viernes en el que esperaba poca actividad termin\u00f3 con un invitado de lujo en el restaurante. Al enterarse de la situaci\u00f3n, Mailan sugiri\u00f3 a sus compa\u00f1eros que intentaran inmortalizar el momento con una <strong>fotograf\u00eda<\/strong> y, si era posible, con una <strong>dedicatoria<\/strong> del propio actor. Damon, lejos de mostrarse esquivo, se prest\u00f3 al juego y escribi\u00f3 un mensaje en tono c\u00f3mico que ha acabado siendo viral: \u00ab\u00a1Que te den Alejo, tienes que trabajar m\u00e1s!\u00bb.<\/p>\n<p class=\"voc-p\" style=\"\">El restaurante no tard\u00f3 en compartir lo sucedido en su perfil de Instagram, junto a las im\u00e1genes del actor y la dedicatoria. \u00abCuando Matt Damon viene a casa (nos encantar\u00eda ser uno de sus restaurantes favoritos de Barcelona), intentamos que cene &#8216;Denarices&#8217; Aunque pueda echar de menos a uno de los due\u00f1os\u00bb, manifestaron en la descripci\u00f3n.<\/p>\n<p>Reportar un error<\/p>\n","protected":false},"excerpt":{"rendered":"Espa\u00f1a es, a\u00f1o tras a\u00f1o, uno de los destinos favoritos del turismo internacional. Tanto es as\u00ed, que ocupa&hellip;\n","protected":false},"author":2,"featured_media":51839,"comment_status":"","ping_status":"","sticky":false,"template":"","format":"standard","meta":{"footnotes":""},"categories":[91],"tags":[210,22218,22217,51,4393,146,147,25,24,22216,8079,673,23,4710],"class_list":{"0":"post-51838","1":"post","2":"type-post","3":"status-publish","4":"format-standard","5":"has-post-thumbnail","7":"category-entretenimiento","8":"tag-barcelona","9":"tag-cenar","10":"tag-damon","11":"tag-deja","12":"tag-dueno","13":"tag-entertainment","14":"tag-entretenimiento","15":"tag-es","16":"tag-espana","17":"tag-matt","18":"tag-mensaje","19":"tag-restaurante","20":"tag-spain","21":"tag-trabajar"},"share_on_mastodon":{"url":"","error":""},"_links":{"self":[{"href":"https:\/\/www.europesays.com\/es\/wp-json\/wp\/v2\/posts\/51838","targetHints":{"allow":["GET"]}}],"collection":[{"href":"https:\/\/www.europesays.com\/es\/wp-json\/wp\/v2\/posts"}],"about":[{"href":"https:\/\/www.europesays.com\/es\/wp-json\/wp\/v2\/types\/post"}],"author":[{"embeddable":true,"href":"https:\/\/www.europesays.com\/es\/wp-json\/wp\/v2\/users\/2"}],"replies":[{"embeddable":true,"href":"https:\/\/www.europesays.com\/es\/wp-json\/wp\/v2\/comments?post=51838"}],"version-history":[{"count":0,"href":"https:\/\/www.europesays.com\/es\/wp-json\/wp\/v2\/posts\/51838\/revisions"}],"wp:featuredmedia":[{"embeddable":true,"href":"https:\/\/www.europesays.com\/es\/wp-json\/wp\/v2\/media\/51839"}],"wp:attachment":[{"href":"https:\/\/www.europesays.com\/es\/wp-json\/wp\/v2\/media?parent=51838"}],"wp:term":[{"taxonomy":"category","embeddable":true,"href":"https:\/\/www.europesays.com\/es\/wp-json\/wp\/v2\/categories?post=51838"},{"taxonomy":"post_tag","embeddable":true,"href":"https:\/\/www.europesays.com\/es\/wp-json\/wp\/v2\/tags?post=51838"}],"curies":[{"name":"wp","href":"https:\/\/api.w.org\/{rel}","templated":true}]}}