{"id":51846,"date":"2025-08-16T17:25:06","date_gmt":"2025-08-16T17:25:06","guid":{"rendered":"https:\/\/www.europesays.com\/es\/51846\/"},"modified":"2025-08-16T17:25:06","modified_gmt":"2025-08-16T17:25:06","slug":"oscar-puente-responde-a-feijoo-como-solo-el-sabe-sobre-los-incendios-pero-a-el-le-da-igual-el-huffpost","status":"publish","type":"post","link":"https:\/\/www.europesays.com\/es\/51846\/","title":{"rendered":"\u00d3scar Puente responde a Feij\u00f3o como solo \u00e9l sabe sobre los incendios: &quot;Pero a \u00e9l le da igual&quot; &#8211; El HuffPost"},"content":{"rendered":"<ol>\n<li><a href=\"https:\/\/news.google.com\/rss\/articles\/CBMisAFBVV95cUxQck1FV0tmNUU3cERvS0J3RVJEcnZhMDZDMXh3T3NuTVYtSy1ObVRNMk9pUFlaR0FZeGExdUgtUHpfajJWX3BxbWotZzVQMm41OUw1YjEtNnlhc2g2NGUwZEVBT204ZlV6QWdjVTM0Z2I3bmN2X3hZWlBSQVBKWHlPYWhZcVNvMm5GcTNyY3Q2SlROSE1tU24tODFBMWVKSzYtdE5qSXk1NWVqOFNTbnZfMtIBxAFBVV95cUxQMkVQYnJ4amJMbWFNWGZWaHpVaW1OQVkwLVpkM3Vhb2MwajZkMmFJckxRY2RDWW1qdWQ0QzZJUXlhZDlWYVpraHpLU1dJQm0wN1hzMWtOd1RUc3NXMUNiejFEY2h2d1h0Z2tlOWxTTnZSazFaRXZLaWNrSVktSzM5VTkwSUdpZWJKM1QwaWV4LWZyZ0VIajNGUzkzSGljTXdBWEdxaUQyWnk4ODZHQVl4Z1BGSEc1WGZZQkNZakpJNU00ZlVB?oc=5\" target=\"_blank\" rel=\"nofollow noopener\">\u00d3scar Puente responde a Feij\u00f3o como solo \u00e9l sabe sobre los incendios: \u00abPero a \u00e9l le da igual\u00bb<\/a>&nbsp;&nbsp;El HuffPost<\/li>\n<li><a href=\"https:\/\/news.google.com\/rss\/articles\/CBMiekFVX3lxTE5PNHJGMVJ3dkZHN04xWE9qOHNkY25UclhScW9nZDRNb3g5ZGtXZmZ5eXBUd3o0dGpuREMzVUZkVkdldVlkZWpIRVZucnlKNC1va3pFTm53T0lSS1VpUGlTVnBlZkJPQTFNSzctczI2ZFZZNV8yZ1QxYm1n0gF6QVVfeXFMT2c0X0lJbV90U3FUTXRla2JBTGpUeVZUbzJ3Y2c4NjRFbEtPSGhteWVPclh3WDI4WGdVbnNsTmU3UUhrZWxrVEc5ei13bGVWZE81QTJNMjIyUDVwbllKOWMtaXdaaU8wbHdBYkRpUWRfQ3phMTNYVHVDeWc?oc=5\" target=\"_blank\" rel=\"nofollow noopener\">El PP marca el paso con los incendios ante el vac\u00edo del Gobierno<\/a>&nbsp;&nbsp;El Mundo<\/li>\n<li><a href=\"https:\/\/news.google.com\/rss\/articles\/CBMi6gFBVV95cUxPb1NvVHQyV3NqRmNGOWNfUnVGLUFTX3JyMkFzMXRmcnpyZkhKdjAxNUQyOFBVakFjRDBYTXpER2l0UWJNb3AtSzI4T09wVS1Td0piX1JzZGlpQS1jbDl0MXZUY2dXdUxxVmVMNWV3ay1DQlNPTGN3UWFsT2dTQ3lfWUY0RC1mN3BCMDI2akJHWUI1OGJETnZNdGJVQWpscmtIOVdFSEtpdFE4SXdiUV9sUGxQQTJaSWZrcC1waDhFZll1TXdfUUhzUTRtZkRjbVM4azAwbzZBR3MyZUl2T0p0VkNjZGhybHdYQnc?oc=5\" target=\"_blank\" rel=\"nofollow noopener\">El Gobierno ve en la exigencia de Feij\u00f3o de extremar el despliegue militar la b\u00fasqueda de una \u201cpol\u00e9mica\u201d sin \u201crigor\u201d<\/a>&nbsp;&nbsp;EL PA\u00cdS<\/li>\n<li><a href=\"https:\/\/news.google.com\/rss\/articles\/CBMiuwFBVV95cUxPMkk4Rl9IQXFUUTVoODRxaTNKcFM0WV93RFNyUHpVVzdlaW50ZVduTFRPTkM3c3NhdFBVN1c0YnJGMThiWTJCcTBoU1ROcjNpSkd5b0tvM1FHN0lnUWUza3R3V0RQYUVUWU4wZHRfVG9sdmJZalJIU1lOR0dPYTVKZlZmU0RCTmoxcWNFSjVneTdTbFpjSGFZY242aHBYWDRTWGJfWGZxV3RUMDJENFRxQ3FvWjV2T0dwWUtR?oc=5\" target=\"_blank\" rel=\"nofollow noopener\">Feij\u00f3o explica por qu\u00e9 pide el despliegue del ej\u00e9rcito y Puente le responde que ya se hace<\/a>&nbsp;&nbsp;La Vanguardia<\/li>\n<li><a href=\"https:\/\/news.google.com\/rss\/articles\/CBMi6AFBVV95cUxQamlhWURsTjB2UW5WcldaVUh5UVJyRHg2OWpjUmNsR3NwTjdMQnRtaVBucU4xWlRnZDE4Mk96cVlxMVRZd1UyWUZhQzhNQl9TTjE3dldvcnlWSC1ndDZUejdBTGk0ZTVDUThrMjNZX09DMjNHRGtOOGZ3Y1kzSWpMMktYTmtyY1IyNkFwU3NtRE5GQ0dlejUyRk9Tdm9zUkgyeXBrLTExWVp6STA2azRPcmd0ZjRjVGdkY1BmNjZEYVZkQmtWMWNrY0NDNzcwQWRfelVEMDgxX29xd0dQcHByc0lONnh0LWU4?oc=5\" target=\"_blank\" rel=\"nofollow noopener\">Feijoo habla de \u00abcrisis nacional\u00bb y pide el Ej\u00e9rcito ante cuatro nuevos heridos<\/a>&nbsp;&nbsp;La Voz de Galicia<\/li>\n<\/ol>\n","protected":false},"excerpt":{"rendered":"\u00d3scar Puente responde a Feij\u00f3o como solo \u00e9l sabe sobre los incendios: \u00abPero a \u00e9l le da igual\u00bb&nbsp;&nbsp;El&hellip;\n","protected":false},"author":2,"featured_media":51847,"comment_status":"","ping_status":"","sticky":false,"template":"","format":"standard","meta":{"footnotes":""},"categories":[8],"tags":[6069,17,18,25,24,13,14,11,4342,19,20,9,10,15,16,2952,23,12,21,22],"class_list":{"0":"post-51846","1":"post","2":"type-post","3":"status-publish","4":"format-standard","5":"has-post-thumbnail","7":"category-espana","8":"tag-alberto-nunez-feijoo","9":"tag-breaking-news","10":"tag-breakingnews","11":"tag-es","12":"tag-espana","13":"tag-featured-news","14":"tag-featurednews","15":"tag-headlines","16":"tag-incendios","17":"tag-latest-news","18":"tag-latestnews","19":"tag-news","20":"tag-noticias","21":"tag-noticias-destacadas","22":"tag-noticiasdestacadas","23":"tag-oscar-puente","24":"tag-spain","25":"tag-titulares","26":"tag-ultimas-noticias","27":"tag-ultimasnoticias"},"share_on_mastodon":{"url":"","error":""},"_links":{"self":[{"href":"https:\/\/www.europesays.com\/es\/wp-json\/wp\/v2\/posts\/51846","targetHints":{"allow":["GET"]}}],"collection":[{"href":"https:\/\/www.europesays.com\/es\/wp-json\/wp\/v2\/posts"}],"about":[{"href":"https:\/\/www.europesays.com\/es\/wp-json\/wp\/v2\/types\/post"}],"author":[{"embeddable":true,"href":"https:\/\/www.europesays.com\/es\/wp-json\/wp\/v2\/users\/2"}],"replies":[{"embeddable":true,"href":"https:\/\/www.europesays.com\/es\/wp-json\/wp\/v2\/comments?post=51846"}],"version-history":[{"count":0,"href":"https:\/\/www.europesays.com\/es\/wp-json\/wp\/v2\/posts\/51846\/revisions"}],"wp:featuredmedia":[{"embeddable":true,"href":"https:\/\/www.europesays.com\/es\/wp-json\/wp\/v2\/media\/51847"}],"wp:attachment":[{"href":"https:\/\/www.europesays.com\/es\/wp-json\/wp\/v2\/media?parent=51846"}],"wp:term":[{"taxonomy":"category","embeddable":true,"href":"https:\/\/www.europesays.com\/es\/wp-json\/wp\/v2\/categories?post=51846"},{"taxonomy":"post_tag","embeddable":true,"href":"https:\/\/www.europesays.com\/es\/wp-json\/wp\/v2\/tags?post=51846"}],"curies":[{"name":"wp","href":"https:\/\/api.w.org\/{rel}","templated":true}]}}