{"id":51854,"date":"2025-08-16T17:29:07","date_gmt":"2025-08-16T17:29:07","guid":{"rendered":"https:\/\/www.europesays.com\/es\/51854\/"},"modified":"2025-08-16T17:29:07","modified_gmt":"2025-08-16T17:29:07","slug":"a-que-hora-es-el-ufc-319-tv-horario-como-y-donde-ver-el-du-plessis-vs-chimaev-en-directo-online","status":"publish","type":"post","link":"https:\/\/www.europesays.com\/es\/51854\/","title":{"rendered":"\u00bfA qu\u00e9 hora es el UFC 319? TV, horario, c\u00f3mo y d\u00f3nde ver el Du Plessis vs Chimaev en directo online"},"content":{"rendered":"<p class=\"\"><a href=\"https:\/\/as.com\/noticias\/dricus-du-plessis\/\" target=\"_blank\" rel=\"nofollow noopener\" title=\"https:\/\/as.com\/noticias\/dricus-du-plessis\/\">Dricus Du Plessis<\/a> regresar\u00e1 a la jaula por segunda vez en el a\u00f1o para protagonizar su <b>tercera defensa del cintur\u00f3n del peso medio<\/b> tras haber vencido a sus anteriores poseedores: <a href=\"https:\/\/as.com\/masdeporte\/polideportivo\/aleks-topuria-brilla-en-su-debut-y-doma-al-pupilo-de-volkanovski-n\/\" target=\"_self\" rel=\"nofollow noopener\" title=\"https:\/\/as.com\/masdeporte\/polideportivo\/aleks-topuria-brilla-en-su-debut-y-doma-al-pupilo-de-volkanovski-n\/\">Sean Strickland<\/a> e <a href=\"https:\/\/as.com\/masdeporte\/polideportivo\/du-plessis-somete-a-adesanya-he-cometido-un-error-volvere-n\/\" target=\"_self\" rel=\"nofollow noopener\" title=\"https:\/\/as.com\/masdeporte\/polideportivo\/du-plessis-somete-a-adesanya-he-cometido-un-error-volvere-n\/\">Israel Adesanya<\/a>. Por su parte, <b>Khamzat Chimaev<\/b>, que volver\u00e1 a competir tras su \u00faltima victoria contra <a href=\"https:\/\/as.com\/us\/masdeporte\/derrames-y-una-boca-aplastada-los-estragos-de-la-mayor-bestia-de-la-ufc-n\/\" target=\"_self\" rel=\"nofollow noopener\" title=\"https:\/\/as.com\/us\/masdeporte\/derrames-y-una-boca-aplastada-los-estragos-de-la-mayor-bestia-de-la-ufc-n\/\">Whittaker protagonizada hace casi un a\u00f1o en UFC 308<\/a>, buscar\u00e1 consagrarse como nuevo campe\u00f3n de la divisi\u00f3n y continuar alargando su invicto; incluso siendo el primer paso para <a href=\"https:\/\/as.com\/masdeporte\/polideportivo\/chimaev-quiere-ser-triple-campeon-n\/\" target=\"_self\" rel=\"nofollow noopener\" title=\"https:\/\/as.com\/masdeporte\/polideportivo\/chimaev-quiere-ser-triple-campeon-n\/\">alcanzar una triple corona<\/a>.<\/p>\n<p>Horario: \u00bfA qu\u00e9 hora empieza el combate entre Dricus Du Plesis y Khamzat Chimaev del UFC 319?<\/p>\n<p class=\"\">El <b>UFC 319 se disputa el s\u00e1bado 16 de agosto de 2025 en el United Center de Chicago<\/b>, <b>Illinois<\/b>, <b>Estados Unidos<\/b>, desde las <b>18:00 horas<\/b> (hora local). La segunda ronda de preliminares se iniciar\u00e1 a las<b> 20:00 horas<\/b> (hora local) y la cartelera estelar arrancar\u00e1, seg\u00fan la previsi\u00f3n, a las<b> 22:00 horas<\/b> (hora local).<\/p>\n<p class=\"\"><b>Espa\u00f1a: <\/b>00:00\/02:00\/04:00 horas.<\/p>\n<p class=\"\"><b>Estados Unidos: <\/b>18:00\/20:00\/22:00 horas (ET) \/ 15:00\/17:00\/19:00 horas (PT).<\/p>\n<p class=\"\"><b>Australia: <\/b>18:00\/20:00\/22:00 horas.<\/p>\n<p class=\"\"><b>M\u00e9xico: <\/b>17:00\/19:00\/21:00 horas (CT).<\/p>\n<p class=\"\"><b>Chile:<\/b> 18:00\/20:00\/22:00 horas.<\/p>\n<p class=\"\"><b>Colombia:<\/b> 17:00\/19:00\/21:00 horas.<\/p>\n<p class=\"\"><b>Argentina:<\/b> 19:00\/21:00\/23:00 horas.<\/p>\n<p class=\"\"><b>Per\u00fa:<\/b> 17:00\/19:00\/21:00 horas.<\/p>\n<p class=\"\">*Orden de horarios: Primeros Preliminares, Preliminares y cartelera estelar.<\/p>\n<p>Televisi\u00f3n: \u00bfEn qu\u00e9 canal de TV ver el UFC 319: Du Plessis vs Chimaev?Noticias relacionadas<\/p>\n<p class=\"\">El <b>UFC 319<\/b> se podr\u00e1 seguir a trav\u00e9s de televisi\u00f3n y de las diversas aplicaciones en los siguientes tramos:<\/p>\n<p>Cartelera estelar<\/p>\n<ul>\n<li>PPV (Estados Unidos a trav\u00e9s de ESPN+)<\/li>\n<li>Eurosport (Espa\u00f1a) *A trav\u00e9s de Max, que requiere suscripci\u00f3n. No se puede ver a trav\u00e9s de los canales de Eurosport, en Movistar ni DAZN.<\/li>\n<li>ESPN+ y Disney+ (M\u00e9xico y Argentina).<\/li>\n<li>ESPN (Latinoam\u00e9rica, salvo M\u00e9xico y Argentina).<\/li>\n<\/ul>\n<p>Preliminares<\/p>\n<ul>\n<li>PPV (Estados Unidos a trav\u00e9s de ESPN+).<\/li>\n<li>Max (Espa\u00f1a).<\/li>\n<li>Fox Sports y Disney+ (M\u00e9xico y Argentina).<\/li>\n<li>UFC Fight Pass (Latinoam\u00e9rica).<\/li>\n<\/ul>\n<p>Cartelera del UFC 319: Dricus Du Plesis vs Khamzat ChimaevCartelera estelar del UFC 319<\/p>\n<ul>\n<li>Dricus Du Plessis vs Khamzat Chimaev:\u00a0<b>t\u00edtulo del peso medio de la UFC.<\/b><\/li>\n<li>Lerone Murphy vs Aaron Pico: <b>peso pluma.<\/b><\/li>\n<li>Geoff Neal<b>\u00a0<\/b>vs Carlos Prates:\u00a0<b>peso welter.<\/b><\/li>\n<li>Jared Cannonier vs Michael Page:\u00a0<b>peso medio.<\/b><\/li>\n<li>Tim Elliott vs Kai Asakura:\u00a0<b>peso mosca.<\/b><\/li>\n<\/ul>\n<p>Cartelera primeros preliminares del UFC 319<\/p>\n<ul>\n<li>Bobby Green vs Diego Ferreira:\u00a0<b>peso ligero.<\/b><\/li>\n<li>Gerald Meerschaert vs Michal Oleksiejczuk:\u00a0<b>peso medio.<\/b><\/li>\n<li>Jessica Andrade vs Loopy God\u00ednez:\u00a0<b>peso paja.<\/b><\/li>\n<li>Chase Hooper vs Alexander Hernandez:\u00a0<b>peso ligero.<\/b><\/li>\n<\/ul>\n<p>Cartelera primeros preliminares del UFC 319<\/p>\n<ul>\n<li>Edson Barboza vs Drakkar Klose:\u00a0<b>peso ligero.<\/b><\/li>\n<li>Bryan Battle vs Nursulton Ruziboev:\u00a0<b>peso medio.<\/b><\/li>\n<li>Karine Silva<b>\u00a0<\/b>vs: JJ Aldrich:\u00a0<b>peso mosca<\/b><\/li>\n<\/ul>\n<p class=\"\"><b>\u00a1Tus opiniones importan!<\/b> Comenta en los art\u00edculos y suscr\u00edbete gratis a nuestra <a href=\"https:\/\/asfan.as.com\/newsletters\/\" target=\"_blank\" rel=\"nofollow noopener\" title=\"https:\/\/asfan.as.com\/newsletters\/\">newsletter<\/a> y a las alertas informativas en la <a href=\"https:\/\/as.com\/aplicacion-de-as-n\/\" target=\"_blank\" rel=\"nofollow noopener\" title=\"https:\/\/as.com\/aplicacion-de-as-n\/\">App<\/a> o el canal de <a href=\"https:\/\/www.whatsapp.com\/channel\/0029VaAasdA7j6g745nz9M10\" target=\"_blank\" rel=\"nofollow noopener\" title=\"https:\/\/www.whatsapp.com\/channel\/0029VaAasdA7j6g745nz9M10\">WhatsApp<\/a>. \u00bfBuscas licenciar contenido? Haz clic <a href=\"https:\/\/profesional.elpais.com\/soluciones-sindicacion?utm_medium=interno&amp;utm_source=crosslinking&amp;utm_campaign=sindicacion_as_pie_articulos\" target=\"_blank\" rel=\"nofollow noopener\" title=\"https:\/\/profesional.elpais.com\/soluciones-sindicacion?utm_medium=interno&amp;utm_source=crosslinking&amp;utm_campaign=sindicacion_as_pie_articulos\">aqu\u00ed<\/a><\/p>\n","protected":false},"excerpt":{"rendered":"Dricus Du Plessis regresar\u00e1 a la jaula por segunda vez en el a\u00f1o para protagonizar su tercera defensa&hellip;\n","protected":false},"author":2,"featured_media":51855,"comment_status":"","ping_status":"","sticky":false,"template":"","format":"standard","meta":{"footnotes":""},"categories":[276],"tags":[168,25,24,23,167,343],"class_list":{"0":"post-51854","1":"post","2":"type-post","3":"status-publish","4":"format-standard","5":"has-post-thumbnail","7":"category-ufc","8":"tag-deportes","9":"tag-es","10":"tag-espana","11":"tag-spain","12":"tag-sports","13":"tag-ufc"},"share_on_mastodon":{"url":"","error":""},"_links":{"self":[{"href":"https:\/\/www.europesays.com\/es\/wp-json\/wp\/v2\/posts\/51854","targetHints":{"allow":["GET"]}}],"collection":[{"href":"https:\/\/www.europesays.com\/es\/wp-json\/wp\/v2\/posts"}],"about":[{"href":"https:\/\/www.europesays.com\/es\/wp-json\/wp\/v2\/types\/post"}],"author":[{"embeddable":true,"href":"https:\/\/www.europesays.com\/es\/wp-json\/wp\/v2\/users\/2"}],"replies":[{"embeddable":true,"href":"https:\/\/www.europesays.com\/es\/wp-json\/wp\/v2\/comments?post=51854"}],"version-history":[{"count":0,"href":"https:\/\/www.europesays.com\/es\/wp-json\/wp\/v2\/posts\/51854\/revisions"}],"wp:featuredmedia":[{"embeddable":true,"href":"https:\/\/www.europesays.com\/es\/wp-json\/wp\/v2\/media\/51855"}],"wp:attachment":[{"href":"https:\/\/www.europesays.com\/es\/wp-json\/wp\/v2\/media?parent=51854"}],"wp:term":[{"taxonomy":"category","embeddable":true,"href":"https:\/\/www.europesays.com\/es\/wp-json\/wp\/v2\/categories?post=51854"},{"taxonomy":"post_tag","embeddable":true,"href":"https:\/\/www.europesays.com\/es\/wp-json\/wp\/v2\/tags?post=51854"}],"curies":[{"name":"wp","href":"https:\/\/api.w.org\/{rel}","templated":true}]}}