{"id":51856,"date":"2025-08-16T17:32:09","date_gmt":"2025-08-16T17:32:09","guid":{"rendered":"https:\/\/www.europesays.com\/es\/51856\/"},"modified":"2025-08-16T17:32:09","modified_gmt":"2025-08-16T17:32:09","slug":"llego-el-final-nino-schurter-anuncia-su-retirada","status":"publish","type":"post","link":"https:\/\/www.europesays.com\/es\/51856\/","title":{"rendered":"Lleg\u00f3 el final, Nino Schurter anuncia su retirada"},"content":{"rendered":"<p>Nino Schurter, el campe\u00f3n m\u00e1s laureado de la historia del MTB, ha anunciado su retirada. El suizo pondr\u00e1 fin a su carrera este 2025, despidi\u00e9ndose en el Mundial de Crans-Montana y en la Copa del Mundo de Lenzerheide, ante su p\u00fablico.<\/p>\n<blockquote class=\"quote-card lateral\">\n<p>Se confirma los rumores, esta ser\u00e1 su \u00faltima temporada<\/p>\n<\/blockquote>\n<p>Nino Schurter ha confirmado oficialmente lo que parec\u00eda inevitable: 2025 ser\u00e1 su \u00faltima temporada en la \u00e9lite del MTB. El suizo, leyenda indiscutible del XCO, comunic\u00f3 su decisi\u00f3n a trav\u00e9s de un emotivo v\u00eddeo en el que repas\u00f3 su trayectoria, agradeci\u00f3 a la comunidad ciclista su apoyo y desvel\u00f3 que disputar\u00e1 sus dos \u00faltimas grandes citas en casa: el Campeonato del Mundo de Crans Montana y la Copa del Mundo de Lenzerheide.<\/p>\n<p>\t Contin\u00faa tras los patrocinadores<\/p>\n<p>Dos d\u00e9cadas de entrega absoluta<\/p>\n<blockquote class=\"quote-card lateral\">\n<p>\u00abDurante m\u00e1s de veinte a\u00f1os he entregado mi cuerpo, mi mente y mi alma al mountain bike\u00bb<\/p>\n<\/blockquote>\n<p>\u201cDurante m\u00e1s de veinte a\u00f1os he entregado mi cuerpo, mi mente y mi alma al mountain bike\u201d, comenz\u00f3 Schurter en su mensaje de despedida. Desde que en 2003, siendo apenas un adolescente, conquist\u00f3 su primera medalla internacional en Lugano, ha vivido una carrera marcada por la constancia, la ambici\u00f3n y la capacidad de reinventarse temporada tras temporada.<\/p>\n<p>El propio Nino recordaba: \u201cEs un deporte hermoso, pero tambi\u00e9n brutal al m\u00e1s alto nivel. Aqu\u00ed no hay pasajeros: o compites para ganar o est\u00e1s fuera\u201d. Una filosof\u00eda que ha guiado a un corredor que nunca acept\u00f3 un papel secundario.<\/p>\n<p><a href=\"https:\/\/esmtb.com\/wp-content\/uploads\/2025\/08\/nin1.jpg\" rel=\"nofollow noopener\" target=\"_blank\"><img fetchpriority=\"high\" decoding=\"async\" class=\"size-large wp-image-154536 \" src=\"https:\/\/www.europesays.com\/es\/wp-content\/uploads\/2025\/08\/nin1-1024x678.jpg\" alt=\"\" width=\"1024\" height=\"678\"  \/><\/a><\/p>\n<p class=\"wp-caption-text\">Nino Schurter<\/p>\n<p>El palmar\u00e9s m\u00e1s impresionante del XCO<\/p>\n<blockquote class=\"quote-card lateral\">\n<p>Un palmares dif\u00edcil de igualar y un pionero en muchos aspectos t\u00e9cnicos<\/p>\n<\/blockquote>\n<p>Schurter deja tras de s\u00ed un legado casi imposible de igualar. Entre sus logros m\u00e1s destacados figuran:<\/p>\n<ul>\n<li><a href=\"https:\/\/esmtb.com\/las-10-bicis-scott-campeonas-del-mundo-con-nino-schurter\/\" target=\"_blank\" rel=\"noopener nofollow\"><strong>10 t\u00edtulos de Campe\u00f3n del Mundo de XCO<\/strong> <\/a>(2009, 2012, 2013, 2015, 2016, 2017, 2018, 2019, 2021 y 2022).<\/li>\n<li><strong>1 oro ol\u00edmpico<\/strong> (R\u00edo 2016), adem\u00e1s de la plata en Londres 2012 y el bronce en Pek\u00edn 2008.<\/li>\n<li><strong>8 generales de la Copa del Mundo<\/strong> de XCO.<\/li>\n<li><a href=\"https:\/\/esmtb.com\/35-victorias-nino-schurter-copa-mundo\/\" target=\"_blank\" rel=\"noopener nofollow\"><strong>36 victorias en pruebas de la Copa del Mundo<\/strong><\/a>, r\u00e9cord absoluto.<\/li>\n<li>T\u00edtulos de campe\u00f3n nacional, Cape Epic, campe\u00f3n de Europa\u2026<\/li>\n<\/ul>\n<p>A estos n\u00fameros se suma su condici\u00f3n de referente t\u00e9cnico: fue pionero en apostar por dobles suspensiones de 120 mm, en incorporar los grupos electr\u00f3nicos al m\u00e1s alto nivel o <a href=\"https:\/\/esmtb.com\/nino-schurter-scott-sram-neumaticos-de-24-wt\/\" target=\"_blank\" rel=\"noopener nofollow\">en usar cubiertas de 2,4\u2033<\/a>. Su estilo agresivo en los circuitos m\u00e1s explosivos y su capacidad para decidir al sprint lo convirtieron en el corredor m\u00e1s completo de su generaci\u00f3n.<\/p>\n<p><a href=\"https:\/\/esmtb.com\/wp-content\/uploads\/2025\/08\/asd.jpg\" rel=\"nofollow noopener\" target=\"_blank\"><img loading=\"lazy\" decoding=\"async\" class=\"size-large wp-image-154534 \" src=\"https:\/\/www.europesays.com\/es\/wp-content\/uploads\/2025\/08\/asd-1024x683.jpg\" alt=\"\" width=\"1024\" height=\"683\"  \/><\/a><\/p>\n<p class=\"wp-caption-text\">Nino Schurter y Julien Absalon<\/p>\n<p>Una despedida en casa<\/p>\n<blockquote class=\"quote-card lateral\">\n<p>Crans-Montana y Lenzerheide ser\u00e1n sus dos \u00faltimas carreras<\/p>\n<\/blockquote>\n<p>El suizo no pod\u00eda imaginar un mejor escenario para decir adi\u00f3s: \u201cCrans-Montana ser\u00e1 mi \u00faltimo Mundial de XCO y Lenzerheide, mi carrera favorita, ser\u00e1 mi \u00faltima Copa del Mundo\u201d. Dos citas en suelo helv\u00e9tico que simbolizan un cierre de c\u00edrculo perfecto: retirarse frente a una afici\u00f3n que siempre lo ha acompa\u00f1ado y en los escenarios donde escribi\u00f3 algunas de sus mayores gestas.<\/p>\n<p>\u201cNo pod\u00eda haberlo guionizado mejor. Quiero agradecer a todos, compa\u00f1eros, rivales, aficionados y a toda la comunidad del mountain bike. Vosotros hab\u00e9is sido la raz\u00f3n por la que empuj\u00e9 m\u00e1s fuerte, la magia detr\u00e1s de cada medalla\u201d, afirm\u00f3 visiblemente emocionado.<\/p>\n<p><a href=\"https:\/\/esmtb.com\/wp-content\/uploads\/2025\/08\/ninas1.jpg\" rel=\"nofollow noopener\" target=\"_blank\"><img loading=\"lazy\" decoding=\"async\" class=\"size-large wp-image-154532 \" src=\"https:\/\/www.europesays.com\/es\/wp-content\/uploads\/2025\/08\/ninas1-1024x683.jpg\" alt=\"\" width=\"1024\" height=\"683\"  \/><\/a><\/p>\n<p class=\"wp-caption-text\">Nino Schurter en Lenzerheide<\/p>\n<p>Un referente m\u00e1s all\u00e1 de las victorias<\/p>\n<blockquote class=\"quote-card lateral\">\n<p>Ha peleado (y ganado) a varias generaciones de bikers<\/p>\n<\/blockquote>\n<p>El legado de Nino Schurter trasciende lo puramente deportivo. Fue el corredor que llev\u00f3 el XCO a una dimensi\u00f3n global, contribuyendo a que la disciplina creciera en repercusi\u00f3n medi\u00e1tica y en inter\u00e9s comercial. Su fidelidad a Scott-SRAM a lo largo de toda su carrera lo convirti\u00f3 en el emblema de la marca, y su figura fue clave en la profesionalizaci\u00f3n del MTB moderno.<\/p>\n<p>Para toda una generaci\u00f3n de corredores, Nino ha sido el modelo a seguir: un ejemplo de longevidad deportiva, disciplina, innovaci\u00f3n y ambici\u00f3n. Sus duelos con Julien Absalon en la primera parte de su carrera o con Mathieu van der Poel y Tom Pidcock en los \u00faltimos a\u00f1os son parte de la historia viva del ciclismo.<\/p>\n<p><a href=\"https:\/\/esmtb.com\/wp-content\/uploads\/2025\/08\/nin12.jpg\" rel=\"nofollow noopener\" target=\"_blank\"><img loading=\"lazy\" decoding=\"async\" class=\"size-large wp-image-154535 \" src=\"https:\/\/www.europesays.com\/es\/wp-content\/uploads\/2025\/08\/nin12-1024x683.jpg\" alt=\"\" width=\"1024\" height=\"683\"  \/><\/a><\/p>\n<p class=\"wp-caption-text\">Nino Schurter<\/p>\n<p>Lo que viene despu\u00e9s<\/p>\n<blockquote class=\"quote-card lateral\">\n<p>\u201cVoy a darlo todo una \u00faltima vez. Nos vemos all\u00ed. Hagamos que sea legendario\u201d<\/p>\n<\/blockquote>\n<p>Aunque se despide de la \u00e9lite, Nino aclar\u00f3 que no desaparecer\u00e1: \u201cSeguir\u00e9 montando, incluso compitiendo, pero no entre las cintas de la Copa del Mundo. Estoy deseando compartir pronto nuevos proyectos\u201d. Todo apunta a que seguir\u00e1 ligado al Scott-SRAM como mentor de j\u00f3venes talentos y como embajador del MTB, adem\u00e1s de participar en proyectos personales relacionados con el desarrollo de material y la promoci\u00f3n del deporte.<\/p>\n<p>El \u00faltimo baile<\/p>\n<p>Antes de colgar definitivamente el dorsal de XCO, Schurter afronta dos grandes retos: el Mundial de Crans-Montana y la Copa del Mundo de Lenzerheide. \u201cVoy a darlo todo una \u00faltima vez. Nos vemos all\u00ed. Hagamos que sea legendario\u201d, concluy\u00f3.<\/p>\n<p>El mundo del MTB se prepara as\u00ed para rendir homenaje a un campe\u00f3n eterno, un corredor que redefini\u00f3 los l\u00edmites del XCO y cuyo nombre quedar\u00e1 inscrito para siempre como el m\u00e1s grande de todos los tiempos.<\/p>\n","protected":false},"excerpt":{"rendered":"Nino Schurter, el campe\u00f3n m\u00e1s laureado de la historia del MTB, ha anunciado su retirada. El suizo pondr\u00e1&hellip;\n","protected":false},"author":2,"featured_media":51857,"comment_status":"","ping_status":"","sticky":false,"template":"","format":"standard","meta":{"footnotes":""},"categories":[273],"tags":[313,312,168,25,24,22912,23,167],"class_list":{"0":"post-51856","1":"post","2":"type-post","3":"status-publish","4":"format-standard","5":"has-post-thumbnail","7":"category-ciclismo","8":"tag-ciclismo","9":"tag-cycling","10":"tag-deportes","11":"tag-es","12":"tag-espana","13":"tag-nino-schurter","14":"tag-spain","15":"tag-sports"},"share_on_mastodon":{"url":"","error":""},"_links":{"self":[{"href":"https:\/\/www.europesays.com\/es\/wp-json\/wp\/v2\/posts\/51856","targetHints":{"allow":["GET"]}}],"collection":[{"href":"https:\/\/www.europesays.com\/es\/wp-json\/wp\/v2\/posts"}],"about":[{"href":"https:\/\/www.europesays.com\/es\/wp-json\/wp\/v2\/types\/post"}],"author":[{"embeddable":true,"href":"https:\/\/www.europesays.com\/es\/wp-json\/wp\/v2\/users\/2"}],"replies":[{"embeddable":true,"href":"https:\/\/www.europesays.com\/es\/wp-json\/wp\/v2\/comments?post=51856"}],"version-history":[{"count":0,"href":"https:\/\/www.europesays.com\/es\/wp-json\/wp\/v2\/posts\/51856\/revisions"}],"wp:featuredmedia":[{"embeddable":true,"href":"https:\/\/www.europesays.com\/es\/wp-json\/wp\/v2\/media\/51857"}],"wp:attachment":[{"href":"https:\/\/www.europesays.com\/es\/wp-json\/wp\/v2\/media?parent=51856"}],"wp:term":[{"taxonomy":"category","embeddable":true,"href":"https:\/\/www.europesays.com\/es\/wp-json\/wp\/v2\/categories?post=51856"},{"taxonomy":"post_tag","embeddable":true,"href":"https:\/\/www.europesays.com\/es\/wp-json\/wp\/v2\/tags?post=51856"}],"curies":[{"name":"wp","href":"https:\/\/api.w.org\/{rel}","templated":true}]}}