{"id":51862,"date":"2025-08-16T17:35:07","date_gmt":"2025-08-16T17:35:07","guid":{"rendered":"https:\/\/www.europesays.com\/es\/51862\/"},"modified":"2025-08-16T17:35:07","modified_gmt":"2025-08-16T17:35:07","slug":"st-juste-camino-de-pamplona","status":"publish","type":"post","link":"https:\/\/www.europesays.com\/es\/51862\/","title":{"rendered":"St. Juste, camino de Pamplona"},"content":{"rendered":"<p>\n<strong>Jeremiah St. Juste<\/strong>, el objetivo de Osasuna para reforzar la defensa, est\u00e1 camino de Pamplona, seg\u00fan ha podido saber este medio. El central neerland\u00e9s ha salido este s\u00e1bado a mediod\u00eda de Lisboa para tomar un vuelo rumbo a Bilbao, donde aguarda su hermano y agente. Desde all\u00ed se desplazar\u00e1n a Pamplona.<strong> Se espera que el acuerdo se cierre en las pr\u00f3ximas horas<\/strong> ya que no est\u00e1 firmado, pero el propio viaje a la capital navarro indica que la incorporaci\u00f3n est\u00e1 cerca.\u00a0<\/p>\n<p>Osasuna ha pedido permiso al Sporting Clube de Portugal, entidad con la que el jugador tiene contrato hasta 2026.<strong> El acuerdo entre los dos clubes es total <\/strong>y la cifra se traspaso que se pagar\u00e1 ser\u00e1 bastante inferior a los 4 millones de euros de los que se ha hablado estos d\u00edas en la prensa lusa. Alessio Lisci quer\u00eda un defensor dotado de velocidad por el estilo que quiere exponer esta temporada y con St.Juste podr\u00e1 cumplir su deseo si el fichaje termina de cerrarse.<\/p>\n","protected":false},"excerpt":{"rendered":"Jeremiah St. Juste, el objetivo de Osasuna para reforzar la defensa, est\u00e1 camino de Pamplona, seg\u00fan ha podido&hellip;\n","protected":false},"author":2,"featured_media":51863,"comment_status":"","ping_status":"","sticky":false,"template":"","format":"standard","meta":{"footnotes":""},"categories":[268],"tags":[5141,168,25,24,280,282,22003,1358,281,23,167,22002],"class_list":{"0":"post-51862","1":"post","2":"type-post","3":"status-publish","4":"format-standard","5":"has-post-thumbnail","7":"category-futbol","8":"tag-camino","9":"tag-deportes","10":"tag-es","11":"tag-espana","12":"tag-football","13":"tag-futbol","14":"tag-juste","15":"tag-pamplona","16":"tag-soccer","17":"tag-spain","18":"tag-sports","19":"tag-st"},"share_on_mastodon":{"url":"","error":""},"_links":{"self":[{"href":"https:\/\/www.europesays.com\/es\/wp-json\/wp\/v2\/posts\/51862","targetHints":{"allow":["GET"]}}],"collection":[{"href":"https:\/\/www.europesays.com\/es\/wp-json\/wp\/v2\/posts"}],"about":[{"href":"https:\/\/www.europesays.com\/es\/wp-json\/wp\/v2\/types\/post"}],"author":[{"embeddable":true,"href":"https:\/\/www.europesays.com\/es\/wp-json\/wp\/v2\/users\/2"}],"replies":[{"embeddable":true,"href":"https:\/\/www.europesays.com\/es\/wp-json\/wp\/v2\/comments?post=51862"}],"version-history":[{"count":0,"href":"https:\/\/www.europesays.com\/es\/wp-json\/wp\/v2\/posts\/51862\/revisions"}],"wp:featuredmedia":[{"embeddable":true,"href":"https:\/\/www.europesays.com\/es\/wp-json\/wp\/v2\/media\/51863"}],"wp:attachment":[{"href":"https:\/\/www.europesays.com\/es\/wp-json\/wp\/v2\/media?parent=51862"}],"wp:term":[{"taxonomy":"category","embeddable":true,"href":"https:\/\/www.europesays.com\/es\/wp-json\/wp\/v2\/categories?post=51862"},{"taxonomy":"post_tag","embeddable":true,"href":"https:\/\/www.europesays.com\/es\/wp-json\/wp\/v2\/tags?post=51862"}],"curies":[{"name":"wp","href":"https:\/\/api.w.org\/{rel}","templated":true}]}}