{"id":51866,"date":"2025-08-16T17:37:15","date_gmt":"2025-08-16T17:37:15","guid":{"rendered":"https:\/\/www.europesays.com\/es\/51866\/"},"modified":"2025-08-16T17:37:15","modified_gmt":"2025-08-16T17:37:15","slug":"esta-casa-de-160-m2-de-estilo-moderno-y-minimalista-se-distribuye-gracias-a-un-gran-mueble-de-madera-y-a-una-cocina-semiabierta","status":"publish","type":"post","link":"https:\/\/www.europesays.com\/es\/51866\/","title":{"rendered":"Esta casa de 160 m2 de estilo moderno y minimalista se distribuye gracias a un gran mueble de madera y a una cocina semiabierta"},"content":{"rendered":"<p data-journey-content=\"true\" data-node-id=\"1\" class=\"body-dropcap css-1y867pe emevuu60\">Esposizione Universale Roma, tambi\u00e9n conocido como EUR, es un barrio racionalista de Roma al suroeste de la ciudad. All\u00ed se encuentra esta casa de 160 metros cuadrados renovada completamente por el estudio de <strong data-node-id=\"1.1\">Maria Adele Savioli,<\/strong> una residencia contempor\u00e1nea y minimalista que realza sus elementos arquitect\u00f3nicos originales de hormig\u00f3n y madera y en la que un mueble de madera central se encarga de distribuirlo todo. <\/p>\n<p data-journey-content=\"true\" data-node-id=\"2\" class=\"css-i9p093 emevuu60\">Seg\u00fan explican desde el propio estudio de Maria Adele Savioli, la reforma de la vivienda, bautizada como <strong data-node-id=\"2.1\">Casa Viale della Tecnica,<\/strong> toma como inspiraci\u00f3n la estructura original de la propiedad con suelo veneciano y paredes de hormig\u00f3n visto. \u201cLa intervenci\u00f3n reconfigura los espacios, enfatizando la continuidad entre el interior y el exterior mediante nuevas aberturas y una distribuci\u00f3n fluida, donde la sala de estar se extiende hasta la terraza que rodea la vivienda\u201d, resaltan. <\/p>\n<p><img draggable=\"true\" alt=\"casa en roma\" title=\"casa en roma\" loading=\"lazy\" width=\"6710\" height=\"4473\" decoding=\"async\" data-nimg=\"1\" style=\"color:transparent;width:100%;height:auto;\"   src=\"https:\/\/www.europesays.com\/es\/wp-content\/uploads\/2025\/08\/sev-0458-hdr-689b007bde3e5.jpg\" class=\"css-0 e1g79fud0\"\/><\/p>\n<p>Eller Studio<\/p>\n<p><img draggable=\"true\" alt=\"casa en roma\" title=\"casa en roma\" loading=\"lazy\" width=\"6720\" height=\"4480\" decoding=\"async\" data-nimg=\"1\" style=\"color:transparent;width:100%;height:auto;\"   src=\"https:\/\/www.europesays.com\/es\/wp-content\/uploads\/2025\/08\/sev-0253-689b0099e6dab.jpg\" class=\"css-0 e1g79fud0\"\/><\/p>\n<p>Eller Studio<\/p>\n<p><img draggable=\"true\" alt=\"casa en roma\" title=\"casa en roma\" loading=\"lazy\" width=\"6710\" height=\"4473\" decoding=\"async\" data-nimg=\"1\" style=\"color:transparent;width:100%;height:auto;\"   src=\"https:\/\/www.europesays.com\/es\/wp-content\/uploads\/2025\/08\/sev-0155-hdr-689b0096ce41b.jpg\" class=\"css-0 e1g79fud0\"\/><\/p>\n<p>Eller Studio<\/p>\n<p><img draggable=\"true\" alt=\"casa en roma\" title=\"casa en roma\" loading=\"lazy\" width=\"6720\" height=\"4480\" decoding=\"async\" data-nimg=\"1\" style=\"color:transparent;width:100%;height:auto;\"   src=\"https:\/\/www.europesays.com\/es\/wp-content\/uploads\/2025\/08\/sev-0313-689b008866098.jpg\" class=\"css-0 e1g79fud0\"\/><\/p>\n<p>Eller Studio<\/p>\n<p data-journey-content=\"true\" data-node-id=\"7\" class=\"css-i9p093 emevuu60\">La sala de estar se ha dise\u00f1ado como un espacio integrado en el que las vigas vistas del techo  definen los per\u00edmetros visuales de la planta. Adem\u00e1s, los espacios se vuelven permeables gracias a <strong data-node-id=\"7.1\">un sistema de mamparas acristaladas<\/strong> que separa la cocina de la entrada pero deja entrar la luz. \u201cEn la cocina, los materiales naturales y refinados interact\u00faan en armon\u00eda con acero, aluminio cepillado y madera\u201d, resaltan desde el estudio. La cocina, de acero y aluminio cepillado, se fusiona con la calidez de la utilizada para crear el gran volumen de mobiliario que divide la sala de estar de la zona de dormir.<\/p>\n<p data-journey-content=\"true\" data-node-id=\"9\" class=\"css-i9p093 emevuu60\">Uno de los elementos que definen el proyecto es <strong data-node-id=\"9.1\">un mueble que divide la sala de estar<\/strong> de la zona de dormir hecho de madera de okoum\u00e9. Este volumen arquitect\u00f3nico incorpora armarios, una librer\u00eda y un estudio, a la vez que oculta discretamente el acceso a la zona de dormir. Una vez que lo atravesamos, se accede a un pasillo azul p\u00e1lido que conduce a las zonas m\u00e1s privadas de la casa.<\/p>\n<p><img draggable=\"true\" alt=\"casa en roma\" title=\"casa en roma\" loading=\"lazy\" width=\"4467\" height=\"6700\" decoding=\"async\" data-nimg=\"1\" style=\"color:transparent;width:100%;height:auto;\"   src=\"https:\/\/www.europesays.com\/es\/wp-content\/uploads\/2025\/08\/sev-0040-hdr-689b009290c52.jpg\" class=\"css-0 e1g79fud0\"\/><\/p>\n<p>Eller Studio<\/p>\n<p><img draggable=\"true\" alt=\"casa en roma\" title=\"casa en roma\" loading=\"lazy\" width=\"4480\" height=\"6720\" decoding=\"async\" data-nimg=\"1\" style=\"color:transparent;width:100%;height:auto;\"   src=\"https:\/\/www.europesays.com\/es\/wp-content\/uploads\/2025\/08\/sev-0273-689b008b9743b.jpg\" class=\"css-0 e1g79fud0\"\/><\/p>\n<p>Eller Studio<\/p>\n<p><img draggable=\"true\" alt=\"casa en roma\" title=\"casa en roma\" loading=\"lazy\" width=\"4473\" height=\"6710\" decoding=\"async\" data-nimg=\"1\" style=\"color:transparent;width:100%;height:auto;\"   src=\"https:\/\/www.europesays.com\/es\/wp-content\/uploads\/2025\/08\/sev-0097-hdr-689b007e56a2e.jpg\" class=\"css-0 e1g79fud0\"\/><\/p>\n<p>Eller Studio<\/p>\n<p><img draggable=\"true\" alt=\"casa en roma\" title=\"casa en roma\" loading=\"lazy\" width=\"4480\" height=\"6720\" decoding=\"async\" data-nimg=\"1\" style=\"color:transparent;width:100%;height:auto;\"   src=\"https:\/\/www.europesays.com\/es\/wp-content\/uploads\/2025\/08\/sev-0022-689b00ab387f6.jpg\" class=\"css-0 e1g79fud0\"\/><\/p>\n<p>Eller Studio<\/p>\n<p><img draggable=\"true\" alt=\"casa en roma\" title=\"casa en roma\" loading=\"lazy\" width=\"4473\" height=\"6710\" decoding=\"async\" data-nimg=\"1\" style=\"color:transparent;width:100%;height:auto;\"   src=\"https:\/\/www.europesays.com\/es\/wp-content\/uploads\/2025\/08\/sev-0518-hdr-689b0071384fd.jpg\" class=\"css-0 e1g79fud0\"\/><\/p>\n<p>Eller Studio<\/p>\n<p><img draggable=\"true\" alt=\"casa en roma\" title=\"casa en roma\" loading=\"lazy\" width=\"4471\" height=\"6707\" decoding=\"async\" data-nimg=\"1\" style=\"color:transparent;width:100%;height:auto;\"   src=\"https:\/\/www.europesays.com\/es\/wp-content\/uploads\/2025\/08\/sev-0488-hdr-689b00767f671.jpg\" class=\"css-0 e1g79fud0\"\/><\/p>\n<p>Eller Studio<\/p>\n<p data-journey-content=\"true\" data-node-id=\"16\" class=\"css-i9p093 emevuu60\">En cuanto al mobiliario de la casa, todos los muebles empotrados y las puertas est\u00e1n dise\u00f1ados a medida y fabricados artesanalmente. Adem\u00e1s, <strong data-node-id=\"16.1\">hay piezas de marcas como Flos, Magis o Tacchini<\/strong>  y dise\u00f1adas por Maria Adelem, que firma obras como la singular mesa del sal\u00f3n hecha con una mezcla de arena, cemento y agua con detalles de aluminio cepillado. \u201cCasa Viale della Tecnica es una interacci\u00f3n cuidadosamente equilibrada de elementos estructurales y detalles a medida, donde cada componente, visible u oculto, contribuye a la creaci\u00f3n de <strong data-node-id=\"16.3\">un interior aut\u00e9ntico y refinado<\/strong>\u201d, concluye la arquitecta. <\/p>\n<p><img draggable=\"true\" alt=\"casa en roma\" title=\"casa en roma\" loading=\"lazy\" width=\"6710\" height=\"4473\" decoding=\"async\" data-nimg=\"1\" style=\"color:transparent;width:100%;height:auto;\"   src=\"https:\/\/www.europesays.com\/es\/wp-content\/uploads\/2025\/08\/sev-0643-hdr-689b007144e9a.jpg\" class=\"css-0 e1g79fud0\"\/><\/p>\n<p>Eller Studio<\/p>\n<p><img draggable=\"true\" alt=\"casa en roma\" title=\"casa en roma\" loading=\"lazy\" width=\"4480\" height=\"6720\" decoding=\"async\" data-nimg=\"1\" style=\"color:transparent;width:100%;height:auto;\"   src=\"https:\/\/www.europesays.com\/es\/wp-content\/uploads\/2025\/08\/sev-0629-689b007826cf3.jpg\" class=\"css-0 e1g79fud0\"\/><\/p>\n<p>Eller Studio<\/p>\n<p><img draggable=\"true\" alt=\"casa en roma\" title=\"casa en roma\" loading=\"lazy\" width=\"4480\" height=\"6720\" decoding=\"async\" data-nimg=\"1\" style=\"color:transparent;width:100%;height:auto;\"   src=\"https:\/\/www.europesays.com\/es\/wp-content\/uploads\/2025\/08\/sev-0584-689b009975ae5.jpg\" class=\"css-0 e1g79fud0\"\/><\/p>\n<p>Eller Studio<\/p>\n<p><img draggable=\"true\" alt=\"casa en roma\" title=\"casa en roma\" loading=\"lazy\" width=\"4480\" height=\"6720\" decoding=\"async\" data-nimg=\"1\" style=\"color:transparent;width:100%;height:auto;\"   src=\"https:\/\/www.europesays.com\/es\/wp-content\/uploads\/2025\/08\/sev-0514-689b008698f79.jpg\" class=\"css-0 e1g79fud0\"\/><\/p>\n<p>Eller Studio<\/p>\n<p data-journey-content=\"true\" data-node-id=\"21\" class=\"css-i9p093 emevuu60\"><a href=\"https:\/\/www.mariaadelesavioli.it\/\" target=\"_blank\" rel=\"nofollow noopener\" data-vars-ga-outbound-link=\"https:\/\/www.mariaadelesavioli.it\/\" data-vars-ga-ux-element=\"Hyperlink\" data-vars-ga-call-to-action=\"www.mariaadelesavioli.it\" data-node-id=\"21.0.0\" class=\"body-link css-15fjk10 emevuu60\">www.mariaadelesavioli.it<\/a><\/p>\n<p>Los temas m\u00e1s vistos<img src=\"https:\/\/www.europesays.com\/es\/wp-content\/uploads\/2025\/08\/7ffc8884-8cd8-409c-8495-02a57a523805_1660891687.file\" alt=\"Headshot of Eduardo Infante\" title=\"Headshot of Eduardo Infante\" width=\"100%\" height=\"100%\" decoding=\"async\" loading=\"lazy\" class=\"css-o0wq4v ev8dhu53\"\/><\/p>\n<p>\u00a0<a href=\" https:\/\/www.linkedin.com\/in\/eduardo-infante-mart%C3%ADn-16468a27\/\">Eduardo Infante<\/a> es periodista especializado en estilo de vida, concretamente en temas de dise\u00f1o, interiorismo, arquitectura, artesan\u00eda y decoraci\u00f3n.\u00a0<\/p>\n<p>\u00a0Desde hace casi una d\u00e9cada ha centrado su carrera en seleccionar y escribir sobre las novedades m\u00e1s interesantes en estos campos: desde la reforma de una vivienda a la inauguraci\u00f3n de un nuevo hotel, pasando por la \u00faltima colecci\u00f3n de muebles outdoor o el lanzamiento de un libro especializado.\u00a0<\/p>\n<p>\u00a0Licenciado en Periodismo en la Universidad del Pa\u00eds Vasco, antes de formar parte del equipo de Elle Decor Espa\u00f1a ha trabajado como redactor en AD Espa\u00f1a, la revista Tentaciones o la agencia Europa Press. Como colaborador, su firma ha sido habitual en medios como El Pa\u00eds, Arquitectura y Dise\u00f1o, Vanity Fair o El Confidencial.\u00a0<\/p>\n<p>\u00a0Adem\u00e1s de su trabajo como periodista, Eduardo Infante ha trabajado como consultor de comunicaci\u00f3n y content curator para estudios de interiorismo y arquitectura y como copy creativo para marcas del sector. Tambi\u00e9n ha impartido clases en varios cursos dirigidos a profesionales del interiorismo y es profesor de la asignatura de Comunicaci\u00f3n de Proyecto en el M\u00e1ster de Interiorismo de IED Madrid.\u00a0<\/p>\n<p>\u00a0En sus ratos libres, se declara fan fatal de Los Simpson, los podcasts de true crime, la m\u00fasica Italo Disco y el vermut.\u00a0<\/p>\n","protected":false},"excerpt":{"rendered":"Esposizione Universale Roma, tambi\u00e9n conocido como EUR, es un barrio racionalista de Roma al suroeste de la ciudad.&hellip;\n","protected":false},"author":2,"featured_media":51867,"comment_status":"","ping_status":"","sticky":false,"template":"","format":"standard","meta":{"footnotes":""},"categories":[173],"tags":[229,233,231,230,232,253,234,146,147,25,24,23],"class_list":{"0":"post-51866","1":"post","2":"type-post","3":"status-publish","4":"format-standard","5":"has-post-thumbnail","7":"category-arte-y-diseno","8":"tag-arte","9":"tag-arte-y-diseno","10":"tag-arts","11":"tag-arts-and-design","12":"tag-design","13":"tag-discover","14":"tag-diseno","15":"tag-entertainment","16":"tag-entretenimiento","17":"tag-es","18":"tag-espana","19":"tag-spain"},"share_on_mastodon":{"url":"","error":""},"_links":{"self":[{"href":"https:\/\/www.europesays.com\/es\/wp-json\/wp\/v2\/posts\/51866","targetHints":{"allow":["GET"]}}],"collection":[{"href":"https:\/\/www.europesays.com\/es\/wp-json\/wp\/v2\/posts"}],"about":[{"href":"https:\/\/www.europesays.com\/es\/wp-json\/wp\/v2\/types\/post"}],"author":[{"embeddable":true,"href":"https:\/\/www.europesays.com\/es\/wp-json\/wp\/v2\/users\/2"}],"replies":[{"embeddable":true,"href":"https:\/\/www.europesays.com\/es\/wp-json\/wp\/v2\/comments?post=51866"}],"version-history":[{"count":0,"href":"https:\/\/www.europesays.com\/es\/wp-json\/wp\/v2\/posts\/51866\/revisions"}],"wp:featuredmedia":[{"embeddable":true,"href":"https:\/\/www.europesays.com\/es\/wp-json\/wp\/v2\/media\/51867"}],"wp:attachment":[{"href":"https:\/\/www.europesays.com\/es\/wp-json\/wp\/v2\/media?parent=51866"}],"wp:term":[{"taxonomy":"category","embeddable":true,"href":"https:\/\/www.europesays.com\/es\/wp-json\/wp\/v2\/categories?post=51866"},{"taxonomy":"post_tag","embeddable":true,"href":"https:\/\/www.europesays.com\/es\/wp-json\/wp\/v2\/tags?post=51866"}],"curies":[{"name":"wp","href":"https:\/\/api.w.org\/{rel}","templated":true}]}}