{"id":51870,"date":"2025-08-16T17:39:10","date_gmt":"2025-08-16T17:39:10","guid":{"rendered":"https:\/\/www.europesays.com\/es\/51870\/"},"modified":"2025-08-16T17:39:10","modified_gmt":"2025-08-16T17:39:10","slug":"te-doy-mi-palabra-de-honor","status":"publish","type":"post","link":"https:\/\/www.europesays.com\/es\/51870\/","title":{"rendered":"Te doy mi palabra de honor"},"content":{"rendered":"<p class=\"article-text\">\n        Los bomberos forestales han aprovechado la oleada de incendios que est\u00e1 arrasando el noroeste de Espa\u00f1a (con varios muertos y miles de hect\u00e1reas quemadas) para entonar una <a href=\"https:\/\/www.eldiario.es\/sociedad\/privatizacion-sueldos-bajos-contratos-temporales-incendios-destapan-precariedad-bomberos-forestales_1_12532904.html\" target=\"_blank\" data-mrf-recirculation=\"links-noticia\" class=\"link\" rel=\"nofollow noopener\">reclamaci\u00f3n hist\u00f3rica<\/a> que pocas veces ha sido escuchada: <strong>mejores condiciones laborales, m\u00e1s planes de prevenci\u00f3n y el fin de la privatizaci\u00f3n del servicio<\/strong>.\n    <\/p>\n<p>    <a href=\"https:\/\/www.eldiario.es\/noticias\/jesus-calleja-rompe-llorar-incendio-las-medulas-volando-voy-todo-se-ha-quemado_1_12537282.html\" data-mrf-recirculation=\"saber-mas\" data-dl-event=\"saber-mas\" rel=\"nofollow noopener\" target=\"_blank\"><\/p>\n<p class=\"know-more__title\">Jes\u00fas Calleja rompe a llorar por el incendio de Las M\u00e9dulas, donde grab\u00f3 &#8216;Volando voy&#8217;: \u00abLo que visteis se ha quemado\u00bb<\/p>\n<p>            <img decoding=\"async\" class=\"lazy\" loading=\"lazy\" data-src=\"https:\/\/static.eldiario.es\/clip\/b64e5c4f-af01-42d8-80cc-2e56d82b9554_16-9-aspect-ratio_default_0.jpg\" src=\"data:image\/svg+xml,%3Csvg xmlns=\" http:=\"\" viewbox=\"0 0 880 495\" alt=\"Jes\u00fas Calleja rompe a llorar por el incendio de Las M\u00e9dulas, donde grab\u00f3 'Volando voy': &quot;Lo que visteis se ha quemado&quot;\"\/><\/p>\n<p>                        <\/a><\/p>\n<p class=\"article-text\">\n        Tres de ellos fueron entrevistados este jueves en<strong> Ma\u00f1aneros 360<\/strong> (La 1). <strong>\u00c1ngel Malanda<\/strong> (bombero de Castilla y Le\u00f3n), <strong>Crist\u00f3bal Lend\u00ednez<\/strong> (Ja\u00e9n) y <strong>Jes\u00fas Molina<\/strong> (Madrid) tuvieron la oportunidad de exponer todas sus peticiones ante los espectadores de TVE.\n    <\/p>\n<p class=\"article-text\">\n        El programa les dio voz durante buena parte de la emisi\u00f3n. Con ellos se analiz\u00f3 lo que est\u00e1 pasando este verano, lo que ha pasado durante muchos a\u00f1os y lo que pasar\u00e1 si no se mejoran los operativos de prevenci\u00f3n y extinci\u00f3n de incendios.\n    <\/p>\n<blockquote class=\"twitter-tweet\" data-lang=\"es\"><p><a href=\"https:\/\/twitter.com\/X\/status\/1955939193344917816?ref_src=twsrc%5Etfw\" rel=\"nofollow noopener\" target=\"_blank\"><\/p><\/blockquote>\n<p class=\"article-text\">\n        Al acabar la entrevista, \u00c1ngel puso sobre la mesa otro debate m\u00e1s: las condiciones de los bomberos son un debate pasajero e interesan ahora porque los fuegos est\u00e1n activos. <strong>\u201cHoy os acord\u00e1is de nosotros, pero el mes que viene, cuando esto se acabe, volveremos a lo mismo\u201d<\/strong>, lament\u00f3.\n    <\/p>\n<p class=\"article-text\">\n        Al escuchar esta queja, el presentador de Ma\u00f1aneros 360, <strong>Javier Ruiz<\/strong>, se comprometi\u00f3 a retomar el tema m\u00e1s adelante, en invierno, cuando ya no sea una urgencia.\n    <\/p>\n<p>    <a href=\"https:\/\/www.eldiario.es\/vertele\/noticias\/lasexta-noticias-bulo-cambio-climatico-manipulacion-colores-mapas-tiempo-avisos-temperaturas_1_12538374.html\" data-mrf-recirculation=\"saber-mas-abajo\" data-dl-event=\"saber-mas-abajo\" rel=\"nofollow noopener\" target=\"_blank\"><\/p>\n<p class=\"know-more__title\">&#8216;laSexta Noticias&#8217; tumba un bulo recurrente sobre el cambio clim\u00e1tico: \u201cEste tiene que ver con nosotros\u201d<\/p>\n<p>            <img decoding=\"async\" class=\"lazy\" loading=\"lazy\" data-src=\"https:\/\/static.eldiario.es\/clip\/12f28ff6-49dc-4d88-94e1-0bcf814cf093_16-9-aspect-ratio_default_0.jpg\" src=\"data:image\/svg+xml,%3Csvg xmlns=\" http:=\"\" viewbox=\"0 0 880 495\" alt=\"'laSexta Noticias' tumba un bulo recurrente sobre el cambio clim\u00e1tico: &quot;Este tiene que ver con nosotros&quot;\"\/><\/p>\n<p>                        <\/a><\/p>\n<p class=\"article-text\">\n        \u201c\u00c1ngel, si uno sigue aqu\u00ed, que esto de los empleos temporales es para todos, te doy mi palabra de honor que este invierno hablaremos\u201d, le dijo. \u201cLo que estamos hablando hoy no es solo la urgencia de la \u00faltima hora, es el debate de fondo de los servicios p\u00fablicos\u201d, a\u00f1adi\u00f3 en referencia a otros sectores fundamentales del Estado como \u201csanidad y educaci\u00f3n\u201d, afectados tambi\u00e9n por la falta de recursos. \u201cLo que intentamos ense\u00f1arle hoy al pa\u00eds son las condiciones de precariedad en las que trabaj\u00e1is\u201d, defendi\u00f3. Ma\u00f1aneros 360 retomar\u00e1 el tema en invierno: <strong>\u201cTienes mi palabra de honor de esto\u201d<\/strong>, insisti\u00f3 el periodista de TVE.\n    <\/p>\n<blockquote class=\"twitter-tweet\" data-lang=\"es\"><p><a href=\"https:\/\/twitter.com\/X\/status\/1955939864991453550?ref_src=twsrc%5Etfw\" rel=\"nofollow noopener\" target=\"_blank\"><\/p><\/blockquote>\n<p>                                <script async src=\"https:\/\/platform.twitter.com\/widgets.js\" charset=\"utf-8\"><\/script><\/p>\n","protected":false},"excerpt":{"rendered":"Los bomberos forestales han aprovechado la oleada de incendios que est\u00e1 arrasando el noroeste de Espa\u00f1a (con varios&hellip;\n","protected":false},"author":2,"featured_media":51871,"comment_status":"","ping_status":"","sticky":false,"template":"","format":"standard","meta":{"footnotes":""},"categories":[171],"tags":[52,1625,22913,146,147,25,24,9228,5264,16116,3128,14268,518,5106,23,214],"class_list":{"0":"post-51870","1":"post","2":"type-post","3":"status-publish","4":"format-standard","5":"has-post-thumbnail","7":"category-tv","8":"tag-bombero","9":"tag-compromiso","10":"tag-doy","11":"tag-entertainment","12":"tag-entretenimiento","13":"tag-es","14":"tag-espana","15":"tag-honor","16":"tag-javier","17":"tag-mananeros","18":"tag-palabra","19":"tag-queja","20":"tag-rtve","21":"tag-ruiz","22":"tag-spain","23":"tag-tv"},"share_on_mastodon":{"url":"","error":""},"_links":{"self":[{"href":"https:\/\/www.europesays.com\/es\/wp-json\/wp\/v2\/posts\/51870","targetHints":{"allow":["GET"]}}],"collection":[{"href":"https:\/\/www.europesays.com\/es\/wp-json\/wp\/v2\/posts"}],"about":[{"href":"https:\/\/www.europesays.com\/es\/wp-json\/wp\/v2\/types\/post"}],"author":[{"embeddable":true,"href":"https:\/\/www.europesays.com\/es\/wp-json\/wp\/v2\/users\/2"}],"replies":[{"embeddable":true,"href":"https:\/\/www.europesays.com\/es\/wp-json\/wp\/v2\/comments?post=51870"}],"version-history":[{"count":0,"href":"https:\/\/www.europesays.com\/es\/wp-json\/wp\/v2\/posts\/51870\/revisions"}],"wp:featuredmedia":[{"embeddable":true,"href":"https:\/\/www.europesays.com\/es\/wp-json\/wp\/v2\/media\/51871"}],"wp:attachment":[{"href":"https:\/\/www.europesays.com\/es\/wp-json\/wp\/v2\/media?parent=51870"}],"wp:term":[{"taxonomy":"category","embeddable":true,"href":"https:\/\/www.europesays.com\/es\/wp-json\/wp\/v2\/categories?post=51870"},{"taxonomy":"post_tag","embeddable":true,"href":"https:\/\/www.europesays.com\/es\/wp-json\/wp\/v2\/tags?post=51870"}],"curies":[{"name":"wp","href":"https:\/\/api.w.org\/{rel}","templated":true}]}}