{"id":518802,"date":"2026-04-26T18:06:26","date_gmt":"2026-04-26T18:06:26","guid":{"rendered":"https:\/\/www.europesays.com\/es\/518802\/"},"modified":"2026-04-26T18:06:26","modified_gmt":"2026-04-26T18:06:26","slug":"el-presidente-andaluz-centra-su-precampana-en-actos-festivos-a-tres-semanas-de-las-urnas-elecciones-andalucia","status":"publish","type":"post","link":"https:\/\/www.europesays.com\/es\/518802\/","title":{"rendered":"El presidente andaluz centra su precampa\u00f1a en actos festivos a tres semanas de las urnas | Elecciones Andaluc\u00eda"},"content":{"rendered":"<p class=\"\">En plena precampa\u00f1a para los comicios del 17M, el presidente andaluz, Juan Manuel Moreno Bonilla, sigue utilizando las principales ferias y tradiciones populares como principal plataforma electoral. Despu\u00e9s de exhibirse en los desfiles procesionales de casi todas la provincias en Semana Santa y de prolongar su idilio festivo en la Feria de Abril de Sevilla, Moreno ha decidido ahora hacerse romero consciente de que las romer\u00edas son la principal manifestaci\u00f3n del acervo popular andaluz.<\/p>\n<p class=\"\">Moreno ha visitado este domingo, en calidad de presidente de la Junta, la romer\u00eda de la Virgen de la Cabeza de And\u00fajar (Ja\u00e9n), considerada la m\u00e1s antigua de Espa\u00f1a y que el a\u00f1o que viene celebrar\u00e1 su 800\u00ba aniversario. All\u00ed, en el coraz\u00f3n de Sierra Morena y ante decenas de miles de peregrinos y visitantes de esta cita mariana, Moreno ha proclamado que la \u201csingularidad cultural y el fervor popular\u201d de esta manifestaci\u00f3n constituye \u201cuna de las m\u00e1ximas expresiones\u201d de Andaluc\u00eda. Esto, ha precisado a Canal Sur, contrasta con el debate en torno a \u201clas realidades nacionales de otras comunidades\u201d.<\/p>\n<p class=\"\">\u201cAqu\u00ed se mezcla el fervor popular con la devoci\u00f3n religiosa, como ocurre en tantas otras expresiones de Andaluc\u00eda, donde tambi\u00e9n se manifiesta esa uni\u00f3n de ambas cosas. Desde el respeto a los dem\u00e1s territorios de Espa\u00f1a, defiendo que Andaluc\u00eda expresa de una manera \u00fanica sus tradiciones y su fervor popular. Y por todo ello, creo sin duda que esta romer\u00eda es una de sus grandes manifestaciones\u201d, ha insistido despu\u00e9s Moreno en un comunicado.<\/p>\n<p class=\"\">Adem\u00e1s, el presidente ha destacado la importancia del trabajo conjunto entre administraciones para que la romer\u00eda pueda celebrarse de forma segura: \u201cEl entorno es precioso e impresionante. Ha llovido mucho y la primavera aqu\u00ed est\u00e1 frondosa, verde, y es un privilegio. Se concentran miles de personas y es fundamental la coordinaci\u00f3n entre administraciones. Lo que queremos es que la gente de And\u00fajar y todos los que nos visitan pasen una romer\u00eda inolvidable y sin incidentes\u201d.<\/p>\n<p><img alt=\"\" decoding=\"auto\" class=\"_re lazyload a_m-h\" height=\"288\"  width=\"414\"  src=\"https:\/\/www.europesays.com\/es\/wp-content\/uploads\/2026\/04\/DZMC3D4JEFNYLAGDX66AZNK5BY.jpg\" loading=\"lazy\" fetchpriority=\"low\"\/>El presidente de la Junta de Andaluc\u00eda, Juan Manuel Moreno, en la romer\u00eda de la Virgen de la Cabeza en And\u00fajar.Jos\u00e9 Manuel Pedrosa (EFE)<\/p>\n<p class=\"\">Finalmente, Moreno ha animado a participar en este tipo de manifestaciones populares: \u201cNo dejen de venir a And\u00fajar. Aqu\u00ed se disfruta de muchas cosas: de la gastronom\u00eda, la gente y, sobre todo, del fervor y la espiritualidad que te lleva a un espacio distinto. Todos los que vienen hasta aqu\u00ed sienten algo especial. Es una experiencia \u00fanica en el mundo\u201d.<\/p>\n<p class=\"\">Moreno, que visita por tercera vez esta popular romer\u00eda, ha llegado hasta el cerro del Cabezo tras la finalizaci\u00f3n de la misa y ha podido asistir a la salida de la procesi\u00f3n y saludar a numerosos miembros de las cofrad\u00edas. Seg\u00fan datos del Centro de Emergencias 112 de Andaluc\u00eda, desde el pasado viernes han sido m\u00e1s de 200 las incidencias registradas en esta celebraci\u00f3n, la mayor\u00eda por atenciones m\u00e9dicas de car\u00e1cter leve.<\/p>\n<p class=\"\">El s\u00e1bado, Moreno acudi\u00f3 a Almer\u00eda, donde dijo que ser\u00e1 un presidente de su partido al frente del Gobierno central quien inaugure el AVE entre Almer\u00eda y Murcia, ante los retrasos que arrastran las obras en esta infraestructura desde su planificaci\u00f3n actual. \u201cNo son capaces de hacerlo\u201d, manifest\u00f3 Moreno en un acto, donde lament\u00f3 que con Mariano Rajoy hubo un cronograma definido para acabar los trabajos en 2023. \u201cFue llegar el cambio y se paraliz\u00f3 (&#8230;) con los c\u00e1lculos que est\u00e1n haciendo los t\u00e9cnicos y las inversiones que se est\u00e1n haciendo ahora, no llegar\u00eda hasta el a\u00f1o 29\u2033. \u201cEso es lo que han hecho, nos lo vendan como nos lo vendan\u201d, remat\u00f3. <\/p>\n<p class=\"\">El candidato popular cuestion\u00f3 las inversiones por parte del Gobierno central en Andaluc\u00eda respecto a infraestructuras de comunicaciones, energ\u00e9ticas y en obras hidr\u00e1ulicas en beneficio de los agricultores, que han sufrido \u201cla peor sequ\u00eda de los \u00faltimos 30 o 40 a\u00f1os y no han contado con ninguna actuaci\u00f3n en este sentido\u201d, seg\u00fan sus cifras, inform\u00f3 Europa Press.<\/p>\n","protected":false},"excerpt":{"rendered":"En plena precampa\u00f1a para los comicios del 17M, el presidente andaluz, Juan Manuel Moreno Bonilla, sigue utilizando las&hellip;\n","protected":false},"author":2,"featured_media":518803,"comment_status":"","ping_status":"","sticky":false,"template":"","format":"standard","meta":{"footnotes":""},"categories":[5],"tags":[259,17,18,45690,25,24,13,14,11,3619,26166,26165,19,20,9,10,15,16,45688,23,12,21,22],"class_list":["post-518802","post","type-post","status-publish","format-standard","has-post-thumbnail","category-titulares","tag-andalucia","tag-breaking-news","tag-breakingnews","tag-elecciones-andaluzas","tag-es","tag-espana","tag-featured-news","tag-featurednews","tag-headlines","tag-jaen","tag-juan-manuel-moreno","tag-junta-andalucia","tag-latest-news","tag-latestnews","tag-news","tag-noticias","tag-noticias-destacadas","tag-noticiasdestacadas","tag-pp-a","tag-spain","tag-titulares","tag-ultimas-noticias","tag-ultimasnoticias"],"share_on_mastodon":{"url":"https:\/\/pubeurope.com\/@es\/116472341148528581","error":""},"_links":{"self":[{"href":"https:\/\/www.europesays.com\/es\/wp-json\/wp\/v2\/posts\/518802","targetHints":{"allow":["GET"]}}],"collection":[{"href":"https:\/\/www.europesays.com\/es\/wp-json\/wp\/v2\/posts"}],"about":[{"href":"https:\/\/www.europesays.com\/es\/wp-json\/wp\/v2\/types\/post"}],"author":[{"embeddable":true,"href":"https:\/\/www.europesays.com\/es\/wp-json\/wp\/v2\/users\/2"}],"replies":[{"embeddable":true,"href":"https:\/\/www.europesays.com\/es\/wp-json\/wp\/v2\/comments?post=518802"}],"version-history":[{"count":0,"href":"https:\/\/www.europesays.com\/es\/wp-json\/wp\/v2\/posts\/518802\/revisions"}],"wp:featuredmedia":[{"embeddable":true,"href":"https:\/\/www.europesays.com\/es\/wp-json\/wp\/v2\/media\/518803"}],"wp:attachment":[{"href":"https:\/\/www.europesays.com\/es\/wp-json\/wp\/v2\/media?parent=518802"}],"wp:term":[{"taxonomy":"category","embeddable":true,"href":"https:\/\/www.europesays.com\/es\/wp-json\/wp\/v2\/categories?post=518802"},{"taxonomy":"post_tag","embeddable":true,"href":"https:\/\/www.europesays.com\/es\/wp-json\/wp\/v2\/tags?post=518802"}],"curies":[{"name":"wp","href":"https:\/\/api.w.org\/{rel}","templated":true}]}}